{"id":1382,"date":"2024-03-18T15:04:28","date_gmt":"2024-03-18T19:04:28","guid":{"rendered":"https:\/\/sites.smith.edu\/frn372-sp24\/?p=1382"},"modified":"2024-11-24T17:36:15","modified_gmt":"2024-11-24T22:36:15","slug":"laffaire-dreyfus","status":"publish","type":"post","link":"https:\/\/sites.smith.edu\/frn372-fa24\/laffaire-dreyfus\/","title":{"rendered":"L&#8217;Affaire Dreyfus"},"content":{"rendered":"<div class=\"wp-block-image\">\n<figure class=\"aligncenter size-large is-resized\"><img loading=\"lazy\" decoding=\"async\" width=\"1024\" height=\"667\" src=\"https:\/\/sites.smith.edu\/frn372-fa24\/wp-content\/uploads\/sites\/1111\/2024\/03\/Affaire-Dreyfus-Dreyfus-Zola-Esterhazy-carte-postale-BHVP-1024x667.jpg\" alt=\"Carte postale imprim\u00e9e en noir et blanc avec portraits de Dreyfus, Zola, Esterhazy\" class=\"wp-image-1390\" style=\"width:400px\" srcset=\"https:\/\/sites.smith.edu\/frn372-fa24\/wp-content\/uploads\/sites\/1111\/2024\/03\/Affaire-Dreyfus-Dreyfus-Zola-Esterhazy-carte-postale-BHVP-1024x667.jpg 1024w, https:\/\/sites.smith.edu\/frn372-fa24\/wp-content\/uploads\/sites\/1111\/2024\/03\/Affaire-Dreyfus-Dreyfus-Zola-Esterhazy-carte-postale-BHVP-300x195.jpg 300w, https:\/\/sites.smith.edu\/frn372-fa24\/wp-content\/uploads\/sites\/1111\/2024\/03\/Affaire-Dreyfus-Dreyfus-Zola-Esterhazy-carte-postale-BHVP-768x500.jpg 768w, https:\/\/sites.smith.edu\/frn372-fa24\/wp-content\/uploads\/sites\/1111\/2024\/03\/Affaire-Dreyfus-Dreyfus-Zola-Esterhazy-carte-postale-BHVP-1536x1001.jpg 1536w, https:\/\/sites.smith.edu\/frn372-fa24\/wp-content\/uploads\/sites\/1111\/2024\/03\/Affaire-Dreyfus-Dreyfus-Zola-Esterhazy-carte-postale-BHVP.jpg 1696w\" sizes=\"auto, (max-width: 1024px) 100vw, 1024px\" \/><figcaption class=\"wp-element-caption\">Carte postale, Dreyfus-Zola-Esterhazy (Biblioth\u00e8que historique de la Ville de Paris)<\/figcaption><\/figure>\n<\/div>\n\n\n<p class=\"has-text-align-center\"><a href=\"https:\/\/drive.google.com\/drive\/folders\/1_6qDQXcw22Tknp0mEAs-RcHjeVFnYh5C?usp=drive_link\" data-type=\"link\" data-id=\"https:\/\/drive.google.com\/drive\/folders\/1_6qDQXcw22Tknp0mEAs-RcHjeVFnYh5C?usp=drive_link\" target=\"_blank\" rel=\"noreferrer noopener\">Images de l&#8217;Affaire (Google Drive)<\/a><\/p>\n\n\n\n<hr class=\"wp-block-separator has-alpha-channel-opacity is-style-dots\" \/>\n\n\n\n<h2 class=\"wp-block-heading\">L&#8217;Arm\u00e9e et la R\u00e9publique \u2013 quelques dates<\/h2>\n\n\n\n<ul class=\"wp-block-list\">\n<li><strong>1852<\/strong> &#8211; l&#8217;Arm\u00e9e soutient le coup d&#8217;\u00e9tat de Louis-Napol\u00e9on Bonaparte (futur Napol\u00e9on III) et r\u00e9prime les manifestations<\/li>\n\n\n\n<li><strong>1870<\/strong> &#8211; d\u00e9faite dans la guerre franco-prussienne, perte de l&#8217;Alsace et de la Moselle<\/li>\n\n\n\n<li><strong>1871<\/strong> &#8211; l&#8217;Arm\u00e9e r\u00e9prime la Commune ; la r\u00e9publique radicale et sociale vs. la r\u00e9publique conservatrice ou mod\u00e9r\u00e9e<\/li>\n\n\n\n<li><strong>1870-1877<\/strong> &#8211; les conservateurs, les monarchistes, les catholiques dominent le gouvernement de la R\u00e9publique<\/li>\n\n\n\n<li><strong>1877<\/strong> &#8211; peur d&#8217;un coup d&#8217;\u00e9tat militaire et monarchiste apr\u00e8s une \u00e9lection o\u00f9 finalement de vrais r\u00e9publicains gagnent ; les r\u00e9publicains prennent le pouvoir<\/li>\n\n\n\n<li><strong>1879-1882<\/strong> &#8211; les premi\u00e8res lois sur la la\u00efcit\u00e9 ; \u00e9ducation gratuite, obligatoire, et la\u00efque<\/li>\n\n\n\n<li><strong>1889<\/strong> &#8211; menace de coup d&#8217;\u00e9tat par le G\u00e9n\u00e9ral Boulanger, soutenu par les milieux conservateurs et catholiques<\/li>\n\n\n\n<li><strong>1891<\/strong> &#8211; des soldats fusillent des gr\u00e9vistes \u00e0 Fourmies ; l&#8217;Arm\u00e9e sert souvent \u00e0 r\u00e9primer des mouvements ouvriers pendant ces d\u00e9cennies<\/li>\n\n\n\n<li><strong>1894<\/strong> &#8211; premier proc\u00e8s de Dreyfus<\/li>\n<\/ul>\n\n\n\n<hr class=\"wp-block-separator has-alpha-channel-opacity is-style-dots\" \/>\n\n\n\n<h2 class=\"wp-block-heading\">La soci\u00e9t\u00e9 fran\u00e7aise pendant l&#8217;Affaire<\/h2>\n\n\n\n<blockquote class=\"wp-block-quote has-small-font-size is-layout-flow wp-block-quote-is-layout-flow\">\n<p style=\"font-size:16px\">[&#8230;] Jews, Protestants and Catholics alike all evoked the religious struggles of the Ancien R\u00e9gime to strengthen their resolve. Religious ideas found their way into literary debate, the occult and spiritualism impinged on nationalism, and both sides borrowed across the science\/religion divide. <strong>Indeed, rather than marking the final triumph of secularism, the Affair demonstrates the integral role of religion in the conflicts of &#8216;modernity&#8217;<\/strong>. [&#8230;]<\/p>\n\n\n\n<p style=\"font-size:16px\">If the Dreyfus Affair started as the business of an elite, <strong>it became the obsession of many<\/strong>. A variety of sources illuminate the connections between individual and group psychology: <strong>newspaper polemics, memoirs, postcards, posters, printed volumes and tens of thousands of letters written during and after the Affair<\/strong>. [&#8230;] <\/p>\n\n\n\n<p style=\"font-size:16px\">[During the latter half of the Affair] doubts about the authenticity of the <em>bordereau<\/em> mushroomed into <strong>a struggle in which questions of literature, morality, education, psychology, sociology and science all became deeply politicized<\/strong>.   <\/p>\n<cite>Ruth Harris, Dreyfus: Politics, Emotion, and the Scandal of the Century (2010), pp. 10, 11, 12<\/cite><\/blockquote>\n\n\n\n<hr class=\"wp-block-separator has-alpha-channel-opacity is-style-dots\" \/>\n\n\n\n<h2 class=\"wp-block-heading\">L&#8217;Affaire et les foules<\/h2>\n\n\n\n<blockquote class=\"wp-block-quote has-small-font-size is-layout-flow wp-block-quote-is-layout-flow\">\n<p style=\"font-size:16px\">Quand aux <strong>publics de haine<\/strong>, nous les connaissons aussi, et le mal qu&#8217;ils font ou qu&#8217;ils font faire est bien sup\u00e9rieur aux ravages exerc\u00e9s par les foules furieuses. Le public est une foule beaucoup moins aveugle et beaucoup plus durable, dont la rage plus perspicace s&#8217;amasse et se soutient pendant des mois et des ann\u00e9es. [&#8230;] <strong>Car il y a assur\u00e9ment des publics criminels, f\u00e9roces, alt\u00e9r\u00e9s de sang, comme il y a des foules criminelles<\/strong> [&#8230;] (pp. 48-49)<\/p>\n\n\n\n<p style=\"font-size:16px\">Les foules ne sont pas seulement <strong>cr\u00e9dules<\/strong>, <strong>elles sont folles<\/strong>. (p. 55)<\/p>\n\n\n\n<p style=\"font-size:16px\">Le plus souvent, quand une foule commet des crimes [&#8230;] il y a derri\u00e8re elle un public qui la meut. [&#8230;] C&#8217;est presque toujours de complicit\u00e9 avec <strong>un public sc\u00e9l\u00e9rat<\/strong>, d\u00e8s l&#8217;\u00e9poque o\u00f9 le public commen\u00e7ait \u00e0 na\u00eetre, que les plus grands crimes historiques ont \u00e9t\u00e9 commis [&#8230;] <strong>R\u00e8gle g\u00e9n\u00e9rale, ou \u00e0 peu pr\u00e8s: derri\u00e8re les foules criminelles il y a des publics plus criminels encore, et, \u00e0 la t\u00eate de ceux-ci, des publicistes [=<em>journalistes<\/em>] qui le sont encore plus<\/strong>. (pp. 57-58)<\/p>\n<cite>Tarde, \u00abLe public et la foule\u00bb, L&#8217;opinion et la foule (1898)<\/cite><\/blockquote>\n\n\n\n<hr class=\"wp-block-separator has-alpha-channel-opacity is-style-dots\" \/>\n\n\n\n<h2 class=\"wp-block-heading\">Ressources g\u00e9n\u00e9rales, explications historiques<\/h2>\n\n\n\n<ul class=\"wp-block-list\">\n<li>Lorraine Beitler Collection (UPenn): <a rel=\"noreferrer noopener\" href=\"https:\/\/pennds.org\/whowasalfreddreyfus\/exhibits\/show\/overview\/timeline\" target=\"_blank\">Brief Timeline of the Affair<\/a> and <a href=\"https:\/\/pennds.org\/whowasalfreddreyfus\/exhibits\/show\/overview\/characters\" data-type=\"link\" data-id=\"https:\/\/pennds.org\/whowasalfreddreyfus\/exhibits\/show\/overview\/characters\" target=\"_blank\" rel=\"noreferrer noopener\">Cast of Characters<\/a>\n<ul class=\"wp-block-list\">\n<li>Ce site h\u00e9berge \u00e9galement quelques images relatives \u00e0 l&#8217;affaire<\/li>\n<\/ul>\n<\/li>\n\n\n\n<li><a href=\"https:\/\/www.mahj.org\/fr\/parcours-permanent\/11-de-laffaire-dreyfus-la-premiere-guerre-mondiale\" target=\"_blank\" rel=\"noreferrer noopener\">L&#8217;Affaire Dreyfus (mahJ)<\/a><\/li>\n\n\n\n<li><a rel=\"noreferrer noopener\" href=\"https:\/\/www-retronews-fr.libproxy.smith.edu\/cycle\/laffaire-dreyfus-dans-la-presse\" target=\"_blank\">L&#8217;Affaire Dreyfus dans la presse (RetroNews)<\/a><\/li>\n\n\n\n<li><a href=\"https:\/\/histoire-image.org\/etudes\/antisemitisme-coeur-affaire-dreyfus\" data-type=\"link\" data-id=\"https:\/\/histoire-image.org\/etudes\/antisemitisme-coeur-affaire-dreyfus\" target=\"_blank\" rel=\"noreferrer noopener\">L&#8217;antis\u00e9mitisme au c\u0153ur de l&#8217;Affaire Dreyfus (Histoire par l&#8217;image)<\/a><\/li>\n\n\n\n<li><a rel=\"noreferrer noopener\" href=\"https:\/\/www-retronews-fr.libproxy.smith.edu\/politique\/chronique\/2022\/12\/08\/henry-meyer-se-rit-des-deputes-caricature\" target=\"_blank\">1898 : Henry Meyer se rit des d\u00e9put\u00e9s en pleine Affaire Dreyfus (RetroNews)<\/a><\/li>\n<\/ul>\n\n\n\n<h2 class=\"wp-block-heading\">Images dans la presse<\/h2>\n\n\n\n<ul class=\"wp-block-list\">\n<li>Sur <a href=\"https:\/\/bibliotheques-specialisees.paris.fr\/\" target=\"_blank\" rel=\"noreferrer noopener\">le site des Biblioth\u00e8ques sp\u00e9cialis\u00e9es de la Ville de Paris<\/a>, cherchez \u00abAffaire Dreyfus les journaux\u00bb et regardez les images num\u00e9ris\u00e9es<\/li>\n<\/ul>\n\n\n\n<h2 class=\"wp-block-heading\">Les \u00e9crivains-intellectuels et l&#8217;Affaire<\/h2>\n\n\n\n<ul class=\"wp-block-list\">\n<li>Mirbeau\n<ul class=\"wp-block-list\">\n<li><a rel=\"noreferrer noopener\" href=\"https:\/\/mirbeau.asso.fr\/dicomirbeau\/index.php?option=com_glossary&amp;id=147\" data-type=\"link\" data-id=\"https:\/\/mirbeau.asso.fr\/dicomirbeau\/index.php?option=com_glossary&amp;id=147\" target=\"_blank\">Mirbeau et l&#8217;Affaire Dreyfus (Dictionnaire Mirbeau)<\/a><\/li>\n\n\n\n<li><a href=\"https:\/\/www.societe-octave-mirbeau.org\/mirbeau-dreyfusard\/\" target=\"_blank\" rel=\"noreferrer noopener\">Mirbeau Dreyfusard (Soci\u00e9t\u00e9 Octave Mirbeau)<\/a><\/li>\n\n\n\n<li><a href=\"https:\/\/www-retronews-fr.libproxy.smith.edu\/arts\/echo-de-presse\/2018\/09\/07\/octave-mirbeau-linsoumis\" target=\"_blank\" rel=\"noreferrer noopener\">Octave Mirbeau, journaliste insoumis (RetroNews)<\/a><\/li>\n\n\n\n<li><a href=\"https:\/\/gallica.bnf.fr\/ark:\/12148\/bpt6k15215585\" target=\"_blank\" rel=\"noreferrer noopener\">Pr\u00e9face de Mirbeau \u00e0 un album \u00e0 l&#8217;honneur de Picquart [le soldat qui a essay\u00e9 de r\u00e9v\u00e9ler la v\u00e9rit\u00e9] (Gallica)<\/a><\/li>\n<\/ul>\n<\/li>\n\n\n\n<li>Zola\n<ul class=\"wp-block-list\">\n<li><a href=\"https:\/\/gallica.bnf.fr\/ark:\/12148\/bpt6k701453s\" target=\"_blank\" rel=\"noreferrer noopener\">J&#8217;accuse&#8230;! \u00e0 la une : <em>L&#8217;Aurore<\/em>, 13 janvier 1898<\/a><\/li>\n\n\n\n<li><a rel=\"noreferrer noopener\" href=\"https:\/\/www-retronews-fr.libproxy.smith.edu\/justice\/echo-de-presse\/2018\/01\/11\/jaccuse-de-zola-un-ecrivain-seul-face-la-justice\" target=\"_blank\">Zola: un \u00e9crivain seul face \u00e0 la justice (RetroNews)<\/a><\/li>\n\n\n\n<li><a href=\"https:\/\/gallica.bnf.fr\/blog\/05032018\/apres-jaccuse-les-proces-de-zola?mode=desktop\" data-type=\"link\" data-id=\"https:\/\/gallica.bnf.fr\/blog\/05032018\/apres-jaccuse-les-proces-de-zola?mode=desktop\" target=\"_blank\" rel=\"noreferrer noopener\">Apr\u00e8s &#8220;J&#8217;accuse&#8230;!&#8221;, les proc\u00e8s de Zola (Blog Gallica)<\/a><\/li>\n\n\n\n<li><a rel=\"noreferrer noopener\" href=\"https:\/\/www.facebook.com\/160752057668634\/photos\/a.161893994221107\/639473426463159\" target=\"_blank\">J&#8217;accuse&#8230;! aujourd&#8217;hui: Assa Traor\u00e9, Justice pour Adama (Facebook)<\/a><\/li>\n<\/ul>\n<\/li>\n<\/ul>\n\n\n\n<h3 class=\"wp-block-heading\">Les Dreyfusards<\/h3>\n\n\n\n<details class=\"wp-block-details is-layout-flow wp-block-details-is-layout-flow\"><summary>Zola, \u00ab M. Scheurer-Kestner \u00bb, article publi\u00e9 dans le <em>Figaro<\/em>, 25 novembre 1897 (article qui lance sa participation \u00e0 l&#8217;affaire) [cliquez pour ouvrir la citation]:<\/summary>\n<p class=\"has-small-font-size\"><strong>Quel drame poignant, et quels personnages superbes&nbsp;! <\/strong>Devant ces documents, d\u2019une beaut\u00e9 si tragique, que la vie nous apporte, <strong>mon c\u0153ur de romancier bondit d\u2019une admiration passionn\u00e9e<\/strong>. Je ne connais rien d\u2019une psychologie plus haute.<\/p>\n\n\n\n<p class=\"has-small-font-size\">Mon intention n\u2019est pas de parler de l\u2019affaire. Si des circonstances m\u2019ont permis de l\u2019\u00e9tudier et de me faire une opinion formelle, je n\u2019oublie pas qu\u2019une enqu\u00eate est ouverte, que la justice est saisie et que <strong>la simple honn\u00eatet\u00e9 est d\u2019attendre, sans ajouter \u00e0 l\u2019amas d\u2019abominables comm\u00e9rages dont on obstrue une affaire si claire et si simple<\/strong>.<\/p>\n\n\n\n<p class=\"has-small-font-size\">[&#8230;]<\/p>\n\n\n\n<p class=\"has-small-font-size\"><strong>M. Scheurer-Kestner est l\u00e0, avec sa vie de cristal. Placez donc en face de lui les autres, ceux qui l\u2019accusent et l\u2019insultent. Et jugez. Il faut choisir entre ceux-ci et celui-l\u00e0<\/strong>. Trouvez donc la raison qui le ferait agir, en dehors de son besoin si noble de <strong>v\u00e9rit\u00e9<\/strong> et de <strong>justice<\/strong>. Abreuv\u00e9 d\u2019injures, l\u2019\u00e2me d\u00e9chir\u00e9e, sentant trembler sous lui sa haute situation, pr\u00eat \u00e0 tout sacrifier pour mener \u00e0 bien son <strong>h\u00e9ro\u00efque t\u00e2che<\/strong>, il se tait, il attend. Et cela est d\u2019une extraordinaire grandeur.<\/p>\n\n\n\n<p class=\"has-small-font-size\">Je l\u2019ai dit, <strong>l\u2019affaire<\/strong> en elle-m\u00eame, je ne veux pas m\u2019en occuper. Pourtant, il faut que je le r\u00e9p\u00e8te : <strong>elle est la plus simple, la plus claire du monde<\/strong>, quand on veut bien la prendre pour ce qu\u2019elle est.<\/p>\n\n\n\n<p class=\"has-small-font-size\">Une <strong>erreur judiciaire<\/strong>, la chose est d\u2019une \u00e9ventualit\u00e9 d\u00e9plorable, mais toujours possible. <strong>Des magistrats se trompent, des militaires peuvent se tromper. En quoi l\u2019honneur de l\u2019arm\u00e9e est-il engag\u00e9 l\u00e0 dedans ?<\/strong> L\u2019unique beau r\u00f4le, s\u2019il y a eu une erreur commise, est de la r\u00e9parer ; et <strong>la faute ne commencerait que le jour o\u00f9 l\u2019on s\u2019ent\u00eaterait \u00e0 ne pas vouloir s\u2019\u00eatre tromp\u00e9, m\u00eame devant des preuves d\u00e9cisives<\/strong>. Au fond, il n\u2019y a pas d\u2019autre difficult\u00e9. <strong>Tout ira bien, lorsqu\u2019on sera d\u00e9cid\u00e9 \u00e0 reconna\u00eetre qu\u2019on a pu commettre une erreur et qu\u2019on a h\u00e9sit\u00e9 ensuite devant l\u2019ennui d\u2019en convenir. Ceux qui savent me comprendront<\/strong>.<\/p>\n<\/details>\n\n\n\n<div style=\"height:24px\" aria-hidden=\"true\" class=\"wp-block-spacer\"><\/div>\n\n\n\n<details class=\"wp-block-details is-layout-flow wp-block-details-is-layout-flow\"><summary>Zola dans la \u00ab Lettre \u00e0 la jeunesse \u00bb, brochure publi\u00e9e le 14 d\u00e9cembre 1897 [cliquez pour ouvrir la citation] :<\/summary>\n<p class=\"has-small-font-size\"><strong>Il n\u2019est pas d\u2019histoire plus simple<\/strong>. Un officier a \u00e9t\u00e9 condamn\u00e9, et personne ne songe \u00e0 suspecter la bonne foi des juges. Ils l\u2019ont frapp\u00e9 selon leur conscience, sur des preuves qu\u2019ils ont cru certaines. <strong>Puis, un jour, il arrive qu\u2019un homme, que plusieurs hommes ont des doutes<\/strong>, finissent par \u00eatre convaincus qu\u2019une des preuves, la plus importante, la seule du moins sur laquelle les juges se sont publiquement appuy\u00e9s, a \u00e9t\u00e9 faussement attribu\u00e9e au condamn\u00e9, que cette pi\u00e8ce est \u00e0 n\u2019en pas douter de la main d\u2019un autre. Et ils le disent, et cet autre est d\u00e9nonc\u00e9 par le fr\u00e8re du prisonnier, dont le strict devoir \u00e9tait de le faire ;<strong> et voil\u00e0, forc\u00e9ment, qu\u2019un nouveau proc\u00e8s commence, devant amener la r\u00e9vision du premier proc\u00e8s<\/strong>, s\u2019il y a condamnation. <strong>Est-ce que tout cela n\u2019est pas parfaitement clair, juste et raisonnable ?<\/strong> O\u00f9 y a-t-il, l\u00e0-dedans, une machination, un noir complot pour sauver un tra\u00eetre ? <strong>Le tra\u00eetre, on ne le nie pas, on veut seulement que ce soit un coupable et non un innocent qui expie le crime<\/strong>. <strong>Vous l\u2019aurez toujours, votre tra\u00eetre, et il ne s\u2019agit que de vous en donner un authentique<\/strong>.<\/p>\n\n\n\n<p class=\"has-small-font-size\"><strong>Un peu de bon sens ne devrait-il pas suffire ? <\/strong>\u00c0 quel mobile ob\u00e9iraient donc les hommes qui poursuivent la revision du proc\u00e8s Dreyfus ? \u00c9cartez <strong>l\u2019imb\u00e9cile antis\u00e9mitisme<\/strong>, dont la monomanie f\u00e9roce voit l\u00e0 un complot juif, l\u2019or juif s\u2019effor\u00e7ant de remplacer un juif par un chr\u00e9tien, dans la ge\u00f4le inf\u00e2me. <strong>Cela ne tient pas debout<\/strong>, les invraisemblances et les impossibilit\u00e9s croulent les unes sur les autres, tout l\u2019or de la terre n\u2019ach\u00e8terait pas certaines consciences. <strong>Et il faut bien en arriver \u00e0 la r\u00e9alit\u00e9, qui est l\u2019expansion naturelle, lente, invincible de toute erreur judiciaire. L\u2019histoire est l\u00e0. Une erreur judiciaire est une force en marche : des hommes de conscience sont conquis, sont hant\u00e9s, se d\u00e9vouent de plus en plus obstin\u00e9ment, risquent leur fortune et leur vie, jusqu\u2019\u00e0 ce que justice soit faite. Et il n\u2019y a pas d\u2019autre explication possible \u00e0 ce qui se passe aujourd\u2019hui, le reste n\u2019est qu\u2019abominables passions politiques et religieuses, que torrent d\u00e9bord\u00e9 de calomnies et d\u2019injures<\/strong>.<\/p>\n\n\n\n<div style=\"height:57px\" aria-hidden=\"true\" class=\"wp-block-spacer\"><\/div>\n<\/details>\n\n\n\n<div style=\"height:24px\" aria-hidden=\"true\" class=\"wp-block-spacer\"><\/div>\n\n\n\n<ul class=\"wp-block-list\">\n<li><a href=\"https:\/\/gallica.bnf.fr\/ark:\/12148\/bpt6k3258066\/f7.item.zoom\" target=\"_blank\" rel=\"noreferrer noopener\">Les D\u00e9fenseurs de la justice \u2013 recueil de portraits de Dreyfusards (Gallica BnF)<\/a><\/li>\n\n\n\n<li><a href=\"https:\/\/gallica.bnf.fr\/ark:\/12148\/bpt6k112804z\" data-type=\"link\" data-id=\"https:\/\/gallica.bnf.fr\/ark:\/12148\/bpt6k112804z\" target=\"_blank\" rel=\"noreferrer noopener\">S\u00e9verine,&nbsp;<em>Vers la lumi\u00e8re<\/em>&nbsp;\u2013 collection d&#8217;articles publi\u00e9s pendant l&#8217;Affaire&nbsp;(Gallica BnF)<\/a><\/li>\n\n\n\n<li><a rel=\"noreferrer noopener\" href=\"https:\/\/www-retronews-fr.libproxy.smith.edu\/justice\/echo-de-presse\/2019\/10\/09\/marie-georges-picquart\" target=\"_blank\">Marie-Georges Picquart, h\u00e9ros m\u00e9connu de l&#8217;affaire Dreyfus (RetroNews)<\/a><\/li>\n\n\n\n<li><a href=\"https:\/\/bibliotheques-specialisees.paris.fr\/ark:\/73873\/pf0001490094\/0006\/v0001\" target=\"_blank\" rel=\"noreferrer noopener\">Carte postale \u2013 Carte d&#8217;un lecteur \u00e0 Francisque Sarcey, journaliste anti-dreyfusard (BHVP)<\/a>\n<ul class=\"wp-block-list\">\n<li>\u00abMonsieur Sarcey, Vous devez \u00eatre content, vos amis semblent triompher. La v\u00e9rit\u00e9 est baillonn\u00e9e; la justice est prostitu\u00e9e; [&#8230;] Cependant il y a une chose que vous oubliez, c&#8217;est qu&#8217;une nation qui commet de tels crimes, en meurt. Il est entendu que vous n&#8217;avez pas de conscience; vous avez du moins votre paquet de responsabilit\u00e9s.\u00bb<\/li>\n<\/ul>\n<\/li>\n<\/ul>\n\n\n\n<h3 class=\"wp-block-heading\">Les Anti-Dreyfusards<\/h3>\n\n\n\n<div class=\"h5p-content\" data-content-id=\"136\"><\/div>\n\n\n\n<ul class=\"wp-block-list\">\n<li><a href=\"https:\/\/www-retronews-fr.libproxy.smith.edu\/politique\/echo-de-presse\/2018\/12\/06\/la-france-juive-de-drumont-pamphlet-antisemite\" target=\"_blank\" rel=\"noreferrer noopener\">La parution de La France juive, best-seller anti-s\u00e9mite et complotiste (RetroNews)<\/a>\n<ul class=\"wp-block-list\">\n<li><a rel=\"noreferrer noopener\" href=\"https:\/\/gallica.bnf.fr\/ark:\/12148\/btv1b90154631\" target=\"_blank\">Affiche \u2013 La France juive (Gallica BnF)<\/a><\/li>\n<\/ul>\n<\/li>\n\n\n\n<li><a href=\"https:\/\/www-retronews-fr.libproxy.smith.edu\/histoire-de-la-presse\/interview\/2023\/02\/16\/caricatures-de-laffaire-dreyfus\" data-type=\"link\" data-id=\"https:\/\/www-retronews-fr.libproxy.smith.edu\/histoire-de-la-presse\/interview\/2023\/02\/16\/caricatures-de-laffaire-dreyfus\" target=\"_blank\" rel=\"noreferrer noopener\">Les caricatures dans l&#8217;Affaire Dreyfus (RetroNews)<\/a><\/li>\n<\/ul>\n\n\n\n<h2 class=\"wp-block-heading\">Reproductions des textes manuscrits relatifs \u00e0 l&#8217;Affaire<\/h2>\n\n\n\n<ul class=\"wp-block-list\">\n<li><a href=\"https:\/\/bibliotheques-specialisees.paris.fr\/ark:\/73873\/pf0001490094\/0002\/v0001\" target=\"_blank\" rel=\"noreferrer noopener\">Carte postale \u2013 Une reproduction du bordereau [le morceau de papier d\u00e9chir\u00e9 retrouv\u00e9, \u00e9crit par l&#8217;espion] (BHVP)<\/a><\/li>\n\n\n\n<li><a rel=\"noreferrer noopener\" href=\"https:\/\/bibliotheques-specialisees.paris.fr\/ark:\/73873\/pf0001481918\/v0001\" target=\"_blank\">Carte postale \u2013 Facsimile d&#8217;une lettre du capitaine Dreyfus \u00e0 son \u00e9pouse (BHVP)<\/a><\/li>\n<\/ul>\n","protected":false},"excerpt":{"rendered":"<p>Images de l&#8217;Affaire (Google Drive) L&#8217;Arm\u00e9e et la R\u00e9publique \u2013 quelques dates La soci\u00e9t\u00e9 fran\u00e7aise pendant l&#8217;Affaire [&#8230;] Jews, Protestants and Catholics alike all evoked the religious struggles of the Ancien R\u00e9gime to strengthen their resolve. Religious ideas found their way into literary debate, the occult and spiritualism impinged on nationalism, and both sides borrowed&hellip; <a class=\"more-link\" href=\"https:\/\/sites.smith.edu\/frn372-fa24\/laffaire-dreyfus\/\">Continue reading <span class=\"screen-reader-text\">L&#8217;Affaire Dreyfus<\/span> <span class=\"meta-nav\" aria-hidden=\"true\">&rarr;<\/span><\/a><\/p>\n","protected":false},"author":4992,"featured_media":0,"comment_status":"open","ping_status":"closed","sticky":false,"template":"","format":"standard","meta":{"footnotes":""},"categories":[5,6,11],"tags":[],"class_list":["post-1382","post","type-post","status-publish","format-standard","hentry","category-ressources","category-supplements","category-unite4"],"_links":{"self":[{"href":"https:\/\/sites.smith.edu\/frn372-fa24\/wp-json\/wp\/v2\/posts\/1382","targetHints":{"allow":["GET"]}}],"collection":[{"href":"https:\/\/sites.smith.edu\/frn372-fa24\/wp-json\/wp\/v2\/posts"}],"about":[{"href":"https:\/\/sites.smith.edu\/frn372-fa24\/wp-json\/wp\/v2\/types\/post"}],"author":[{"embeddable":true,"href":"https:\/\/sites.smith.edu\/frn372-fa24\/wp-json\/wp\/v2\/users\/4992"}],"replies":[{"embeddable":true,"href":"https:\/\/sites.smith.edu\/frn372-fa24\/wp-json\/wp\/v2\/comments?post=1382"}],"version-history":[{"count":11,"href":"https:\/\/sites.smith.edu\/frn372-fa24\/wp-json\/wp\/v2\/posts\/1382\/revisions"}],"predecessor-version":[{"id":3742,"href":"https:\/\/sites.smith.edu\/frn372-fa24\/wp-json\/wp\/v2\/posts\/1382\/revisions\/3742"}],"wp:attachment":[{"href":"https:\/\/sites.smith.edu\/frn372-fa24\/wp-json\/wp\/v2\/media?parent=1382"}],"wp:term":[{"taxonomy":"category","embeddable":true,"href":"https:\/\/sites.smith.edu\/frn372-fa24\/wp-json\/wp\/v2\/categories?post=1382"},{"taxonomy":"post_tag","embeddable":true,"href":"https:\/\/sites.smith.edu\/frn372-fa24\/wp-json\/wp\/v2\/tags?post=1382"}],"curies":[{"name":"wp","href":"https:\/\/api.w.org\/{rel}","templated":true}]}}