{"id":1393,"date":"2024-03-18T12:05:55","date_gmt":"2024-03-18T16:05:55","guid":{"rendered":"https:\/\/sites.smith.edu\/frn372-sp24\/?p=1393"},"modified":"2024-11-06T15:08:16","modified_gmt":"2024-11-06T20:08:16","slug":"la-commune-de-paris","status":"publish","type":"post","link":"https:\/\/sites.smith.edu\/frn372-fa24\/la-commune-de-paris\/","title":{"rendered":"La Commune de Paris"},"content":{"rendered":"<div class=\"wp-block-image\">\n<figure class=\"aligncenter size-large is-resized\"><img loading=\"lazy\" decoding=\"async\" width=\"688\" height=\"1024\" src=\"https:\/\/sites.smith.edu\/frn372-fa24\/wp-content\/uploads\/sites\/1111\/2024\/03\/1883.-Affiche-pour-panorama-La-Commune-de-Paris-1871-26-rue-de-Bondy-Emile-Levy-Gallica-688x1024.jpeg\" alt=\"Un jeune homme habill\u00e9 en bleu et en rouge brandissant un drapeau rouge surmonte une barricade, en bas de laquelle des cadavres gisent. Paris br\u00fble au fond.\" class=\"wp-image-1395\" style=\"width:400px\" srcset=\"https:\/\/sites.smith.edu\/frn372-fa24\/wp-content\/uploads\/sites\/1111\/2024\/03\/1883.-Affiche-pour-panorama-La-Commune-de-Paris-1871-26-rue-de-Bondy-Emile-Levy-Gallica-688x1024.jpeg 688w, https:\/\/sites.smith.edu\/frn372-fa24\/wp-content\/uploads\/sites\/1111\/2024\/03\/1883.-Affiche-pour-panorama-La-Commune-de-Paris-1871-26-rue-de-Bondy-Emile-Levy-Gallica-202x300.jpeg 202w, https:\/\/sites.smith.edu\/frn372-fa24\/wp-content\/uploads\/sites\/1111\/2024\/03\/1883.-Affiche-pour-panorama-La-Commune-de-Paris-1871-26-rue-de-Bondy-Emile-Levy-Gallica-768x1143.jpeg 768w, https:\/\/sites.smith.edu\/frn372-fa24\/wp-content\/uploads\/sites\/1111\/2024\/03\/1883.-Affiche-pour-panorama-La-Commune-de-Paris-1871-26-rue-de-Bondy-Emile-Levy-Gallica.jpeg 1024w\" sizes=\"auto, (max-width: 688px) 100vw, 688px\" \/><figcaption class=\"wp-element-caption\">Affiche pour une peinture panoramique de la Commune de 1871, en 1883<\/figcaption><\/figure>\n<\/div>\n\n\n<div style=\"height:18px\" aria-hidden=\"true\" class=\"wp-block-spacer\"><\/div>\n\n\n\n<h2 class=\"wp-block-heading\">Histoire et contexte<\/h2>\n\n\n\n<blockquote class=\"wp-block-quote has-small-font-size is-layout-flow wp-block-quote-is-layout-flow\">\n<p style=\"font-size:15px\">Le 26 janvier 1871, l\u2019armistice franco-allemand est conclue dans la douleur et l\u2019humiliation. Le peuple parisien qui a lutt\u00e9 durant quatre mois contre les soldats prussiens pendant le si\u00e8ge de Paris se sent trahi. Les Prussiens d\u00e9filent dans la capitale le 1er mars et le peuple gronde.<\/p>\n\n\n\n<p style=\"font-size:15px\">Le gouvernement d\u2019Adolphe Thiers compos\u00e9 de monarchistes et de conservateurs d\u00e9cide de si\u00e9ger \u00e0 Versailles. Il prend des mesures \u00e9conomiques qui ancre plus encore le peuple dans la pauvret\u00e9. La situation est explosive.<\/p>\n\n\n\n<p style=\"font-size:15px\">Le 18 mars 1871, Adolphe Thiers, chef du gouvernement, envoie l\u2019arm\u00e9e r\u00e9cup\u00e9rer les canons de Paris entrepos\u00e9s sur la butte Montmartre. Ces canons avaient \u00e9t\u00e9 pay\u00e9s par les Parisiens avec des souscriptions pour d\u00e9fendre Paris contre les Prussiens et ils vivent tr\u00e8s mal cette d\u00e9cision.<\/p>\n\n\n\n<p style=\"font-size:15px\">Les Parisiens font barrage et les soldats refusent de tirer sur la foule. Les barricades sont \u00e9rig\u00e9es dans la ville et Thiers s\u2019enfuit \u00e0 Versailles.<\/p>\n\n\n\n<p style=\"font-size:15px\">Les Parisiens organisent alors des \u00e9lections. La Commune est proclam\u00e9e le 26 mars place de l\u2019H\u00f4tel de Ville et est compos\u00e9e d\u2019ouvriers, d\u2019artisans, d\u2019employ\u00e9s, de journaliers\u2026 Ils sont r\u00e9publicains, socialistes, anarchistes.<\/p>\n\n\n\n<p style=\"font-size:15px\">Le 21 mai 1871, les troupes versaillaises conduites par les g\u00e9n\u00e9raux Mac Mahon et Galliffet entrent dans la ville pour la reprendre aux insurg\u00e9s (appel\u00e9s aussi f\u00e9d\u00e9r\u00e9s) . C\u2019est le d\u00e9but de la \u00ab Semaine sanglante \u00bb qui s\u2019ach\u00e8ve le 28 mai 1871 et compte plus de 20 000 victimes et pr\u00e8s de 38 000 arrestations.<\/p>\n<cite><a href=\"https:\/\/histoire-image.org\/albums\/commune-paris\" target=\"_blank\" rel=\"noreferrer noopener\">La Commune de Paris, Histoire par l&#8217;image<\/a><\/cite><\/blockquote>\n\n\n\n<h3 class=\"wp-block-heading\">La guerre et le si\u00e8ge de Paris<\/h3>\n\n\n<div class=\"wp-block-image is-style-default\">\n<figure class=\"aligncenter size-large is-resized\"><img loading=\"lazy\" decoding=\"async\" width=\"752\" height=\"1024\" src=\"https:\/\/sites.smith.edu\/frn372-fa24\/wp-content\/uploads\/sites\/1111\/2024\/04\/1870-71.-Cham-Les-animaux-du-jardin-des-plantes-faisant-queue-comme-tout-le-monde-752x1024.jpeg\" alt=\"Un ours et un lion font la queue devant une boucherie; une dame regarde l'ours, \u00e9tonn\u00e9e\" class=\"wp-image-1548\" style=\"aspect-ratio:0.734375;width:404px;height:auto\" srcset=\"https:\/\/sites.smith.edu\/frn372-fa24\/wp-content\/uploads\/sites\/1111\/2024\/04\/1870-71.-Cham-Les-animaux-du-jardin-des-plantes-faisant-queue-comme-tout-le-monde-752x1024.jpeg 752w, https:\/\/sites.smith.edu\/frn372-fa24\/wp-content\/uploads\/sites\/1111\/2024\/04\/1870-71.-Cham-Les-animaux-du-jardin-des-plantes-faisant-queue-comme-tout-le-monde-220x300.jpeg 220w, https:\/\/sites.smith.edu\/frn372-fa24\/wp-content\/uploads\/sites\/1111\/2024\/04\/1870-71.-Cham-Les-animaux-du-jardin-des-plantes-faisant-queue-comme-tout-le-monde-768x1046.jpeg 768w, https:\/\/sites.smith.edu\/frn372-fa24\/wp-content\/uploads\/sites\/1111\/2024\/04\/1870-71.-Cham-Les-animaux-du-jardin-des-plantes-faisant-queue-comme-tout-le-monde.jpeg 1024w\" sizes=\"auto, (max-width: 752px) 100vw, 752px\" \/><figcaption class=\"wp-element-caption\">Caricature de Cham pendant le si\u00e8ge de Paris (1870-71) : \u00abLes animaux du Jardin des plantes faisant queue comme tout le monde pour avoir leur viande\u00bb (<a href=\"https:\/\/gallica.bnf.fr\/ark:\/12148\/bpt6k6442297w\/f29.item.zoom#\" data-type=\"link\" data-id=\"https:\/\/gallica.bnf.fr\/ark:\/12148\/bpt6k6442297w\/f29.item.zoom#\" target=\"_blank\" rel=\"noreferrer noopener\">Gallica-BnF<\/a>)<\/figcaption><\/figure>\n<\/div>\n\n\n<p><a rel=\"noreferrer noopener\" href=\"https:\/\/digi.ub.uni-heidelberg.de\/diglit\/leuchtpult\/JeLm13\" data-type=\"link\" data-id=\"https:\/\/digi.ub.uni-heidelberg.de\/diglit\/leuchtpult\/JeLm13\" target=\"_blank\">Guerre, si\u00e8ge, Commune \u2013 caricatures<\/a> (Universit\u00e4t Heidelberg)<\/p>\n\n\n<div class=\"wp-block-image\">\n<figure class=\"aligncenter size-large is-resized\"><img loading=\"lazy\" decoding=\"async\" width=\"1024\" height=\"736\" src=\"https:\/\/sites.smith.edu\/frn372-fa24\/wp-content\/uploads\/sites\/1111\/2024\/04\/Screenshot-2024-04-09-at-14.32.48-1024x736.png\" alt=\"Soldats et officiers allemands d\u00e9filent \u00e0 Paris, on voit l'Arc de Triomphe\" class=\"wp-image-1568\" style=\"width:600px\" srcset=\"https:\/\/sites.smith.edu\/frn372-fa24\/wp-content\/uploads\/sites\/1111\/2024\/04\/Screenshot-2024-04-09-at-14.32.48-1024x736.png 1024w, https:\/\/sites.smith.edu\/frn372-fa24\/wp-content\/uploads\/sites\/1111\/2024\/04\/Screenshot-2024-04-09-at-14.32.48-300x216.png 300w, https:\/\/sites.smith.edu\/frn372-fa24\/wp-content\/uploads\/sites\/1111\/2024\/04\/Screenshot-2024-04-09-at-14.32.48-768x552.png 768w, https:\/\/sites.smith.edu\/frn372-fa24\/wp-content\/uploads\/sites\/1111\/2024\/04\/Screenshot-2024-04-09-at-14.32.48.png 1488w\" sizes=\"auto, (max-width: 1024px) 100vw, 1024px\" \/><figcaption class=\"wp-element-caption\">Le d\u00e9fil\u00e9 des Allemands \u00e0 Paris en 1871 (Paris Mus\u00e9es)<\/figcaption><\/figure>\n<\/div>\n\n\n<h3 class=\"wp-block-heading\">Ressources pour l&#8217;histoire de la Commune<\/h3>\n\n\n\n<ul class=\"wp-block-list\">\n<li><a href=\"https:\/\/www.paris.fr\/pages\/les-150-ans-de-la-commune-l-origine-1-5-16961\" data-type=\"link\" data-id=\"https:\/\/www.paris.fr\/pages\/les-150-ans-de-la-commune-l-origine-1-5-16961\" target=\"_blank\" rel=\"noreferrer noopener\">Les 150 ans de la Commune de Paris (Mairie de Paris)<\/a><\/li>\n\n\n\n<li><a rel=\"noreferrer noopener\" href=\"https:\/\/www.bnf.fr\/fr\/commemorer-la-commune-de-paris\" target=\"_blank\">Pr\u00e9sentation historique avec documents (Biblioth\u00e8que nationale de France)<\/a><\/li>\n\n\n\n<li><a href=\"https:\/\/www.calameo.com\/books\/00576820432dc2efb3756\" target=\"_blank\" rel=\"noreferrer noopener\">Pr\u00e9sentation historique et documents int\u00e9ressants (Biblioth\u00e8que historique de la Ville de Paris)<\/a><\/li>\n\n\n\n<li><a href=\"https:\/\/www-retronews-fr.libproxy.smith.edu\/cycle\/souvenirs-des-barricades-il-y-150-ans-la-commune-de-paris\" target=\"_blank\" rel=\"noreferrer noopener\">Il y a 150 ans, la Commune de Paris (RetroNews)<\/a><\/li>\n\n\n\n<li><a rel=\"noreferrer noopener\" href=\"https:\/\/www-retronews-fr.libproxy.smith.edu\/conflits-et-relations-internationales\/echo-de-presse\/2017\/03\/29\/1871-marx-propos-de-la-commune-de\" target=\"_blank\">1871&nbsp;: Marx \u00e0 propos de la Commune de Paris (RetroNews)<\/a><\/li>\n<\/ul>\n\n\n\n<h3 class=\"wp-block-heading\">La presse et la Commune<\/h3>\n\n\n\n<p>L&#8217;interdiction des journaux de gauche une semaine avant l&#8217;\u00e9clatement de la Commune :<\/p>\n\n\n\n<p><code><code><code><div class=\"h5p-content\" data-content-id=\"125\"><\/div><\/code><\/code><\/code><\/p>\n\n\n<div class=\"wp-block-image\">\n<figure class=\"aligncenter size-large is-resized\"><img loading=\"lazy\" decoding=\"async\" width=\"1024\" height=\"748\" src=\"https:\/\/sites.smith.edu\/frn372-fa24\/wp-content\/uploads\/sites\/1111\/2024\/04\/1871.-Lix-Scene-du-boulevard-a-loccasion-des-journaux-supprimes-1024x748.png\" alt=\"Les policiers prennent et d\u00e9truisent des journaux alors que d'autres personnes essaient de les garder\" class=\"wp-image-1566\" style=\"width:600px\" srcset=\"https:\/\/sites.smith.edu\/frn372-fa24\/wp-content\/uploads\/sites\/1111\/2024\/04\/1871.-Lix-Scene-du-boulevard-a-loccasion-des-journaux-supprimes-1024x748.png 1024w, https:\/\/sites.smith.edu\/frn372-fa24\/wp-content\/uploads\/sites\/1111\/2024\/04\/1871.-Lix-Scene-du-boulevard-a-loccasion-des-journaux-supprimes-300x219.png 300w, https:\/\/sites.smith.edu\/frn372-fa24\/wp-content\/uploads\/sites\/1111\/2024\/04\/1871.-Lix-Scene-du-boulevard-a-loccasion-des-journaux-supprimes-768x561.png 768w, https:\/\/sites.smith.edu\/frn372-fa24\/wp-content\/uploads\/sites\/1111\/2024\/04\/1871.-Lix-Scene-du-boulevard-a-loccasion-des-journaux-supprimes.png 1463w\" sizes=\"auto, (max-width: 1024px) 100vw, 1024px\" \/><figcaption class=\"wp-element-caption\">1871. Lix &#8211; Sce\u0300ne du boulevard a\u0300 l&#8217;occasion des journaux supprime\u0301s (Paris Mus\u00e9es)<\/figcaption><\/figure>\n<\/div>\n\n\n<p>La presse \u00e0 Paris pendant la Commune :<\/p>\n\n\n\n<blockquote class=\"wp-block-quote has-small-font-size is-layout-flow wp-block-quote-is-layout-flow\">\n<p style=\"font-size:15px\"><strong>Partons de la Bastille. Les camelots assourdissants crient&nbsp;<em>le Mot d\u2019ordre<\/em>&nbsp;! de Rochefort,&nbsp;<em>le P\u00e8re Duchesne<\/em>&nbsp;!&nbsp;<em>le Cri du Peuple<\/em>&nbsp;! de Jules Vall\u00e8s ;&nbsp;<em>le Vengeur<\/em>&nbsp;! de F\u00e9lix Pyat ;&nbsp;<em>la Commune<\/em>&nbsp;!&nbsp;<em>le Tribun du peuple<\/em>&nbsp;!&nbsp;<em>l\u2019Affranchi<\/em>&nbsp;!&nbsp;<em>l\u2019Avant-Garde<\/em>&nbsp;!&nbsp;<em>le Pilori des mouchards<\/em>&nbsp;!<\/strong> <em>L\u2019Officiel<\/em>&nbsp;est peu demand\u00e9, les membres de la Commune l\u2019\u00e9touffent sous leur concurrence ; l\u2019un d\u2019eux, V\u00e9sinier, va jusqu\u2019\u00e0 publier dans&nbsp;<em>Paris-libre<\/em>&nbsp;une s\u00e9ance secr\u00e8te.&nbsp;<strong><em>Le Cri du Peuple<\/em>&nbsp;tire \u00e0 cent mille exemplaires. C\u2019est le premier lev\u00e9 ; il chante avec le coq. Si nous avons du Vall\u00e8s ce matin, bonne aubaine ; mais il passe trop souvent la parole \u00e0 Pierre Denis qui nous autonomise \u00e0 outrance<\/strong>. N\u2019achetez qu\u2019une fois&nbsp;<em>le P\u00e8re Duchesne<\/em>, quoiqu\u2019il tire \u00e0 60 000. Il n\u2019a rien de celui d\u2019H\u00e9bert, qui ne fut pas un grand sire. Prenez dans&nbsp;<em>le Vengeur<\/em>&nbsp;l\u2019article de F\u00e9lix Pyat comme un bel \u00e9chantillon d\u2019ivrognerie litt\u00e9raire.&nbsp;<em>La Commune<\/em>&nbsp;est le journal doctrinaire o\u00f9 Milli\u00e8re \u00e9crit quelquefois, o\u00f9 Georges Duch\u00e8ne secoue les jeunes et les vieux de l\u2019H\u00f4tel-de-Ville avec une s\u00e9v\u00e9rit\u00e9 qui exigerait un autre caract\u00e8re.<\/p>\n\n\n\n<p style=\"font-size:15px\"><strong>Aux kiosques voici les caricatures <\/strong>: Thiers, Picard, Jules Favre sous la figure des trois Gr\u00e2ces enla\u00e7ant leur ventripotence. Ce poisson aux \u00e9cailles vert bleu qui dessert un lit \u00e0 couronne imp\u00e9riale, c\u2019est le marquis de Galliffet.&nbsp;<em>L\u2019Avenir<\/em>, moniteur de la Ligue,&nbsp;<em>le Si\u00e8cle<\/em>&nbsp;devenu tr\u00e8s hostile depuis l\u2019arrestation de Chaudey,&nbsp;<em>la V\u00e9rit\u00e9<\/em>&nbsp;du yankee Portalis s\u2019empilent, m\u00e9lancoliques et intacts.&nbsp;<strong>Une trentaine de journaux versaillais ont \u00e9t\u00e9 supprim\u00e9s&nbsp;par la pr\u00e9fecture de police ; ils n\u2019en sont pas morts, un camelot tr\u00e8s peu myst\u00e9rieux nous les offre<\/strong>.<\/p>\n<cite>Prosper Lissagaray, Histoire de la Commune de 1871 (1876)<\/cite><\/blockquote>\n\n\n\n<ul class=\"wp-block-list\">\n<li><a href=\"https:\/\/www-retronews-fr.libproxy.smith.edu\/conflits-et-relations-internationales\/grandes-unes\/2023\/05\/15\/commune-declaration-du-cri-du-peuple\" target=\"_blank\" rel=\"noreferrer noopener\">Avant la Commune : la \u00ab D\u00e9claration \u00bb du Cri du Peuple (RetroNews)<\/a><\/li>\n\n\n\n<li><a href=\"https:\/\/www-retronews-fr.libproxy.smith.edu\/histoire-de-la-presse\/long-format\/2019\/04\/21\/le-cri-du-peuple-pendant-la-commune\" target=\"_blank\" rel=\"noreferrer noopener\">Paris, 1871\u00a0: \u00ab\u00a0Le Cri du peuple\u00a0\u00bb, un journal au c\u0153ur de la Commune (RetroNews)<\/a><\/li>\n\n\n\n<li><a href=\"https:\/\/www-retronews-fr.libproxy.smith.edu\/edito\/jules-valles-le-perpetuel-insurge\" data-type=\"link\" data-id=\"https:\/\/www-retronews-fr.libproxy.smith.edu\/edito\/jules-valles-le-perpetuel-insurge\" target=\"_blank\" rel=\"noreferrer noopener\">Jules Vall\u00e8s, le perpetuel insurg\u00e9 (RetroNews)<\/a><\/li>\n\n\n\n<li><a href=\"https:\/\/www-retronews-fr.libproxy.smith.edu\/troubles-civils\/echo-de-presse\/2018\/04\/27\/cetait-la-une-les-premieres-journees-de-la-commune-en-1871\" target=\"_blank\" rel=\"noreferrer noopener\">C&#8217;\u00e9tait \u00e0 la Une ! Les premi\u00e8res journ\u00e9es de la Commune en 1871 (RetroNews + France Culture)<\/a>\n<ul class=\"wp-block-list\">\n<li>\u00c9coutez la lecture d&#8217;un r\u00e9cit heure par heure du premier jour de la Commune<\/li>\n<\/ul>\n<\/li>\n<\/ul>\n\n\n\n<h3 class=\"wp-block-heading\">Images de la Commune et de la semaine sanglante<\/h3>\n\n\n\n<div class=\"wp-block-media-text is-stacked-on-mobile\"><figure class=\"wp-block-media-text__media\"><img loading=\"lazy\" decoding=\"async\" width=\"850\" height=\"568\" src=\"https:\/\/sites.smith.edu\/frn372-fa24\/wp-content\/uploads\/sites\/1111\/2024\/03\/1903-1905.-Maximilien-Luce-Une-rue-de-Paris-en-mai-1871-Musee-dOrsay-1.jpeg\" alt=\"Des corps d'hommes et d'une femme gisent au sol dans une rue parisienne.\" class=\"wp-image-1403 size-full\" srcset=\"https:\/\/sites.smith.edu\/frn372-fa24\/wp-content\/uploads\/sites\/1111\/2024\/03\/1903-1905.-Maximilien-Luce-Une-rue-de-Paris-en-mai-1871-Musee-dOrsay-1.jpeg 850w, https:\/\/sites.smith.edu\/frn372-fa24\/wp-content\/uploads\/sites\/1111\/2024\/03\/1903-1905.-Maximilien-Luce-Une-rue-de-Paris-en-mai-1871-Musee-dOrsay-1-300x200.jpeg 300w, https:\/\/sites.smith.edu\/frn372-fa24\/wp-content\/uploads\/sites\/1111\/2024\/03\/1903-1905.-Maximilien-Luce-Une-rue-de-Paris-en-mai-1871-Musee-dOrsay-1-768x513.jpeg 768w\" sizes=\"auto, (max-width: 850px) 100vw, 850px\" \/><\/figure><div class=\"wp-block-media-text__content\">\n<p>Maximilien Luce, Une rue de Paris en mai 1871. Peinture de 1903-1905. Mus\u00e9e d&#8217;Orsay.<\/p>\n<\/div><\/div>\n\n\n\n<div style=\"height:19px\" aria-hidden=\"true\" class=\"wp-block-spacer\"><\/div>\n\n\n\n<ul class=\"wp-block-list\">\n<li><a href=\"https:\/\/histoire-image.org\/albums\/commune-paris\" target=\"_blank\" rel=\"noreferrer noopener\">Album des images de la Commune (Histoire par l&#8217;image)<\/a><\/li>\n\n\n\n<li><a href=\"https:\/\/www.lib.cam.ac.uk\/stories\/caricatures-franco-prussian-war-and-paris-commune-1870-71#group-section-Introduction-pnJHtq0ssj\" target=\"_blank\" rel=\"noreferrer noopener\">Introduction : Caricatures of the Franco-Prussian War and the Paris Commune (1870-71) at Cambridge University Library<\/a><\/li>\n\n\n\n<li><a href=\"https:\/\/exhibitions.lib.cam.ac.uk\/caricatures\/case\/the-paris-commune\/\" target=\"_blank\" rel=\"noreferrer noopener\">Exposition : Caricatures of the Commune (Cambridge UL)<\/a><\/li>\n\n\n\n<li><a rel=\"noreferrer noopener\" href=\"https:\/\/histoire-image.org\/etudes\/repression-commune\" target=\"_blank\">La r\u00e9pression de la Commune (Histoire par l&#8217;image)<\/a><\/li>\n\n\n\n<li><a rel=\"noreferrer noopener\" href=\"https:\/\/histoire-image.org\/etudes\/ecrasement-commune\" target=\"_blank\">L&#8217;\u00e9crasement de la Commune (Histoire par l&#8217;image)<\/a><\/li>\n<\/ul>\n\n\n\n<p class=\"has-text-align-center\"><code><code><code><div class=\"h5p-content\" data-content-id=\"126\"><\/div><\/code><\/code><\/code><\/p>\n\n\n\n<p class=\"has-small-font-size\">Dans ce volume, notez en particulier, pour la propagande anti-Commune : les folios 105, 107, 109, 111, 114, 121 (P\u00e8re Duch\u00e8ne), 122 (le journal)&#8230;<\/p>\n\n\n\n<div class=\"wp-block-media-text is-stacked-on-mobile\"><figure class=\"wp-block-media-text__media\"><img decoding=\"async\" src=\"https:\/\/sites.smith.edu\/frn372-sp24\/wp-content\/uploads\/sites\/1018\/2024\/04\/DeNino-\u2013-Figure-3-Gartenlaube-Princeton-University-Library-751x1024.jpg\" alt=\"Une femme de la classe populaire, les mains li\u00e9es, est vis\u00e9e par un soldat, arme \u00e0 la main\" class=\"wp-image-1644 size-full\" \/><\/figure><div class=\"wp-block-media-text__content\">\n<p>&#8220;Sie roch nach Petroleum&#8221; (Elle sentait le p\u00e9trole), <em>Die Gartenlaube<\/em>, ao\u00fbt 1871. Voir DeNino, &#8220;She Smelled of Petroleum: The Paris Commune in a German Family Magazine,&#8221; <a href=\"https:\/\/muse-jhu-edu.libproxy.smith.edu\/article\/781076\" data-type=\"link\" data-id=\"https:\/\/muse-jhu-edu.libproxy.smith.edu\/article\/781076\"><em>Nineteenth-Century French Studies<\/em> vol. 49 nos. 3 &amp;4, Spring-Summer 2021<\/a>.<\/p>\n<\/div><\/div>\n","protected":false},"excerpt":{"rendered":"<p>Histoire et contexte Le 26 janvier 1871, l\u2019armistice franco-allemand est conclue dans la douleur et l\u2019humiliation. Le peuple parisien qui a lutt\u00e9 durant quatre mois contre les soldats prussiens pendant le si\u00e8ge de Paris se sent trahi. Les Prussiens d\u00e9filent dans la capitale le 1er mars et le peuple gronde. Le gouvernement d\u2019Adolphe Thiers compos\u00e9&hellip; <a class=\"more-link\" href=\"https:\/\/sites.smith.edu\/frn372-fa24\/la-commune-de-paris\/\">Continue reading <span class=\"screen-reader-text\">La Commune de Paris<\/span> <span class=\"meta-nav\" aria-hidden=\"true\">&rarr;<\/span><\/a><\/p>\n","protected":false},"author":4992,"featured_media":0,"comment_status":"open","ping_status":"closed","sticky":false,"template":"","format":"standard","meta":{"footnotes":""},"categories":[5,6,11],"tags":[],"class_list":["post-1393","post","type-post","status-publish","format-standard","hentry","category-ressources","category-supplements","category-unite4"],"_links":{"self":[{"href":"https:\/\/sites.smith.edu\/frn372-fa24\/wp-json\/wp\/v2\/posts\/1393","targetHints":{"allow":["GET"]}}],"collection":[{"href":"https:\/\/sites.smith.edu\/frn372-fa24\/wp-json\/wp\/v2\/posts"}],"about":[{"href":"https:\/\/sites.smith.edu\/frn372-fa24\/wp-json\/wp\/v2\/types\/post"}],"author":[{"embeddable":true,"href":"https:\/\/sites.smith.edu\/frn372-fa24\/wp-json\/wp\/v2\/users\/4992"}],"replies":[{"embeddable":true,"href":"https:\/\/sites.smith.edu\/frn372-fa24\/wp-json\/wp\/v2\/comments?post=1393"}],"version-history":[{"count":5,"href":"https:\/\/sites.smith.edu\/frn372-fa24\/wp-json\/wp\/v2\/posts\/1393\/revisions"}],"predecessor-version":[{"id":3547,"href":"https:\/\/sites.smith.edu\/frn372-fa24\/wp-json\/wp\/v2\/posts\/1393\/revisions\/3547"}],"wp:attachment":[{"href":"https:\/\/sites.smith.edu\/frn372-fa24\/wp-json\/wp\/v2\/media?parent=1393"}],"wp:term":[{"taxonomy":"category","embeddable":true,"href":"https:\/\/sites.smith.edu\/frn372-fa24\/wp-json\/wp\/v2\/categories?post=1393"},{"taxonomy":"post_tag","embeddable":true,"href":"https:\/\/sites.smith.edu\/frn372-fa24\/wp-json\/wp\/v2\/tags?post=1393"}],"curies":[{"name":"wp","href":"https:\/\/api.w.org\/{rel}","templated":true}]}}