{"id":1440,"date":"2024-04-02T12:26:35","date_gmt":"2024-04-02T16:26:35","guid":{"rendered":"https:\/\/sites.smith.edu\/frn372-sp24\/chronique-ii-copy\/"},"modified":"2024-09-12T14:05:52","modified_gmt":"2024-09-12T18:05:52","slug":"chronique-iii","status":"publish","type":"post","link":"https:\/\/sites.smith.edu\/frn372-fa24\/chronique-iii\/","title":{"rendered":"Chronique III \u2013 La critique litt\u00e9raire"},"content":{"rendered":"\n<p class=\"has-background\" style=\"background-color:#abb7c247\"><strong>Objectifs<\/strong> : intervenir dans un d\u00e9bat litt\u00e9raire ; reprendre et r\u00e9pondre \u00e0 d&#8217;autres articles dans la presse ; prendre position dans un d\u00e9bat ; d\u00e9velopper les prises de position de votre chroniquer\u00b7se par rapport \u00e0 la litt\u00e9rature contemporaine, sa repr\u00e9sentation du journalisme contemporain, et\/ou le lien entre journalisme et litt\u00e9rature ; incorporer les th\u00e8mes et les discussions de notre classe <\/p>\n\n\n\n<h3 class=\"wp-block-heading\">Critique litt\u00e9raire<\/h3>\n\n\n\n<h4 class=\"wp-block-heading\">Votre chroniqueuse ou chroniqueur va publier sa <strong>critique<\/strong> du roman <em>Bel-Ami<\/em> de Maupassant, suite aux autres critiques lues en classe. <\/h4>\n\n\n\n<ul class=\"wp-block-list\">\n<li>Vous allez vous servir des positions prises des autres critiques litt\u00e9raires \u2013 pour les appuyer ou pour les opposer<\/li>\n\n\n\n<li>Vous pouvez choisir d&#8217;intervenir dans le d\u00e9bat litt\u00e9raire <span style=\"text-decoration: underline\">avant<\/span> ou <span style=\"text-decoration: underline\">apr\u00e8s<\/span> la r\u00e9ponse de Maupassant lui-m\u00eame<\/li>\n\n\n\n<li>si d\u00e9sir\u00e9, vous pouvez aussi faire r\u00e9f\u00e9rence \u00e0 1) d&#8217;autres critiques litt\u00e9raires du roman que vous trouvez vous-m\u00eame dans la presse, ou bien s\u00fbr \u00e0 2) d&#8217;autres romans tels qu&#8217;<em>Illusions perdues<\/em><\/li>\n\n\n\n<li>Pensez \u00e0 d\u00e9velopper une opinion sur le roman qui est logique selon le personnage et le style que vous avez cr\u00e9\u00e9s dans vos autres chroniques<\/li>\n<\/ul>\n\n\n\n<hr class=\"wp-block-separator has-alpha-channel-opacity is-style-dots\" \/>\n\n\n\n<h4 class=\"wp-block-heading\">Consignes :<\/h4>\n\n\n\n<ul class=\"wp-block-list\">\n<li>\u00c9crivez environ <strong>700 mots<\/strong>.<\/li>\n\n\n\n<li>Si vous faites r\u00e9f\u00e9rence \u00e0 un autre journal\/chronique\/article, <span style=\"text-decoration: underline\">incluez un extrait dans votre publication<\/span> en vous servant de <a href=\"https:\/\/sites.smith.edu\/project-resources\/adding-retronews-to-a-post-with-h5p\/\" target=\"_blank\" rel=\"noreferrer noopener\">l&#8217;outil H5P<\/a>.<\/li>\n<\/ul>\n\n\n\n<h4 class=\"wp-block-heading\">Ressources : <\/h4>\n\n\n\n<ul class=\"wp-block-list\">\n<li>Les critiques et la r\u00e9ponse de Maupassant<\/li>\n\n\n\n<li>Ressources suppl\u00e9mentaires sur Maupassant<\/li>\n\n\n\n<li>Le roman au XIXe si\u00e8cle<\/li>\n\n\n\n<li><em>Illusions perdues<\/em><\/li>\n\n\n\n<li>Ressources suppl\u00e9mentaires sur Balzac<\/li>\n<\/ul>\n\n\n\n<p class=\"has-background\" style=\"background-color:#fcb90033\">Publiez votre chronique sur <strong>WordPress<\/strong>, dans la cat\u00e9gorie <strong>Chronique<\/strong> <strong>III<\/strong>, <strong>le vendredi 8 novembre<\/strong>.<\/p>\n\n\n\n<p class=\"has-background\" style=\"background-color:#abb7c247\">Donnez un <strong>titre <\/strong>\u00e0 votre chronique et mettez \u00e9galement votre <strong>pseudonyme<\/strong>, ainsi : \u00ab <em>Pseudonyme : Titre de chronique<\/em> \u00bb<\/p>\n","protected":false},"excerpt":{"rendered":"<p>Objectifs : intervenir dans un d\u00e9bat litt\u00e9raire ; reprendre et r\u00e9pondre \u00e0 d&#8217;autres articles dans la presse ; prendre position dans un d\u00e9bat ; d\u00e9velopper les prises de position de votre chroniquer\u00b7se par rapport \u00e0 la litt\u00e9rature contemporaine, sa repr\u00e9sentation du journalisme contemporain, et\/ou le lien entre journalisme et litt\u00e9rature ; incorporer les th\u00e8mes et&hellip; <a class=\"more-link\" href=\"https:\/\/sites.smith.edu\/frn372-fa24\/chronique-iii\/\">Continue reading <span class=\"screen-reader-text\">Chronique III \u2013 La critique litt\u00e9raire<\/span> <span class=\"meta-nav\" aria-hidden=\"true\">&rarr;<\/span><\/a><\/p>\n","protected":false},"author":4992,"featured_media":0,"comment_status":"open","ping_status":"closed","sticky":false,"template":"","format":"standard","meta":{"footnotes":""},"categories":[2,7],"tags":[],"class_list":["post-1440","post","type-post","status-publish","format-standard","hentry","category-chroniques","category-syllabus"],"_links":{"self":[{"href":"https:\/\/sites.smith.edu\/frn372-fa24\/wp-json\/wp\/v2\/posts\/1440","targetHints":{"allow":["GET"]}}],"collection":[{"href":"https:\/\/sites.smith.edu\/frn372-fa24\/wp-json\/wp\/v2\/posts"}],"about":[{"href":"https:\/\/sites.smith.edu\/frn372-fa24\/wp-json\/wp\/v2\/types\/post"}],"author":[{"embeddable":true,"href":"https:\/\/sites.smith.edu\/frn372-fa24\/wp-json\/wp\/v2\/users\/4992"}],"replies":[{"embeddable":true,"href":"https:\/\/sites.smith.edu\/frn372-fa24\/wp-json\/wp\/v2\/comments?post=1440"}],"version-history":[{"count":2,"href":"https:\/\/sites.smith.edu\/frn372-fa24\/wp-json\/wp\/v2\/posts\/1440\/revisions"}],"predecessor-version":[{"id":2581,"href":"https:\/\/sites.smith.edu\/frn372-fa24\/wp-json\/wp\/v2\/posts\/1440\/revisions\/2581"}],"wp:attachment":[{"href":"https:\/\/sites.smith.edu\/frn372-fa24\/wp-json\/wp\/v2\/media?parent=1440"}],"wp:term":[{"taxonomy":"category","embeddable":true,"href":"https:\/\/sites.smith.edu\/frn372-fa24\/wp-json\/wp\/v2\/categories?post=1440"},{"taxonomy":"post_tag","embeddable":true,"href":"https:\/\/sites.smith.edu\/frn372-fa24\/wp-json\/wp\/v2\/tags?post=1440"}],"curies":[{"name":"wp","href":"https:\/\/api.w.org\/{rel}","templated":true}]}}