{"id":2359,"date":"2024-01-18T18:19:00","date_gmt":"2024-01-18T23:19:00","guid":{"rendered":"https:\/\/sites.smith.edu\/frn372-fa24\/?p=2359"},"modified":"2024-09-09T11:11:09","modified_gmt":"2024-09-09T15:11:09","slug":"la-nation-la-communaute-imaginee-la-presse","status":"publish","type":"post","link":"https:\/\/sites.smith.edu\/frn372-fa24\/la-nation-la-communaute-imaginee-la-presse\/","title":{"rendered":"La nation, la \u00abcommunaut\u00e9 imagin\u00e9e\u00bb, la presse"},"content":{"rendered":"\n<h3 class=\"wp-block-heading\">COURS 2<\/h3>\n\n\n\n<blockquote class=\"wp-block-quote has-small-font-size is-layout-flow wp-block-quote-is-layout-flow\">\n<p style=\"font-size:16px\">[The nation] is an<strong> imagined political community <\/strong>\u2013 and imagined as both inherently limited and sovereign. It is <em>imagined<\/em> because the members of even the smallest nation will never know most of their fellow-members, or even hear of them, yet in the minds of each lives the image of their communion. [&#8230;] <\/p>\n\n\n\n<p style=\"font-size:16px\">The nation is imagined as <em>limited<\/em> because even the largest of them [&#8230;] has finite, if elastic, boundaries, beyond which lie other nations. [&#8230;]<\/p>\n\n\n\n<p style=\"font-size:16px\">It is imagined as <em>sovereign<\/em> because the concept was born in an age in which Enlightenment and Revolution were destroying the legitimacy of the divinely-ordained, hierarchical dynastic realm. [&#8230;]<\/p>\n\n\n\n<p style=\"font-size:16px\">Finally, it is imagined as a <em>community<\/em>, because, regardless of the actual inequality and exploitation that may prevail in each, the nation is always conceived as a deep, horizontal comradeship.<\/p>\n<cite>Benedict Anderson, Imagined Communities, pp. 6-7<\/cite><\/blockquote>\n\n\n\n<blockquote class=\"wp-block-quote has-small-font-size is-layout-flow wp-block-quote-is-layout-flow\">\n<p style=\"font-size:16px\">Or <strong>l\u2019essence d\u2019une nation <\/strong>est que tous les individus aient beaucoup de choses en commun, et aussi que tous aient oubli\u00e9 bien des choses. Aucun citoyen fran\u00e7ais ne sait s\u2019il est Burgonde, Alain, Ta\u00effale, Visigoth&nbsp;; tout citoyen fran\u00e7ais doit avoir oubli\u00e9 la Saint-Barth\u00e9lemy, les massacres du Midi au&nbsp;xiii<sup>e<\/sup>&nbsp;si\u00e8cle. [&#8230;] <strong>La nation moderne est donc un r\u00e9sultat historique amen\u00e9 par une s\u00e9rie de faits convergeant dans le m\u00eame sens<\/strong>.<\/p>\n<cite><a rel=\"noreferrer noopener\" href=\"https:\/\/fr.wikisource.org\/wiki\/Qu%E2%80%99est-ce_qu%E2%80%99une_nation_%3F\" data-type=\"link\" data-id=\"https:\/\/fr.wikisource.org\/wiki\/Qu%E2%80%99est-ce_qu%E2%80%99une_nation_%3F\" target=\"_blank\">Ernest Renan, \u00abQu&#8217;est-ce qu&#8217;une nation?\u00bb (1882)<\/a><\/cite><\/blockquote>\n\n\n\n<blockquote class=\"wp-block-quote has-small-font-size is-layout-flow wp-block-quote-is-layout-flow\">\n<p style=\"font-size:16px\">Das Zeitungslesen des Morgens fr\u00fch ist eine Art von realistischem Morgensegen. (<strong>La lecture du journal, le matin au lever, est une sorte de pri\u00e8re du matin r\u00e9aliste<\/strong>).<\/p>\n<cite>Georg Wilhelm Friedrich Hegel, philosophe allemand, Notes et Fragments, 1803-1806<\/cite><\/blockquote>\n\n\n<div class=\"wp-block-image\">\n<figure data-wp-context=\"{&quot;imageId&quot;:&quot;69ee7b3dd595f&quot;}\" data-wp-interactive=\"core\/image\" data-wp-key=\"69ee7b3dd595f\" class=\"aligncenter size-medium wp-lightbox-container\"><img loading=\"lazy\" decoding=\"async\" width=\"245\" height=\"300\" data-wp-class--hide=\"state.isContentHidden\" data-wp-class--show=\"state.isContentVisible\" data-wp-init=\"callbacks.setButtonStyles\" data-wp-on--click=\"actions.showLightbox\" data-wp-on--load=\"callbacks.setButtonStyles\" data-wp-on-window--resize=\"callbacks.setButtonStyles\" src=\"https:\/\/sites.smith.edu\/frn372-fa24\/wp-content\/uploads\/sites\/1111\/2024\/09\/Vuillard-Madame-Vuillard-lisant-le-journal-Sothebys-sale-245x300.jpeg\" alt=\"\" class=\"wp-image-2495\" srcset=\"https:\/\/sites.smith.edu\/frn372-fa24\/wp-content\/uploads\/sites\/1111\/2024\/09\/Vuillard-Madame-Vuillard-lisant-le-journal-Sothebys-sale-245x300.jpeg 245w, https:\/\/sites.smith.edu\/frn372-fa24\/wp-content\/uploads\/sites\/1111\/2024\/09\/Vuillard-Madame-Vuillard-lisant-le-journal-Sothebys-sale-837x1024.jpeg 837w, https:\/\/sites.smith.edu\/frn372-fa24\/wp-content\/uploads\/sites\/1111\/2024\/09\/Vuillard-Madame-Vuillard-lisant-le-journal-Sothebys-sale-768x940.jpeg 768w, https:\/\/sites.smith.edu\/frn372-fa24\/wp-content\/uploads\/sites\/1111\/2024\/09\/Vuillard-Madame-Vuillard-lisant-le-journal-Sothebys-sale-1255x1536.jpeg 1255w, https:\/\/sites.smith.edu\/frn372-fa24\/wp-content\/uploads\/sites\/1111\/2024\/09\/Vuillard-Madame-Vuillard-lisant-le-journal-Sothebys-sale-1673x2048.jpeg 1673w, https:\/\/sites.smith.edu\/frn372-fa24\/wp-content\/uploads\/sites\/1111\/2024\/09\/Vuillard-Madame-Vuillard-lisant-le-journal-Sothebys-sale.jpeg 2048w\" sizes=\"auto, (max-width: 245px) 100vw, 245px\" \/><button\n\t\t\tclass=\"lightbox-trigger\"\n\t\t\ttype=\"button\"\n\t\t\taria-haspopup=\"dialog\"\n\t\t\taria-label=\"Enlarge\"\n\t\t\tdata-wp-init=\"callbacks.initTriggerButton\"\n\t\t\tdata-wp-on--click=\"actions.showLightbox\"\n\t\t\tdata-wp-style--right=\"state.imageButtonRight\"\n\t\t\tdata-wp-style--top=\"state.imageButtonTop\"\n\t\t>\n\t\t\t<svg xmlns=\"http:\/\/www.w3.org\/2000\/svg\" width=\"12\" height=\"12\" fill=\"none\" viewBox=\"0 0 12 12\">\n\t\t\t\t<path fill=\"#fff\" d=\"M2 0a2 2 0 0 0-2 2v2h1.5V2a.5.5 0 0 1 .5-.5h2V0H2Zm2 10.5H2a.5.5 0 0 1-.5-.5V8H0v2a2 2 0 0 0 2 2h2v-1.5ZM8 12v-1.5h2a.5.5 0 0 0 .5-.5V8H12v2a2 2 0 0 1-2 2H8Zm2-12a2 2 0 0 1 2 2v2h-1.5V2a.5.5 0 0 0-.5-.5H8V0h2Z\" \/>\n\t\t\t<\/svg>\n\t\t<\/button><figcaption class=\"wp-element-caption\">Peinture d&#8217;\u00c9douard Vuillard, 1917 \u2013 Madame Vuillard lisant le journal (vente Sotheby&#8217;s)<\/figcaption><\/figure>\n<\/div>","protected":false},"excerpt":{"rendered":"<p>COURS 2 [The nation] is an imagined political community \u2013 and imagined as both inherently limited and sovereign. It is imagined because the members of even the smallest nation will never know most of their fellow-members, or even hear of them, yet in the minds of each lives the image of their communion. [&#8230;] The&hellip; <a class=\"more-link\" href=\"https:\/\/sites.smith.edu\/frn372-fa24\/la-nation-la-communaute-imaginee-la-presse\/\">Continue reading <span class=\"screen-reader-text\">La nation, la \u00abcommunaut\u00e9 imagin\u00e9e\u00bb, la presse<\/span> <span class=\"meta-nav\" aria-hidden=\"true\">&rarr;<\/span><\/a><\/p>\n","protected":false},"author":4992,"featured_media":44,"comment_status":"closed","ping_status":"closed","sticky":false,"template":"","format":"standard","meta":{"footnotes":""},"categories":[5,6,8],"tags":[],"class_list":["post-2359","post","type-post","status-publish","format-standard","has-post-thumbnail","hentry","category-ressources","category-supplements","category-unite1"],"_links":{"self":[{"href":"https:\/\/sites.smith.edu\/frn372-fa24\/wp-json\/wp\/v2\/posts\/2359","targetHints":{"allow":["GET"]}}],"collection":[{"href":"https:\/\/sites.smith.edu\/frn372-fa24\/wp-json\/wp\/v2\/posts"}],"about":[{"href":"https:\/\/sites.smith.edu\/frn372-fa24\/wp-json\/wp\/v2\/types\/post"}],"author":[{"embeddable":true,"href":"https:\/\/sites.smith.edu\/frn372-fa24\/wp-json\/wp\/v2\/users\/4992"}],"replies":[{"embeddable":true,"href":"https:\/\/sites.smith.edu\/frn372-fa24\/wp-json\/wp\/v2\/comments?post=2359"}],"version-history":[{"count":6,"href":"https:\/\/sites.smith.edu\/frn372-fa24\/wp-json\/wp\/v2\/posts\/2359\/revisions"}],"predecessor-version":[{"id":2498,"href":"https:\/\/sites.smith.edu\/frn372-fa24\/wp-json\/wp\/v2\/posts\/2359\/revisions\/2498"}],"wp:featuredmedia":[{"embeddable":true,"href":"https:\/\/sites.smith.edu\/frn372-fa24\/wp-json\/wp\/v2\/media\/44"}],"wp:attachment":[{"href":"https:\/\/sites.smith.edu\/frn372-fa24\/wp-json\/wp\/v2\/media?parent=2359"}],"wp:term":[{"taxonomy":"category","embeddable":true,"href":"https:\/\/sites.smith.edu\/frn372-fa24\/wp-json\/wp\/v2\/categories?post=2359"},{"taxonomy":"post_tag","embeddable":true,"href":"https:\/\/sites.smith.edu\/frn372-fa24\/wp-json\/wp\/v2\/tags?post=2359"}],"curies":[{"name":"wp","href":"https:\/\/api.w.org\/{rel}","templated":true}]}}