{"id":2361,"date":"2024-01-18T18:20:00","date_gmt":"2024-01-18T23:20:00","guid":{"rendered":"https:\/\/sites.smith.edu\/frn372-fa24\/?p=2361"},"modified":"2024-09-11T12:58:27","modified_gmt":"2024-09-11T16:58:27","slug":"les-prospectus-apres-1836","status":"publish","type":"post","link":"https:\/\/sites.smith.edu\/frn372-fa24\/les-prospectus-apres-1836\/","title":{"rendered":"Le journal apr\u00e8s 1836"},"content":{"rendered":"\n<h3 class=\"wp-block-heading\">COURS 2<\/h3>\n\n\n\n<ul class=\"wp-block-list\">\n<li><em><a href=\"https:\/\/www.retronews.fr\/titre-de-presse\/siecle\" target=\"_blank\" rel=\"noreferrer noopener\"><u>Le Si\u00e8cle<\/u><\/a><\/em> (RetroNews)<\/li>\n\n\n\n<li><em><a rel=\"noreferrer noopener\" href=\"https:\/\/www.retronews.fr\/titre-de-presse\/presse\" target=\"_blank\"><u><span style=\"text-decoration: underline\">La Presse<\/span><\/u><\/a><\/em> (RetroNews)<\/li>\n<\/ul>\n\n\n\n<p>Et un article&nbsp;sur le contexte&nbsp;de&nbsp;1836, l&#8217;ann\u00e9e&nbsp;o\u00f9&nbsp;ont&nbsp;\u00e9t\u00e9&nbsp;fond\u00e9s&nbsp;ces&nbsp;deux titres :<\/p>\n\n\n\n<blockquote class=\"wp-block-quote has-small-font-size is-layout-flow wp-block-quote-is-layout-flow\">\n<p style=\"font-size:16px\">Emile de Girardin lance le 1er juillet 1836\u00a0<em>La Presse<\/em>, le premier quotidien \u00e0 bon march\u00e9. Il est consid\u00e9r\u00e9 comme le fondateur de la presse moderne : <strong>un journal d\u2019information et de divertissement<\/strong>, <strong>financ\u00e9 par la publicit\u00e9<\/strong>. Ce journal doit son succ\u00e8s \u00e0 un prix de vente bon march\u00e9 et aux romans feuilletons qui lui permettent d\u2019\u00e9largir son lectorat. Malgr\u00e9 les critiques, ses innovations sont largement imit\u00e9es par ses concurrents et font entrer la presse dans \u00ab l\u2019\u00e8re m\u00e9diatique \u00bb.<\/p>\n<cite>Julien&nbsp;Ebersold,&nbsp;<a rel=\"noreferrer noopener\" href=\"https:\/\/www-retronews-fr.libproxy.smith.edu\/patrons-de-presse-presse-ecrite\/long-format\/2018\/04\/05\/la-fondation-de-la-presse-en-1836\" target=\"_blank\"><u>&#8220;La fondation de&nbsp;<em>la Presse<\/em>&nbsp;en 1836&#8243;<\/u><\/a><\/cite><\/blockquote>\n\n\n\n<p>La page des annonces dans <em>La Presse<\/em> quelques mois apr\u00e8s sa fondation en juillet : <\/p>\n\n\n\n<p><code><div class=\"h5p-content\" data-content-id=\"18\"><\/div><\/code><\/p>\n\n\n\n<h4 class=\"wp-block-heading\">Combien co\u00fbtait la vie \u00e0 Paris au 19e si\u00e8cle ?<\/h4>\n\n\n\n<p>Avant 1836, on s&#8217;abonnait \u00e0 la plupart des journaux au prix de <strong>80 francs par an<\/strong>. En 1836, deux journaux, <em>La Presse <\/em>et<em> le Si\u00e8cle<\/em> r\u00e9duisent le prix de l&#8217;abonnement \u00e0 <strong>40 fr<\/strong> par an, par le moyen des annonces (qui financent l&#8217;autre 40 fr).<\/p>\n\n\n\n<p>Mais que repr\u00e9sentaient 80 francs ? 40 francs ? <a href=\"https:\/\/sites.smith.edu\/frn372-fa24\/?p=2436\" data-type=\"post\" data-id=\"2436\">Voir par ici<\/a>.<\/p>\n","protected":false},"excerpt":{"rendered":"<p>COURS 2 Et un article&nbsp;sur le contexte&nbsp;de&nbsp;1836, l&#8217;ann\u00e9e&nbsp;o\u00f9&nbsp;ont&nbsp;\u00e9t\u00e9&nbsp;fond\u00e9s&nbsp;ces&nbsp;deux titres : Emile de Girardin lance le 1er juillet 1836\u00a0La Presse, le premier quotidien \u00e0 bon march\u00e9. Il est consid\u00e9r\u00e9 comme le fondateur de la presse moderne : un journal d\u2019information et de divertissement, financ\u00e9 par la publicit\u00e9. Ce journal doit son succ\u00e8s \u00e0 un prix de&hellip; <a class=\"more-link\" href=\"https:\/\/sites.smith.edu\/frn372-fa24\/les-prospectus-apres-1836\/\">Continue reading <span class=\"screen-reader-text\">Le journal apr\u00e8s 1836<\/span> <span class=\"meta-nav\" aria-hidden=\"true\">&rarr;<\/span><\/a><\/p>\n","protected":false},"author":4992,"featured_media":2371,"comment_status":"closed","ping_status":"closed","sticky":false,"template":"","format":"standard","meta":{"footnotes":""},"categories":[5,6,8],"tags":[],"class_list":["post-2361","post","type-post","status-publish","format-standard","has-post-thumbnail","hentry","category-ressources","category-supplements","category-unite1"],"_links":{"self":[{"href":"https:\/\/sites.smith.edu\/frn372-fa24\/wp-json\/wp\/v2\/posts\/2361","targetHints":{"allow":["GET"]}}],"collection":[{"href":"https:\/\/sites.smith.edu\/frn372-fa24\/wp-json\/wp\/v2\/posts"}],"about":[{"href":"https:\/\/sites.smith.edu\/frn372-fa24\/wp-json\/wp\/v2\/types\/post"}],"author":[{"embeddable":true,"href":"https:\/\/sites.smith.edu\/frn372-fa24\/wp-json\/wp\/v2\/users\/4992"}],"replies":[{"embeddable":true,"href":"https:\/\/sites.smith.edu\/frn372-fa24\/wp-json\/wp\/v2\/comments?post=2361"}],"version-history":[{"count":7,"href":"https:\/\/sites.smith.edu\/frn372-fa24\/wp-json\/wp\/v2\/posts\/2361\/revisions"}],"predecessor-version":[{"id":2532,"href":"https:\/\/sites.smith.edu\/frn372-fa24\/wp-json\/wp\/v2\/posts\/2361\/revisions\/2532"}],"wp:featuredmedia":[{"embeddable":true,"href":"https:\/\/sites.smith.edu\/frn372-fa24\/wp-json\/wp\/v2\/media\/2371"}],"wp:attachment":[{"href":"https:\/\/sites.smith.edu\/frn372-fa24\/wp-json\/wp\/v2\/media?parent=2361"}],"wp:term":[{"taxonomy":"category","embeddable":true,"href":"https:\/\/sites.smith.edu\/frn372-fa24\/wp-json\/wp\/v2\/categories?post=2361"},{"taxonomy":"post_tag","embeddable":true,"href":"https:\/\/sites.smith.edu\/frn372-fa24\/wp-json\/wp\/v2\/tags?post=2361"}],"curies":[{"name":"wp","href":"https:\/\/api.w.org\/{rel}","templated":true}]}}