{"id":2366,"date":"2024-01-18T18:23:00","date_gmt":"2024-01-18T23:23:00","guid":{"rendered":"https:\/\/sites.smith.edu\/frn372-fa24\/?p=2366"},"modified":"2024-09-12T13:50:27","modified_gmt":"2024-09-12T17:50:27","slug":"les-chroniqueuses-et-les-chroniqueurs","status":"publish","type":"post","link":"https:\/\/sites.smith.edu\/frn372-fa24\/les-chroniqueuses-et-les-chroniqueurs\/","title":{"rendered":"Les chroniqueuses et les chroniqueurs"},"content":{"rendered":"\n<p><a href=\"https:\/\/docs.google.com\/presentation\/d\/19-mjnjbQ8cVEjKHPqJuWGA-ffc4O2ajNlWjJarfP0Jk\/edit?usp=sharing\" data-type=\"link\" data-id=\"https:\/\/docs.google.com\/presentation\/d\/19-mjnjbQ8cVEjKHPqJuWGA-ffc4O2ajNlWjJarfP0Jk\/edit?usp=sharing\" target=\"_blank\" rel=\"noreferrer noopener\">Introduction aux chroniqueurs\u00b7ses (diaporama)<\/a><\/p>\n\n\n\n<hr class=\"wp-block-separator has-alpha-channel-opacity is-style-dots\" \/>\n\n\n\n<p><a href=\"https:\/\/www-retronews-fr.libproxy.smith.edu\/journal\/le-temps\/9-mars-1880\/123\/365039\/3\" target=\"_blank\" rel=\"noreferrer noopener\">Voici&nbsp;&#8220;La Vie \u00e0&nbsp;Paris&#8221; de&nbsp;<strong>Claretie<\/strong><\/a> dans le journal<em>&nbsp;Le Temps<\/em>&nbsp;du&nbsp;9 mars 1880.<\/p>\n\n\n\n<hr class=\"wp-block-separator has-alpha-channel-opacity is-style-dots\" \/>\n\n\n\n<h3 class=\"wp-block-heading\"><span style=\"text-decoration: underline\">Delphine de Girardin<\/span> [pseudonyme : le vicomte de Launay]<\/h3>\n\n\n\n<blockquote class=\"wp-block-quote has-small-font-size is-layout-flow wp-block-quote-is-layout-flow\">\n<p style=\"font-size:16px\">Quand il ne s&#8217;est rien pass\u00e9 dans la semaine, <strong>le vicomte ne laisse pas tomber la conversation <\/strong>pour cela, il la soutient \u00e0 lui tout seul, et <strong>avec quel esprit \u00e9tincelant, quelle ironie incisive, quelle finesse p\u00e9n\u00e9trante<\/strong>!  Que de v\u00e9rit\u00e9s ing\u00e9nieuses, que de frivolit\u00e9s profondes, et \u00e0 travers ce babil qui affecte d&#8217;\u00eatre l\u00e9ger, quelle droiture de coeur, quelle hauteur d&#8217;\u00e2me, quel parfait sens moral! <strong>Comme le mondain vicomte cingle de sa badine tout ce qui est l\u00e2che, tout ce qui est laid, tout ce qui est hypocrite<\/strong>! comme il fait la guerre aux mensonges, aux bassesses, aux turpitudes, sans jamais prendre le ton d\u00e9clamatoire! avec quel art il sertit le ridicule dans une monture de plaisanteries !<\/p>\n<cite>Th\u00e9ophile Gautier, Introduction aux \u0152uvres compl\u00e8tes de Delphine de Girardin (1857)<\/cite><\/blockquote>\n\n\n\n<ul class=\"wp-block-list\">\n<li>Les chroniques de&nbsp;<strong>Delphine de&nbsp;Girardin<\/strong>&nbsp;ont&nbsp;apparu&nbsp;sous le&nbsp;titre \u00abCourrier de&nbsp;Paris\u00bb, sign\u00e9 du&nbsp;pseudonyme \u00abLe vicomte&nbsp;de&nbsp;Launay\u00bb, dans le journal&nbsp;<em>La Presse<\/em>&nbsp;(fond\u00e9&nbsp;en 1836 et&nbsp;dirig\u00e9&nbsp;par son mari, \u00c9mile de&nbsp;Girardin), et ont&nbsp;\u00e9t\u00e9 publi\u00e9es&nbsp;en volume plus tard sous le&nbsp;titre&nbsp;<em>Lettres<\/em><em>&nbsp;parisiennes<\/em>.<\/li>\n\n\n\n<li><strong><u><a rel=\"noreferrer noopener\" href=\"https:\/\/www-retronews-fr.libproxy.smith.edu\/journal\/la-presse\/29-septembre-1836\/126\/384871\/1\" target=\"_blank\">Voici&nbsp;sa&nbsp;premi\u00e8re chronique<\/a><\/u><\/strong>&nbsp;telle&nbsp;qu&#8217;elle&nbsp;apparassait&nbsp;dans&nbsp;<em>La Presse<\/em>&nbsp;le&nbsp;29 septembre&nbsp;1836, en bas de la premi\u00e8re&nbsp;page, dans la rubrique &#8216;feuilleton&#8217;.<\/li>\n\n\n\n<li>Article tr\u00e8s&nbsp;int\u00e9ressant sur&nbsp;<strong><u><a href=\"https:\/\/www-retronews-fr.libproxy.smith.edu\/societe\/long-format\/2019\/09\/10\/les-courriers-de-paris\" target=\"_blank\" rel=\"noreferrer noopener\">RetroNews<\/a><\/u><\/strong>&nbsp;au sujet de&nbsp;Delphine de&nbsp;Girardin&nbsp;et le&nbsp;genre de&nbsp;la chronique.<\/li>\n<\/ul>\n\n\n\n<hr class=\"wp-block-separator has-alpha-channel-opacity is-style-dots\" \/>\n\n\n\n<h3 class=\"wp-block-heading\">L\u00e9o Lesp\u00e8s [pseudonyme : <span style=\"text-decoration: underline\">Timoth\u00e9e Trimm<\/span>]<\/h3>\n\n\n\n<blockquote class=\"wp-block-quote has-small-font-size is-layout-flow wp-block-quote-is-layout-flow\">\n<p style=\"font-size:16px\"><strong>Timoth\u00e9e Trimm<\/strong> \u00e9tait le pseudonyme de L\u00e9o Lesp\u00e8s, le chroniqueur tr\u00e8s populaire\u2014dans les deux sens du terme\u2014au&nbsp;<em>Petit Journal<\/em>&nbsp;aux ann\u00e9es 1860:<\/p>\n\n\n\n<p style=\"font-size:16px\">Pseudonyme de L\u00e9o Lesp\u00e8s, de son vrai pr\u00e9nom, Joseph Napol\u00e9on, journaliste et romancier dont le r\u00f4le de chroniqueur dans <em>Le Petit Journal<\/em> l\u2019a assur\u00e9 d\u2019une renomm\u00e9e sans \u00e9gale. Apr\u00e8s avoir travaill\u00e9 au <em>Figaro<\/em> de Villemessant, il fait sa premi\u00e8re chronique le 26 juillet 1863 sans discontinuit\u00e9 jusqu\u2019\u00e0 son d\u00e9part pour <em>Le Petit Moniteur <\/em>en 1869. Il est remplac\u00e9 par Thomas Grimm (pseudonyme collectif regroupant Henri Escoffier et ses collaborateurs). <strong>M\u00e9pris\u00e9 par l\u2019intelligentsia de l\u2019\u00e9poque, ses chroniques prenaient la forme de conversation avec le lecteur pour aborder des sujets de la vie quotidienne et des faits-divers<\/strong>.&nbsp;<\/p>\n<cite><a rel=\"noreferrer noopener\" href=\"https:\/\/www-retronews-fr.libproxy.smith.edu\/histoire-de-la-presse\/long-format\/2018\/04\/04\/la-fondation-du-petit-journal-en-1863\" target=\"_blank\">Julien Ebersold, \u00abLa fondation du&nbsp;<em>Petit Journal&nbsp;<\/em>en 1863\u00bb,&nbsp;<em>RetroNews<\/em><\/a><\/cite><\/blockquote>\n\n\n\n<blockquote class=\"wp-block-quote has-small-font-size is-layout-flow wp-block-quote-is-layout-flow\">\n<p style=\"font-size:16px\">Quant au chroniqueur du <em>Petit Journal<\/em>, <strong>pourquoi le peuple ne l&#8217;aimerait-il pas, comment pourrait-il ne pas l&#8217;aimer? <\/strong>D\u00e9daigneux des r\u00e8gles, m\u00e9prisant la solennit\u00e9, il sait accommoder l&#8217;\u00e9v\u00e9nement du matin, l&#8217;accident du soir, au go\u00fbt des lecteurs, saupoudrant toutes les tartines avec un sel gris piquant comme celui que les m\u00e9nag\u00e8res jettent \u00e0 poign\u00e9es dans la marmite honn\u00eate du pot-au-feu. <\/p>\n\n\n\n<p style=\"font-size:16px\">[&#8230;] sans savoir comme d&#8217;autres aiguiser les mots, ciseler les phrases, il est devenu <strong>le chroniqueur aim\u00e9<\/strong>, le journaliste indispensable. Ils sont des millions en France qui n&#8217;ont \u00e9t\u00e9 qu&#8217;\u00e0 la <em>mutuelle <\/em>ou \u00e0 la <em>primaire<\/em>, point au coll\u00e8ge; <strong>il ne faut pas avec eux \u00eatre trop instruit ou trop brillant, jeter de l&#8217;\u00e9clat ou faire de la majest\u00e9; on doit leur parler de choses qu&#8217;ils savent, des gens qu&#8217;ils connaissent<\/strong>. A ce prix-l\u00e0 on est populaire, et je comprends cette popularit\u00e9, sans \u00eatre fou de cette litt\u00e9rature.<\/p>\n<cite><a rel=\"noreferrer noopener\" href=\"https:\/\/www-retronews-fr.libproxy.smith.edu\/journal\/le-figaro-1854-\/21-janvier-1866\/104\/531457\/2\" target=\"_blank\">Jules Vall\u00e8s au sujet de Trimm dans&nbsp;<em>Le Figaro<\/em>, 1866<\/a>&nbsp;(RetroNews)<\/cite><\/blockquote>\n\n\n\n<ul class=\"wp-block-list\">\n<li><em><a rel=\"noreferrer noopener\" href=\"https:\/\/gallica.bnf.fr\/ark:\/12148\/bpt6k3040930x\/f9.item.zoom\" target=\"_blank\">Les Matin\u00e9es de Timoth\u00e9e Trimm<\/a><\/em>, recueil de chroniques publi\u00e9 en 1865<\/li>\n\n\n\n<li><a href=\"https:\/\/gallica.bnf.fr\/ark:\/12148\/btv1b10525055p\/f39.item\" target=\"_blank\" rel=\"noreferrer noopener\">Une photographie de Lesp\u00e8s<\/a>, en tenant un num\u00e9ro du&nbsp;<em>Petit Journal<\/em><\/li>\n\n\n\n<li><a rel=\"noreferrer noopener\" href=\"https:\/\/gallica.bnf.fr\/ark:\/12148\/bpt6k15233175\/f1.item\" target=\"_blank\">Caricature de Timoth\u00e9e Trimm par Gill<\/a>, sur la couverture de&nbsp;<em>La Lune<\/em>, 23 september 1866<\/li>\n<\/ul>\n\n\n<div class=\"wp-block-image is-style-default\">\n<figure class=\"aligncenter size-large is-resized\"><img loading=\"lazy\" decoding=\"async\" width=\"1952\" height=\"2560\" src=\"https:\/\/sites.smith.edu\/frn372-fa24\/wp-content\/uploads\/sites\/1111\/2024\/02\/1842.-Daumier-Bon-mot-du-temps-Diogene-Boston-Public-Library-edited-scaled-1.jpg\" alt=\"Diog\u00e8ne avec sa lanterne, avec l\u00e9gende qui lit en partie &quot;Messieurs, je cherche un homme, et de mon \u0153il lent terne, je n'en vois pas&quot;\" class=\"wp-image-449\" style=\"width:450px\" srcset=\"https:\/\/sites.smith.edu\/frn372-fa24\/wp-content\/uploads\/sites\/1111\/2024\/02\/1842.-Daumier-Bon-mot-du-temps-Diogene-Boston-Public-Library-edited-scaled-1.jpg 1952w, https:\/\/sites.smith.edu\/frn372-fa24\/wp-content\/uploads\/sites\/1111\/2024\/02\/1842.-Daumier-Bon-mot-du-temps-Diogene-Boston-Public-Library-edited-scaled-1-229x300.jpg 229w, https:\/\/sites.smith.edu\/frn372-fa24\/wp-content\/uploads\/sites\/1111\/2024\/02\/1842.-Daumier-Bon-mot-du-temps-Diogene-Boston-Public-Library-edited-scaled-1-781x1024.jpg 781w, https:\/\/sites.smith.edu\/frn372-fa24\/wp-content\/uploads\/sites\/1111\/2024\/02\/1842.-Daumier-Bon-mot-du-temps-Diogene-Boston-Public-Library-edited-scaled-1-768x1007.jpg 768w, https:\/\/sites.smith.edu\/frn372-fa24\/wp-content\/uploads\/sites\/1111\/2024\/02\/1842.-Daumier-Bon-mot-du-temps-Diogene-Boston-Public-Library-edited-scaled-1-1171x1536.jpg 1171w, https:\/\/sites.smith.edu\/frn372-fa24\/wp-content\/uploads\/sites\/1111\/2024\/02\/1842.-Daumier-Bon-mot-du-temps-Diogene-Boston-Public-Library-edited-scaled-1-1562x2048.jpg 1562w\" sizes=\"auto, (max-width: 1952px) 100vw, 1952px\" \/><figcaption class=\"wp-element-caption\"><em>Daumier &#8211; caricature montrant Diog\u00e8ne, \u00abBon mot du temps\u00bb (Boston Public Library)<\/em><\/figcaption><\/figure>\n<\/div>\n\n\n<hr class=\"wp-block-separator has-alpha-channel-opacity is-style-dots\" \/>\n\n\n\n<h3 class=\"wp-block-heading\">Jules Vall\u00e8s<\/h3>\n\n\n\n<ul class=\"wp-block-list\">\n<li><a rel=\"noreferrer noopener\" href=\"https:\/\/www-retronews-fr.libproxy.smith.edu\/edito\/jules-valles-le-perpetuel-insurge\" target=\"_blank\"><strong>Jules Vall\u00e8s<\/strong>, le perpetuel insurg\u00e9 (RetroNews)<\/a><\/li>\n\n\n\n<li><a rel=\"noreferrer noopener\" href=\"https:\/\/www-retronews-fr.libproxy.smith.edu\/politique\/echo-de-presse\/2019\/03\/27\/au-fond-d-une-mine-avec-jules-valles\" target=\"_blank\">\u00ab Au fond d&#8217;une mine \u00bb \u00e0 Saint-\u00c9tienne, avec Jules Vall\u00e8s (RetroNews)<\/a><a rel=\"noreferrer noopener\" href=\"https:\/\/www-retronews-fr.libproxy.smith.edu\/politique\/echo-de-presse\/2019\/03\/27\/au-fond-d-une-mine-avec-jules-valles\" target=\"_blank\"><\/a><\/li>\n\n\n\n<li><a href=\"https:\/\/www-retronews-fr.libproxy.smith.edu\/politique\/echo-de-presse\/2017\/04\/07\/jules-valles-et-les-victimes-de-la-misere-sans-drapeau\" target=\"_blank\" rel=\"noreferrer noopener\">Jules Vall\u00e8s et les victimes de la \u00ab mis\u00e8re sans drapeau \u00bb (RetroNews)<\/a><\/li>\n\n\n\n<li><a rel=\"noreferrer noopener\" href=\"https:\/\/www-retronews-fr.libproxy.smith.edu\/histoire-de-la-presse\/long-format\/2019\/04\/21\/le-cri-du-peuple-pendant-la-commune\" target=\"_blank\">Paris, 1871 : \u00ab Le Cri du peuple \u00bb, un journal au c\u0153ur de la Commune (RetroNews)<\/a><a rel=\"noreferrer noopener\" href=\"https:\/\/www-retronews-fr.libproxy.smith.edu\/politique\/echo-de-presse\/2019\/03\/27\/au-fond-d-une-mine-avec-jules-valles\" target=\"_blank\"><\/a><\/li>\n<\/ul>\n\n\n\n<blockquote class=\"wp-block-quote has-small-font-size is-layout-flow wp-block-quote-is-layout-flow\">\n<p style=\"font-size:16px\">Les activit\u00e9s journalistiques de <strong>Jules Vall\u00e8s<\/strong> (1832-1885) sont ins\u00e9parables de <strong>son engagement politique<\/strong>. Celui qui fut l&#8217;un des \u00e9lus de la Commune est aussi le fondateur de l&#8217;\u00e9ph\u00e9m\u00e8re <em>Cri du peuple<\/em>, journal embl\u00e9matique de l&#8217;insurrection de 1871.<\/p>\n<cite><a rel=\"noreferrer noopener\" href=\"https:\/\/www-retronews-fr.libproxy.smith.edu\/histoire-de-la-presse\/long-format\/2018\/03\/16\/le-cri-du-peuple-premier-grand-quotidien-socialiste\" target=\"_blank\">Le Cri du Peuple, premier grand quotidien socialiste (RetroNews)<\/a><\/cite><\/blockquote>\n\n\n\n<p>\u00abHier-Demain\u00bb, d\u00e9claration de mission journalistique, dans <em>Le Nain jaune<\/em> en 1867 :<\/p>\n\n\n\n<p><code><div class=\"h5p-content\" data-content-id=\"11\"><\/div><\/code><\/p>\n\n\n\n<hr class=\"wp-block-separator has-alpha-channel-opacity is-style-dots\" \/>\n\n\n\n<h3 class=\"wp-block-heading\">Caroline R\u00e9my [<span style=\"text-decoration: underline\">S\u00e9verine<\/span>]<\/h3>\n\n\n\n<blockquote class=\"wp-block-quote has-small-font-size is-layout-flow wp-block-quote-is-layout-flow\">\n<p style=\"font-size:16px\">Il y avait des grandes femmes journalistes avant <strong>S\u00e9verine<\/strong>, au 19\u00e8me si\u00e8cle : des chroniqueuses d\u2019une part, des publicistes d\u2019autre part. Mais S\u00e9verine a inaugur\u00e9 une nouvelle lign\u00e9e, celle des&nbsp;<strong>femmes reporters<\/strong>. Elle va inventer autre chose. <strong>Elle met en sc\u00e8ne un corps \u00e9motif, un corps expos\u00e9, en montrant qu\u2019elle prend les m\u00eames risques les hommes, c\u2019est un journalisme total, de terrain<\/strong>. La peur est instrument de validation du reportage. Elle la met en sc\u00e8ne, et va m\u00eame plus loin que les hommes, en pratiquant pour la premi\u00e8re fois en France <strong>un journalisme d\u2019identification<\/strong>. Elle choisit de prendre la place du sujet dont elle \u00e9crit l\u2019histoire.<\/p>\n<cite>Marie-\u00c8ve Th\u00e9renty<\/cite><\/blockquote>\n\n\n\n<ul class=\"wp-block-list\">\n<li><a rel=\"noreferrer noopener\" href=\"https:\/\/gallica.bnf.fr\/blog\/24042019\/pionnieres-episode-2-severine?mode=desktop\" target=\"_blank\">Pionni\u00e8res ! Episode 2 : S\u00e9verine \u2013 Femmes de presse<\/a> (vid\u00e9o)<\/li>\n<\/ul>\n\n\n\n<p>Images de <strong>S\u00e9verine<\/strong>:<\/p>\n\n\n\n<ul class=\"wp-block-list\">\n<li><a href=\"https:\/\/bibliotheques-specialisees.paris.fr\/ark:\/73873\/pf0000862148\/v0001.simple.highlight=caroline%20r%C3%A9my.selectedTab=record\" target=\"_blank\" rel=\"noreferrer noopener\">S\u00e9verine, debout, un poing sur la hanche : [photographie] \/ photo de Nadar<\/a><\/li>\n\n\n\n<li><a href=\"https:\/\/bibliotheques-specialisees.paris.fr\/ark:\/73873\/pf0001868704\/v0001.simple.highlight=caroline%20r%C3%A9my.selectedTab=record\" target=\"_blank\" rel=\"noreferrer noopener\">S\u00e9verine \u00e0 son bureau, le 1er novembre 1895 : [photographie] \/ [Paul Marsan dit Dornac]<\/a><\/li>\n\n\n\n<li><a href=\"https:\/\/bibliotheques-specialisees.paris.fr\/ark:\/73873\/pf0002183632\/v0001.simple.highlight=caroline%20r%C3%A9my.selectedTab=record\" target=\"_blank\" rel=\"noreferrer noopener\">[S\u00e9verine, Marguerite Durand et Jeanne Br\u00e9montier \u00e0 Rennes pendant le proc\u00e8s de Dreyfus] : [dessin] \/ C.P. Renouard<\/a><\/li>\n\n\n\n<li><a href=\"https:\/\/bibliotheques-specialisees.paris.fr\/ark:\/73873\/pf0000862149\/v0001.simple.highlight=caroline%20r%C3%A9my.selectedTab=record\" target=\"_blank\" rel=\"noreferrer noopener\">S\u00e9verine dans son salon, sous le portrait de Jules Vall\u00e8s, un chien sur ses genoux : [photographie]<\/a><\/li>\n<\/ul>\n","protected":false},"excerpt":{"rendered":"<p>Introduction aux chroniqueurs\u00b7ses (diaporama) Voici&nbsp;&#8220;La Vie \u00e0&nbsp;Paris&#8221; de&nbsp;Claretie dans le journal&nbsp;Le Temps&nbsp;du&nbsp;9 mars 1880. Delphine de Girardin [pseudonyme : le vicomte de Launay] Quand il ne s&#8217;est rien pass\u00e9 dans la semaine, le vicomte ne laisse pas tomber la conversation pour cela, il la soutient \u00e0 lui tout seul, et avec quel esprit \u00e9tincelant, quelle&hellip; <a class=\"more-link\" href=\"https:\/\/sites.smith.edu\/frn372-fa24\/les-chroniqueuses-et-les-chroniqueurs\/\">Continue reading <span class=\"screen-reader-text\">Les chroniqueuses et les chroniqueurs<\/span> <span class=\"meta-nav\" aria-hidden=\"true\">&rarr;<\/span><\/a><\/p>\n","protected":false},"author":4992,"featured_media":2374,"comment_status":"closed","ping_status":"closed","sticky":false,"template":"","format":"standard","meta":{"footnotes":""},"categories":[5,6,8],"tags":[],"class_list":["post-2366","post","type-post","status-publish","format-standard","has-post-thumbnail","hentry","category-ressources","category-supplements","category-unite1"],"_links":{"self":[{"href":"https:\/\/sites.smith.edu\/frn372-fa24\/wp-json\/wp\/v2\/posts\/2366","targetHints":{"allow":["GET"]}}],"collection":[{"href":"https:\/\/sites.smith.edu\/frn372-fa24\/wp-json\/wp\/v2\/posts"}],"about":[{"href":"https:\/\/sites.smith.edu\/frn372-fa24\/wp-json\/wp\/v2\/types\/post"}],"author":[{"embeddable":true,"href":"https:\/\/sites.smith.edu\/frn372-fa24\/wp-json\/wp\/v2\/users\/4992"}],"replies":[{"embeddable":true,"href":"https:\/\/sites.smith.edu\/frn372-fa24\/wp-json\/wp\/v2\/comments?post=2366"}],"version-history":[{"count":2,"href":"https:\/\/sites.smith.edu\/frn372-fa24\/wp-json\/wp\/v2\/posts\/2366\/revisions"}],"predecessor-version":[{"id":2561,"href":"https:\/\/sites.smith.edu\/frn372-fa24\/wp-json\/wp\/v2\/posts\/2366\/revisions\/2561"}],"wp:featuredmedia":[{"embeddable":true,"href":"https:\/\/sites.smith.edu\/frn372-fa24\/wp-json\/wp\/v2\/media\/2374"}],"wp:attachment":[{"href":"https:\/\/sites.smith.edu\/frn372-fa24\/wp-json\/wp\/v2\/media?parent=2366"}],"wp:term":[{"taxonomy":"category","embeddable":true,"href":"https:\/\/sites.smith.edu\/frn372-fa24\/wp-json\/wp\/v2\/categories?post=2366"},{"taxonomy":"post_tag","embeddable":true,"href":"https:\/\/sites.smith.edu\/frn372-fa24\/wp-json\/wp\/v2\/tags?post=2366"}],"curies":[{"name":"wp","href":"https:\/\/api.w.org\/{rel}","templated":true}]}}