{"id":2436,"date":"2024-01-18T18:21:00","date_gmt":"2024-01-18T23:21:00","guid":{"rendered":"https:\/\/sites.smith.edu\/frn372-fa24\/?p=2436"},"modified":"2024-09-09T10:28:55","modified_gmt":"2024-09-09T14:28:55","slug":"le-cout-de-la-vie-et-le-prix-du-journal-au-19e-siecle","status":"publish","type":"post","link":"https:\/\/sites.smith.edu\/frn372-fa24\/le-cout-de-la-vie-et-le-prix-du-journal-au-19e-siecle\/","title":{"rendered":"Le co\u00fbt de la vie et le prix du journal au 19e si\u00e8cle"},"content":{"rendered":"\n<h2 class=\"wp-block-heading\">Combien co\u00fbtait la vie \u00e0 Paris au 19e si\u00e8cle ?<\/h2>\n\n\n\n<p>Avant <strong>1836<\/strong>, on s&#8217;abonnait \u00e0 la plupart des journaux au prix de <strong>80 francs <\/strong>par an. En 1836, deux journaux, <em>La Presse <\/em>et<em> le Si\u00e8cle<\/em>, ont r\u00e9duit le prix de l&#8217;abonnement \u00e0 <strong>40 fr<\/strong> par an, par le moyen des annonces (qui financent l&#8217;autre 40 fr).<\/p>\n\n\n\n<p>En <strong>1863<\/strong>, les journaux non-politiques ont pu se vendre <strong>au num\u00e9ro<\/strong>, sans abonnement, pour un prix de <strong>5 centimes<\/strong> \u2013 ce qu&#8217;on appelle plus commun\u00e9ment <strong>un sou<\/strong>. Les abonnements annuels coutaient entre <strong>36 <\/strong>et <strong>48<\/strong> <strong>francs<\/strong> par an.<\/p>\n\n\n\n<p>Apr\u00e8s <strong>1881<\/strong>, tous les journaux pouvaient se vendre au num\u00e9ro ; les quotidiens co\u00fbtaient <strong>un<\/strong> ou <strong>deux sous<\/strong> (<strong>5<\/strong> ou <strong>10 centimes<\/strong>). Une revue illustr\u00e9e se vendait g\u00e9n\u00e9ralement \u00e0 <strong>20 centimes<\/strong> le num\u00e9ro.<\/p>\n\n\n\n<p>Mais que repr\u00e9sentaient 80 francs ? 40 francs ? un sou ?<\/p>\n\n\n\n<p><em>Notez : un sou = 5 centimes<\/em> <em>; 20 sous = 1 franc<\/em><\/p>\n\n\n\n<p>Pour vous donner une petite id\u00e9e :<\/p>\n\n\n\n<ul class=\"wp-block-list\">\n<li>Vers 1830, un grand pain co\u00fbtait environ <strong>20-24 sous<\/strong> (<strong>1 franc<\/strong> ou <strong>1<\/strong> <strong>franc 20 centimes<\/strong>) \u00e0 Paris. On pouvait acheter une bouteille de vin ordinaire pour <strong>15-25 sous<\/strong> (entre <strong>75 centimes<\/strong> et <strong>1 fr 25<\/strong>). Un manteau co\u00fbtait entre <strong>50<\/strong> et <strong>100 francs<\/strong>, une robe de femme entre <strong>6<\/strong> et <strong>20 francs<\/strong>, selon la qualit\u00e9.<\/li>\n<\/ul>\n\n\n\n<p><\/p>\n\n\n\n<ul class=\"wp-block-list\">\n<li>Vers 1835, un ouvrier dans l&#8217;industrie de la soie \u00e0 Lyon gagnait environ <strong>2<\/strong> <strong>fr <\/strong>ou <strong>2 fr 50<\/strong> par jour. Un ouvrier pouvait payer ses repas et un peu de vin avec <strong>30 sous<\/strong> (<strong>1 fr 50<\/strong>) par jour. Il payait le loyer d&#8217;un appartement modeste pour <strong>100<\/strong> <strong>fr <\/strong>ou <strong>150 fr<\/strong> par an.<\/li>\n<\/ul>\n\n\n\n<p><\/p>\n\n\n\n<ul class=\"wp-block-list\">\n<li>Vers 1885, un voyageur \u00e0 Paris pouvait se payer une chambre d&#8217;h\u00f4tel \u00e0 <strong>4 <\/strong>ou <strong>5 fr<\/strong> la nuit. Un d\u00eener dans un restaurant, \u00e0 prix fixe, co\u00fbtait environ <strong>2 fr 50 <\/strong>ou <strong>3 fr 50<\/strong>.<\/li>\n<\/ul>\n\n\n\n<p><em>Sources : <\/em><a href=\"https:\/\/www.google.com\/books\/edition\/A_New_Picture_of_Paris_Or_The_Stranger_s\/jGMDAAAAQAAJ?hl=en&amp;gbpv=1&amp;dq=%22price%20of%20provisions%22&amp;pg=PA108&amp;printsec=frontcover\" target=\"_blank\" rel=\"noreferrer noopener\"><em>A New Picture of Paris<\/em> (1831)<\/a>, <a href=\"https:\/\/hdl.handle.net\/2027\/uiuo.ark:\/13960\/t46q58q8g?urlappend=%3Bseq=46\" target=\"_blank\" rel=\"noreferrer noopener\"><em>Report on the Commercial Relations between France and Great Britain<\/em> (1835)<\/a>, <a href=\"https:\/\/bibliotheques-specialisees.paris.fr\/ark:\/73873\/pf0001915521\/v0009.simple.selectedTab=record\" data-type=\"link\" data-id=\"https:\/\/bibliotheques-specialisees.paris.fr\/ark:\/73873\/pf0001915521\/v0009.simple.selectedTab=record\" target=\"_blank\" rel=\"noreferrer noopener\"><em>Paris en poche<\/em> (1884)<\/a><\/p>\n\n\n\n<h2 class=\"wp-block-heading\">Que peut-on acheter pour un sou dans les rues de Paris ?<\/h2>\n\n\n\n<figure class=\"wp-block-gallery has-nested-images columns-default is-cropped wp-block-gallery-1 is-layout-flex wp-block-gallery-is-layout-flex\">\n<figure data-wp-context=\"{&quot;imageId&quot;:&quot;69ee949d7c130&quot;}\" data-wp-interactive=\"core\/image\" data-wp-key=\"69ee949d7c130\" class=\"wp-block-image size-full wp-lightbox-container\"><img loading=\"lazy\" decoding=\"async\" width=\"492\" height=\"751\" data-wp-class--hide=\"state.isContentHidden\" data-wp-class--show=\"state.isContentVisible\" data-wp-init=\"callbacks.setButtonStyles\" data-wp-on--click=\"actions.showLightbox\" data-wp-on--load=\"callbacks.setButtonStyles\" data-wp-on-window--resize=\"callbacks.setButtonStyles\" data-id=\"2468\" src=\"https:\/\/sites.smith.edu\/frn372-fa24\/wp-content\/uploads\/sites\/1111\/2024\/09\/18.-Anonyme-Cris-de-Paris-Un-sou-le-tas-de-mes-Pommes-Musee-Carnavalet.jpg\" alt=\"Une femme qui vend des pommes \u00e0 un sou le tas\" class=\"wp-image-2468\" srcset=\"https:\/\/sites.smith.edu\/frn372-fa24\/wp-content\/uploads\/sites\/1111\/2024\/09\/18.-Anonyme-Cris-de-Paris-Un-sou-le-tas-de-mes-Pommes-Musee-Carnavalet.jpg 492w, https:\/\/sites.smith.edu\/frn372-fa24\/wp-content\/uploads\/sites\/1111\/2024\/09\/18.-Anonyme-Cris-de-Paris-Un-sou-le-tas-de-mes-Pommes-Musee-Carnavalet-197x300.jpg 197w\" sizes=\"auto, (max-width: 492px) 100vw, 492px\" \/><button\n\t\t\tclass=\"lightbox-trigger\"\n\t\t\ttype=\"button\"\n\t\t\taria-haspopup=\"dialog\"\n\t\t\taria-label=\"Enlarge\"\n\t\t\tdata-wp-init=\"callbacks.initTriggerButton\"\n\t\t\tdata-wp-on--click=\"actions.showLightbox\"\n\t\t\tdata-wp-style--right=\"state.imageButtonRight\"\n\t\t\tdata-wp-style--top=\"state.imageButtonTop\"\n\t\t>\n\t\t\t<svg xmlns=\"http:\/\/www.w3.org\/2000\/svg\" width=\"12\" height=\"12\" fill=\"none\" viewBox=\"0 0 12 12\">\n\t\t\t\t<path fill=\"#fff\" d=\"M2 0a2 2 0 0 0-2 2v2h1.5V2a.5.5 0 0 1 .5-.5h2V0H2Zm2 10.5H2a.5.5 0 0 1-.5-.5V8H0v2a2 2 0 0 0 2 2h2v-1.5ZM8 12v-1.5h2a.5.5 0 0 0 .5-.5V8H12v2a2 2 0 0 1-2 2H8Zm2-12a2 2 0 0 1 2 2v2h-1.5V2a.5.5 0 0 0-.5-.5H8V0h2Z\" \/>\n\t\t\t<\/svg>\n\t\t<\/button><figcaption class=\"wp-element-caption\">\u00abUn sou le tas mes Pommes de Reinette\u00bb. Sans date. (Mus\u00e9e Carnavalet)<\/figcaption><\/figure>\n\n\n\n<figure data-wp-context=\"{&quot;imageId&quot;:&quot;69ee949d7c6f4&quot;}\" data-wp-interactive=\"core\/image\" data-wp-key=\"69ee949d7c6f4\" class=\"wp-block-image size-large wp-lightbox-container\"><img loading=\"lazy\" decoding=\"async\" width=\"595\" height=\"1024\" data-wp-class--hide=\"state.isContentHidden\" data-wp-class--show=\"state.isContentVisible\" data-wp-init=\"callbacks.setButtonStyles\" data-wp-on--click=\"actions.showLightbox\" data-wp-on--load=\"callbacks.setButtonStyles\" data-wp-on-window--resize=\"callbacks.setButtonStyles\" data-id=\"2466\" src=\"https:\/\/sites.smith.edu\/frn372-fa24\/wp-content\/uploads\/sites\/1111\/2024\/09\/1840.-Forest-Marchande-de-jouets-La-Boutique-a-un-sou-Musee-Carnavalet-595x1024.jpg\" alt=\"Une femme qui vend des jouets \u00e0 un sou\" class=\"wp-image-2466\" srcset=\"https:\/\/sites.smith.edu\/frn372-fa24\/wp-content\/uploads\/sites\/1111\/2024\/09\/1840.-Forest-Marchande-de-jouets-La-Boutique-a-un-sou-Musee-Carnavalet-595x1024.jpg 595w, https:\/\/sites.smith.edu\/frn372-fa24\/wp-content\/uploads\/sites\/1111\/2024\/09\/1840.-Forest-Marchande-de-jouets-La-Boutique-a-un-sou-Musee-Carnavalet-174x300.jpg 174w, https:\/\/sites.smith.edu\/frn372-fa24\/wp-content\/uploads\/sites\/1111\/2024\/09\/1840.-Forest-Marchande-de-jouets-La-Boutique-a-un-sou-Musee-Carnavalet-768x1322.jpg 768w, https:\/\/sites.smith.edu\/frn372-fa24\/wp-content\/uploads\/sites\/1111\/2024\/09\/1840.-Forest-Marchande-de-jouets-La-Boutique-a-un-sou-Musee-Carnavalet-893x1536.jpg 893w, https:\/\/sites.smith.edu\/frn372-fa24\/wp-content\/uploads\/sites\/1111\/2024\/09\/1840.-Forest-Marchande-de-jouets-La-Boutique-a-un-sou-Musee-Carnavalet.jpg 978w\" sizes=\"auto, (max-width: 595px) 100vw, 595px\" \/><button\n\t\t\tclass=\"lightbox-trigger\"\n\t\t\ttype=\"button\"\n\t\t\taria-haspopup=\"dialog\"\n\t\t\taria-label=\"Enlarge\"\n\t\t\tdata-wp-init=\"callbacks.initTriggerButton\"\n\t\t\tdata-wp-on--click=\"actions.showLightbox\"\n\t\t\tdata-wp-style--right=\"state.imageButtonRight\"\n\t\t\tdata-wp-style--top=\"state.imageButtonTop\"\n\t\t>\n\t\t\t<svg xmlns=\"http:\/\/www.w3.org\/2000\/svg\" width=\"12\" height=\"12\" fill=\"none\" viewBox=\"0 0 12 12\">\n\t\t\t\t<path fill=\"#fff\" d=\"M2 0a2 2 0 0 0-2 2v2h1.5V2a.5.5 0 0 1 .5-.5h2V0H2Zm2 10.5H2a.5.5 0 0 1-.5-.5V8H0v2a2 2 0 0 0 2 2h2v-1.5ZM8 12v-1.5h2a.5.5 0 0 0 .5-.5V8H12v2a2 2 0 0 1-2 2H8Zm2-12a2 2 0 0 1 2 2v2h-1.5V2a.5.5 0 0 0-.5-.5H8V0h2Z\" \/>\n\t\t\t<\/svg>\n\t\t<\/button><figcaption class=\"wp-element-caption\">Marchande de jouets &#8211; la boutique \u00e0 un sou. 1840. (Mus\u00e9e Carnavalet)<\/figcaption><\/figure>\n\n\n\n<figure data-wp-context=\"{&quot;imageId&quot;:&quot;69ee949d7cc84&quot;}\" data-wp-interactive=\"core\/image\" data-wp-key=\"69ee949d7cc84\" class=\"wp-block-image size-large wp-lightbox-container\"><img loading=\"lazy\" decoding=\"async\" width=\"638\" height=\"1024\" data-wp-class--hide=\"state.isContentHidden\" data-wp-class--show=\"state.isContentVisible\" data-wp-init=\"callbacks.setButtonStyles\" data-wp-on--click=\"actions.showLightbox\" data-wp-on--load=\"callbacks.setButtonStyles\" data-wp-on-window--resize=\"callbacks.setButtonStyles\" data-id=\"2463\" src=\"https:\/\/sites.smith.edu\/frn372-fa24\/wp-content\/uploads\/sites\/1111\/2024\/09\/1815-vers.-Jolly-Cris-de-Paris-no.-50-Un-sou-la-plotte-de-ficelle-Musee-Carnavalet-638x1024.jpg\" alt=\"Un homme qui vend des pelotes de ficelle \u00e0 un sou\" class=\"wp-image-2463\" srcset=\"https:\/\/sites.smith.edu\/frn372-fa24\/wp-content\/uploads\/sites\/1111\/2024\/09\/1815-vers.-Jolly-Cris-de-Paris-no.-50-Un-sou-la-plotte-de-ficelle-Musee-Carnavalet-638x1024.jpg 638w, https:\/\/sites.smith.edu\/frn372-fa24\/wp-content\/uploads\/sites\/1111\/2024\/09\/1815-vers.-Jolly-Cris-de-Paris-no.-50-Un-sou-la-plotte-de-ficelle-Musee-Carnavalet-187x300.jpg 187w, https:\/\/sites.smith.edu\/frn372-fa24\/wp-content\/uploads\/sites\/1111\/2024\/09\/1815-vers.-Jolly-Cris-de-Paris-no.-50-Un-sou-la-plotte-de-ficelle-Musee-Carnavalet-768x1233.jpg 768w, https:\/\/sites.smith.edu\/frn372-fa24\/wp-content\/uploads\/sites\/1111\/2024\/09\/1815-vers.-Jolly-Cris-de-Paris-no.-50-Un-sou-la-plotte-de-ficelle-Musee-Carnavalet-957x1536.jpg 957w, https:\/\/sites.smith.edu\/frn372-fa24\/wp-content\/uploads\/sites\/1111\/2024\/09\/1815-vers.-Jolly-Cris-de-Paris-no.-50-Un-sou-la-plotte-de-ficelle-Musee-Carnavalet-1276x2048.jpg 1276w, https:\/\/sites.smith.edu\/frn372-fa24\/wp-content\/uploads\/sites\/1111\/2024\/09\/1815-vers.-Jolly-Cris-de-Paris-no.-50-Un-sou-la-plotte-de-ficelle-Musee-Carnavalet-scaled.jpg 1595w\" sizes=\"auto, (max-width: 638px) 100vw, 638px\" \/><button\n\t\t\tclass=\"lightbox-trigger\"\n\t\t\ttype=\"button\"\n\t\t\taria-haspopup=\"dialog\"\n\t\t\taria-label=\"Enlarge\"\n\t\t\tdata-wp-init=\"callbacks.initTriggerButton\"\n\t\t\tdata-wp-on--click=\"actions.showLightbox\"\n\t\t\tdata-wp-style--right=\"state.imageButtonRight\"\n\t\t\tdata-wp-style--top=\"state.imageButtonTop\"\n\t\t>\n\t\t\t<svg xmlns=\"http:\/\/www.w3.org\/2000\/svg\" width=\"12\" height=\"12\" fill=\"none\" viewBox=\"0 0 12 12\">\n\t\t\t\t<path fill=\"#fff\" d=\"M2 0a2 2 0 0 0-2 2v2h1.5V2a.5.5 0 0 1 .5-.5h2V0H2Zm2 10.5H2a.5.5 0 0 1-.5-.5V8H0v2a2 2 0 0 0 2 2h2v-1.5ZM8 12v-1.5h2a.5.5 0 0 0 .5-.5V8H12v2a2 2 0 0 1-2 2H8Zm2-12a2 2 0 0 1 2 2v2h-1.5V2a.5.5 0 0 0-.5-.5H8V0h2Z\" \/>\n\t\t\t<\/svg>\n\t\t<\/button><figcaption class=\"wp-element-caption\">\u00abUn sou la plotte de ficelle un sou\u00bb. Marchand de ficelle [=string]. Vers 1850. (Mus\u00e9e Carnavalet)<\/figcaption><\/figure>\n\n\n\n<figure data-wp-context=\"{&quot;imageId&quot;:&quot;69ee949d7d18a&quot;}\" data-wp-interactive=\"core\/image\" data-wp-key=\"69ee949d7d18a\" class=\"wp-block-image size-large wp-lightbox-container\"><img loading=\"lazy\" decoding=\"async\" width=\"886\" height=\"1024\" data-wp-class--hide=\"state.isContentHidden\" data-wp-class--show=\"state.isContentVisible\" data-wp-init=\"callbacks.setButtonStyles\" data-wp-on--click=\"actions.showLightbox\" data-wp-on--load=\"callbacks.setButtonStyles\" data-wp-on-window--resize=\"callbacks.setButtonStyles\" data-id=\"2464\" src=\"https:\/\/sites.smith.edu\/frn372-fa24\/wp-content\/uploads\/sites\/1111\/2024\/09\/1838-1840.-Bouchot-Garcon-balayeur-Un-ptit-sou-mon-beau-Mossieu-Musee-Carnavalet-886x1024.jpg\" alt=\"Un gar\u00e7on qui balaye la rue demande un sou \u00e0 des passants bourgeois\" class=\"wp-image-2464\" srcset=\"https:\/\/sites.smith.edu\/frn372-fa24\/wp-content\/uploads\/sites\/1111\/2024\/09\/1838-1840.-Bouchot-Garcon-balayeur-Un-ptit-sou-mon-beau-Mossieu-Musee-Carnavalet-886x1024.jpg 886w, https:\/\/sites.smith.edu\/frn372-fa24\/wp-content\/uploads\/sites\/1111\/2024\/09\/1838-1840.-Bouchot-Garcon-balayeur-Un-ptit-sou-mon-beau-Mossieu-Musee-Carnavalet-260x300.jpg 260w, https:\/\/sites.smith.edu\/frn372-fa24\/wp-content\/uploads\/sites\/1111\/2024\/09\/1838-1840.-Bouchot-Garcon-balayeur-Un-ptit-sou-mon-beau-Mossieu-Musee-Carnavalet-768x887.jpg 768w, https:\/\/sites.smith.edu\/frn372-fa24\/wp-content\/uploads\/sites\/1111\/2024\/09\/1838-1840.-Bouchot-Garcon-balayeur-Un-ptit-sou-mon-beau-Mossieu-Musee-Carnavalet-1330x1536.jpg 1330w, https:\/\/sites.smith.edu\/frn372-fa24\/wp-content\/uploads\/sites\/1111\/2024\/09\/1838-1840.-Bouchot-Garcon-balayeur-Un-ptit-sou-mon-beau-Mossieu-Musee-Carnavalet-1773x2048.jpg 1773w\" sizes=\"auto, (max-width: 886px) 100vw, 886px\" \/><button\n\t\t\tclass=\"lightbox-trigger\"\n\t\t\ttype=\"button\"\n\t\t\taria-haspopup=\"dialog\"\n\t\t\taria-label=\"Enlarge\"\n\t\t\tdata-wp-init=\"callbacks.initTriggerButton\"\n\t\t\tdata-wp-on--click=\"actions.showLightbox\"\n\t\t\tdata-wp-style--right=\"state.imageButtonRight\"\n\t\t\tdata-wp-style--top=\"state.imageButtonTop\"\n\t\t>\n\t\t\t<svg xmlns=\"http:\/\/www.w3.org\/2000\/svg\" width=\"12\" height=\"12\" fill=\"none\" viewBox=\"0 0 12 12\">\n\t\t\t\t<path fill=\"#fff\" d=\"M2 0a2 2 0 0 0-2 2v2h1.5V2a.5.5 0 0 1 .5-.5h2V0H2Zm2 10.5H2a.5.5 0 0 1-.5-.5V8H0v2a2 2 0 0 0 2 2h2v-1.5ZM8 12v-1.5h2a.5.5 0 0 0 .5-.5V8H12v2a2 2 0 0 1-2 2H8Zm2-12a2 2 0 0 1 2 2v2h-1.5V2a.5.5 0 0 0-.5-.5H8V0h2Z\" \/>\n\t\t\t<\/svg>\n\t\t<\/button><figcaption class=\"wp-element-caption\">\u00abUn p&#8217;tit sou, mon beau Mossieu !\u00bb. Balayeur de rue. Vers 1838-1840. (Mus\u00e9e Carnavalet)<\/figcaption><\/figure>\n\n\n\n<figure data-wp-context=\"{&quot;imageId&quot;:&quot;69ee949d7d65a&quot;}\" data-wp-interactive=\"core\/image\" data-wp-key=\"69ee949d7d65a\" class=\"wp-block-image size-large wp-lightbox-container\"><img loading=\"lazy\" decoding=\"async\" width=\"780\" height=\"1024\" data-wp-class--hide=\"state.isContentHidden\" data-wp-class--show=\"state.isContentVisible\" data-wp-init=\"callbacks.setButtonStyles\" data-wp-on--click=\"actions.showLightbox\" data-wp-on--load=\"callbacks.setButtonStyles\" data-wp-on-window--resize=\"callbacks.setButtonStyles\" data-id=\"2465\" src=\"https:\/\/sites.smith.edu\/frn372-fa24\/wp-content\/uploads\/sites\/1111\/2024\/09\/1840-vers.-Benjamain-Le-Canard-Voila-le-grrrrrand-arret-de-mort.-Musee-Carnavalet-780x1024.jpg\" alt=\"Un crieur vend des imprim\u00e9s (un arr\u00eat de mort) \u00e0 un sou\" class=\"wp-image-2465\" srcset=\"https:\/\/sites.smith.edu\/frn372-fa24\/wp-content\/uploads\/sites\/1111\/2024\/09\/1840-vers.-Benjamain-Le-Canard-Voila-le-grrrrrand-arret-de-mort.-Musee-Carnavalet-780x1024.jpg 780w, https:\/\/sites.smith.edu\/frn372-fa24\/wp-content\/uploads\/sites\/1111\/2024\/09\/1840-vers.-Benjamain-Le-Canard-Voila-le-grrrrrand-arret-de-mort.-Musee-Carnavalet-229x300.jpg 229w, https:\/\/sites.smith.edu\/frn372-fa24\/wp-content\/uploads\/sites\/1111\/2024\/09\/1840-vers.-Benjamain-Le-Canard-Voila-le-grrrrrand-arret-de-mort.-Musee-Carnavalet-768x1008.jpg 768w, https:\/\/sites.smith.edu\/frn372-fa24\/wp-content\/uploads\/sites\/1111\/2024\/09\/1840-vers.-Benjamain-Le-Canard-Voila-le-grrrrrand-arret-de-mort.-Musee-Carnavalet-1170x1536.jpg 1170w, https:\/\/sites.smith.edu\/frn372-fa24\/wp-content\/uploads\/sites\/1111\/2024\/09\/1840-vers.-Benjamain-Le-Canard-Voila-le-grrrrrand-arret-de-mort.-Musee-Carnavalet-1560x2048.jpg 1560w, https:\/\/sites.smith.edu\/frn372-fa24\/wp-content\/uploads\/sites\/1111\/2024\/09\/1840-vers.-Benjamain-Le-Canard-Voila-le-grrrrrand-arret-de-mort.-Musee-Carnavalet-scaled.jpg 1950w\" sizes=\"auto, (max-width: 780px) 100vw, 780px\" \/><button\n\t\t\tclass=\"lightbox-trigger\"\n\t\t\ttype=\"button\"\n\t\t\taria-haspopup=\"dialog\"\n\t\t\taria-label=\"Enlarge\"\n\t\t\tdata-wp-init=\"callbacks.initTriggerButton\"\n\t\t\tdata-wp-on--click=\"actions.showLightbox\"\n\t\t\tdata-wp-style--right=\"state.imageButtonRight\"\n\t\t\tdata-wp-style--top=\"state.imageButtonTop\"\n\t\t>\n\t\t\t<svg xmlns=\"http:\/\/www.w3.org\/2000\/svg\" width=\"12\" height=\"12\" fill=\"none\" viewBox=\"0 0 12 12\">\n\t\t\t\t<path fill=\"#fff\" d=\"M2 0a2 2 0 0 0-2 2v2h1.5V2a.5.5 0 0 1 .5-.5h2V0H2Zm2 10.5H2a.5.5 0 0 1-.5-.5V8H0v2a2 2 0 0 0 2 2h2v-1.5ZM8 12v-1.5h2a.5.5 0 0 0 .5-.5V8H12v2a2 2 0 0 1-2 2H8Zm2-12a2 2 0 0 1 2 2v2h-1.5V2a.5.5 0 0 0-.5-.5H8V0h2Z\" \/>\n\t\t\t<\/svg>\n\t\t<\/button><figcaption class=\"wp-element-caption\">\u00abVoil\u00e0 le grrrrrand arr\u00eat de mort qui vient d&#8217;\u00eatre rendu &#8230; \u00e7a n&#8217;se vend qu&#8217;un sou !\u00bb. Vers 1840. (Mus\u00e9e Carnavalet)<\/figcaption><\/figure>\n\n\n\n<figure data-wp-context=\"{&quot;imageId&quot;:&quot;69ee949d7dac6&quot;}\" data-wp-interactive=\"core\/image\" data-wp-key=\"69ee949d7dac6\" class=\"wp-block-image size-large wp-lightbox-container\"><img loading=\"lazy\" decoding=\"async\" width=\"781\" height=\"1024\" data-wp-class--hide=\"state.isContentHidden\" data-wp-class--show=\"state.isContentVisible\" data-wp-init=\"callbacks.setButtonStyles\" data-wp-on--click=\"actions.showLightbox\" data-wp-on--load=\"callbacks.setButtonStyles\" data-wp-on-window--resize=\"callbacks.setButtonStyles\" data-id=\"2467\" src=\"https:\/\/sites.smith.edu\/frn372-fa24\/wp-content\/uploads\/sites\/1111\/2024\/09\/1845.-Castelot-Marchande-dimprimes-Voila-cqui-vient-de-paraitre-Musee-Carnavalet-781x1024.jpg\" alt=\"Une crieuse vend des imprim\u00e9s politiques \u00e0 un sou\" class=\"wp-image-2467\" srcset=\"https:\/\/sites.smith.edu\/frn372-fa24\/wp-content\/uploads\/sites\/1111\/2024\/09\/1845.-Castelot-Marchande-dimprimes-Voila-cqui-vient-de-paraitre-Musee-Carnavalet-781x1024.jpg 781w, https:\/\/sites.smith.edu\/frn372-fa24\/wp-content\/uploads\/sites\/1111\/2024\/09\/1845.-Castelot-Marchande-dimprimes-Voila-cqui-vient-de-paraitre-Musee-Carnavalet-229x300.jpg 229w, https:\/\/sites.smith.edu\/frn372-fa24\/wp-content\/uploads\/sites\/1111\/2024\/09\/1845.-Castelot-Marchande-dimprimes-Voila-cqui-vient-de-paraitre-Musee-Carnavalet-768x1007.jpg 768w, https:\/\/sites.smith.edu\/frn372-fa24\/wp-content\/uploads\/sites\/1111\/2024\/09\/1845.-Castelot-Marchande-dimprimes-Voila-cqui-vient-de-paraitre-Musee-Carnavalet-1172x1536.jpg 1172w, https:\/\/sites.smith.edu\/frn372-fa24\/wp-content\/uploads\/sites\/1111\/2024\/09\/1845.-Castelot-Marchande-dimprimes-Voila-cqui-vient-de-paraitre-Musee-Carnavalet-1563x2048.jpg 1563w, https:\/\/sites.smith.edu\/frn372-fa24\/wp-content\/uploads\/sites\/1111\/2024\/09\/1845.-Castelot-Marchande-dimprimes-Voila-cqui-vient-de-paraitre-Musee-Carnavalet-scaled.jpg 1953w\" sizes=\"auto, (max-width: 781px) 100vw, 781px\" \/><button\n\t\t\tclass=\"lightbox-trigger\"\n\t\t\ttype=\"button\"\n\t\t\taria-haspopup=\"dialog\"\n\t\t\taria-label=\"Enlarge\"\n\t\t\tdata-wp-init=\"callbacks.initTriggerButton\"\n\t\t\tdata-wp-on--click=\"actions.showLightbox\"\n\t\t\tdata-wp-style--right=\"state.imageButtonRight\"\n\t\t\tdata-wp-style--top=\"state.imageButtonTop\"\n\t\t>\n\t\t\t<svg xmlns=\"http:\/\/www.w3.org\/2000\/svg\" width=\"12\" height=\"12\" fill=\"none\" viewBox=\"0 0 12 12\">\n\t\t\t\t<path fill=\"#fff\" d=\"M2 0a2 2 0 0 0-2 2v2h1.5V2a.5.5 0 0 1 .5-.5h2V0H2Zm2 10.5H2a.5.5 0 0 1-.5-.5V8H0v2a2 2 0 0 0 2 2h2v-1.5ZM8 12v-1.5h2a.5.5 0 0 0 .5-.5V8H12v2a2 2 0 0 1-2 2H8Zm2-12a2 2 0 0 1 2 2v2h-1.5V2a.5.5 0 0 0-.5-.5H8V0h2Z\" \/>\n\t\t\t<\/svg>\n\t\t<\/button><figcaption class=\"wp-element-caption\">\u00abVoil\u00e0 c&#8217;qui vient de para\u00eetre ! Tout cela ne se vend qu&#8217;un sou !!\u00bb. Marchande d&#8217;imprim\u00e9s. 1845. (Mus\u00e9e Carnavalet) <\/figcaption><\/figure>\n<\/figure>\n","protected":false},"excerpt":{"rendered":"<p>Combien co\u00fbtait la vie \u00e0 Paris au 19e si\u00e8cle ? Avant 1836, on s&#8217;abonnait \u00e0 la plupart des journaux au prix de 80 francs par an. En 1836, deux journaux, La Presse et le Si\u00e8cle, ont r\u00e9duit le prix de l&#8217;abonnement \u00e0 40 fr par an, par le moyen des annonces (qui financent l&#8217;autre 40&hellip; <a class=\"more-link\" href=\"https:\/\/sites.smith.edu\/frn372-fa24\/le-cout-de-la-vie-et-le-prix-du-journal-au-19e-siecle\/\">Continue reading <span class=\"screen-reader-text\">Le co\u00fbt de la vie et le prix du journal au 19e si\u00e8cle<\/span> <span class=\"meta-nav\" aria-hidden=\"true\">&rarr;<\/span><\/a><\/p>\n","protected":false},"author":4992,"featured_media":2438,"comment_status":"closed","ping_status":"closed","sticky":false,"template":"","format":"standard","meta":{"footnotes":""},"categories":[6,8],"tags":[],"class_list":["post-2436","post","type-post","status-publish","format-standard","has-post-thumbnail","hentry","category-supplements","category-unite1"],"_links":{"self":[{"href":"https:\/\/sites.smith.edu\/frn372-fa24\/wp-json\/wp\/v2\/posts\/2436","targetHints":{"allow":["GET"]}}],"collection":[{"href":"https:\/\/sites.smith.edu\/frn372-fa24\/wp-json\/wp\/v2\/posts"}],"about":[{"href":"https:\/\/sites.smith.edu\/frn372-fa24\/wp-json\/wp\/v2\/types\/post"}],"author":[{"embeddable":true,"href":"https:\/\/sites.smith.edu\/frn372-fa24\/wp-json\/wp\/v2\/users\/4992"}],"replies":[{"embeddable":true,"href":"https:\/\/sites.smith.edu\/frn372-fa24\/wp-json\/wp\/v2\/comments?post=2436"}],"version-history":[{"count":13,"href":"https:\/\/sites.smith.edu\/frn372-fa24\/wp-json\/wp\/v2\/posts\/2436\/revisions"}],"predecessor-version":[{"id":2479,"href":"https:\/\/sites.smith.edu\/frn372-fa24\/wp-json\/wp\/v2\/posts\/2436\/revisions\/2479"}],"wp:featuredmedia":[{"embeddable":true,"href":"https:\/\/sites.smith.edu\/frn372-fa24\/wp-json\/wp\/v2\/media\/2438"}],"wp:attachment":[{"href":"https:\/\/sites.smith.edu\/frn372-fa24\/wp-json\/wp\/v2\/media?parent=2436"}],"wp:term":[{"taxonomy":"category","embeddable":true,"href":"https:\/\/sites.smith.edu\/frn372-fa24\/wp-json\/wp\/v2\/categories?post=2436"},{"taxonomy":"post_tag","embeddable":true,"href":"https:\/\/sites.smith.edu\/frn372-fa24\/wp-json\/wp\/v2\/tags?post=2436"}],"curies":[{"name":"wp","href":"https:\/\/api.w.org\/{rel}","templated":true}]}}