{"id":2668,"date":"2024-09-23T14:19:44","date_gmt":"2024-09-23T18:19:44","guid":{"rendered":"https:\/\/sites.smith.edu\/frn372-fa24\/?p=2668"},"modified":"2024-09-23T18:57:15","modified_gmt":"2024-09-23T22:57:15","slug":"francoise-francillon","status":"publish","type":"post","link":"https:\/\/sites.smith.edu\/frn372-fa24\/francoise-francillon\/","title":{"rendered":"Fran\u00e7oise Francillon"},"content":{"rendered":"\n<figure class=\"wp-block-image size-large is-resized\"><img decoding=\"async\" src=\"https:\/\/gallica.bnf.fr\/ark:\/12148\/btv1b104649063\/f1.highres\" alt=\"Image of a woman wearing white standing in front of a French flag.\" style=\"aspect-ratio:0.5625;object-fit:cover;width:247px;height:auto\" \/><figcaption class=\"wp-element-caption\"><a href=\"https:\/\/gallica.bnf.fr\/ark:\/12148\/btv1b104649063\/f1.item\" target=\"_blank\" rel=\"noreferrer noopener\">Photographie de Fran\u00e7oise environ 1847.<\/a><\/figcaption><\/figure>\n\n\n\n<h2 class=\"wp-block-heading\">Introduction<\/h2>\n\n\n\n<p>Je m\u2019appelle Marie Combret, mais j&#8217;\u00e9cris sous le pseudonyme Fran\u00e7oise Francillon. J\u2019ai 21 ans, et je viens d\u2019une famille bourgeoise qui valorise l&#8217;\u00e9ducation, alors j\u2019ai appris \u00e0 lire, \u00e9crire, et penser. J\u2019ai commenc\u00e9 \u00e0 lire quand j&#8217;avais trois ans. Ma famille a voulu que je me marie \u00e0 un homme riche et devient m\u00e8re, mais a me permis cinq ans pour essayer \u00e0 devenir chroniqueuse avant me marier. J\u2019ai seulement deux ans plus avant la fin de ma vie libre, et je veux parler des vies des femmes qui sont ignor\u00e9s par la presse et la plupart des chroniqueurs. Je ne suis pas comme S\u00e9verine qui parle des actualit\u00e9s et leurs effets sur les femmes, mais je me focalise sur la maison et les enfants, les seuls domaines o\u00f9 les femmes ont aucun pouvoir. Quelques autres chroniqueurs essayent de me d\u00e9valoriser en disant que mes chroniques sont mondaines et pas du tout politiques, mais je crois que les droits et vies des femmes sont intrins\u00e8quement d\u00e9cid\u00e9es par la politique.&nbsp;&nbsp;<\/p>\n\n\n\n<p>J&#8217;\u00e9cris avec un style assez ironique et moqueur mais aussi agr\u00e9able, parce que je ne veux pas compl\u00e8tement ali\u00e9ner les hommes qui supportent plus de libert\u00e9 pour les femmes. Mes chroniques se concernent avec mes \u00e9motions et sentiments, mais j\u2019utilise aussi les strat\u00e9gies politiques et rh\u00e9toriques pour promouvoir mes id\u00e9es f\u00e9ministes et r\u00e9volutionnaires. J&#8217;\u00e9cris des chroniques hebdomadaires dans un petit journal parce que mes id\u00e9es sur les droits des femmes sont trop radicales pour les grands journaux et leurs publieurs misogynes. Mon public est en majorit\u00e9 des femmes qui ont le courage pour r\u00eaver \u00e0 un futur \u00e9gal, mais aussi des hommes qui ont une attitude sympathique envers les droits des femmes. &nbsp;<\/p>\n\n\n\n<h2 class=\"wp-block-heading\"><\/h2>\n","protected":false},"excerpt":{"rendered":"<p>Introduction Je m\u2019appelle Marie Combret, mais j&#8217;\u00e9cris sous le pseudonyme Fran\u00e7oise Francillon. J\u2019ai 21 ans, et je viens d\u2019une famille bourgeoise qui valorise l&#8217;\u00e9ducation, alors j\u2019ai appris \u00e0 lire, \u00e9crire, et penser. J\u2019ai commenc\u00e9 \u00e0 lire quand j&#8217;avais trois ans. Ma famille a voulu que je me marie \u00e0 un homme riche et devient m\u00e8re,&hellip; <a class=\"more-link\" href=\"https:\/\/sites.smith.edu\/frn372-fa24\/francoise-francillon\/\">Continue reading <span class=\"screen-reader-text\">Fran\u00e7oise Francillon<\/span> <span class=\"meta-nav\" aria-hidden=\"true\">&rarr;<\/span><\/a><\/p>\n","protected":false},"author":5450,"featured_media":0,"comment_status":"closed","ping_status":"closed","sticky":false,"template":"","format":"standard","meta":{"footnotes":""},"categories":[50],"tags":[],"class_list":["post-2668","post","type-post","status-publish","format-standard","hentry","category-portraits"],"_links":{"self":[{"href":"https:\/\/sites.smith.edu\/frn372-fa24\/wp-json\/wp\/v2\/posts\/2668","targetHints":{"allow":["GET"]}}],"collection":[{"href":"https:\/\/sites.smith.edu\/frn372-fa24\/wp-json\/wp\/v2\/posts"}],"about":[{"href":"https:\/\/sites.smith.edu\/frn372-fa24\/wp-json\/wp\/v2\/types\/post"}],"author":[{"embeddable":true,"href":"https:\/\/sites.smith.edu\/frn372-fa24\/wp-json\/wp\/v2\/users\/5450"}],"replies":[{"embeddable":true,"href":"https:\/\/sites.smith.edu\/frn372-fa24\/wp-json\/wp\/v2\/comments?post=2668"}],"version-history":[{"count":3,"href":"https:\/\/sites.smith.edu\/frn372-fa24\/wp-json\/wp\/v2\/posts\/2668\/revisions"}],"predecessor-version":[{"id":2731,"href":"https:\/\/sites.smith.edu\/frn372-fa24\/wp-json\/wp\/v2\/posts\/2668\/revisions\/2731"}],"wp:attachment":[{"href":"https:\/\/sites.smith.edu\/frn372-fa24\/wp-json\/wp\/v2\/media?parent=2668"}],"wp:term":[{"taxonomy":"category","embeddable":true,"href":"https:\/\/sites.smith.edu\/frn372-fa24\/wp-json\/wp\/v2\/categories?post=2668"},{"taxonomy":"post_tag","embeddable":true,"href":"https:\/\/sites.smith.edu\/frn372-fa24\/wp-json\/wp\/v2\/tags?post=2668"}],"curies":[{"name":"wp","href":"https:\/\/api.w.org\/{rel}","templated":true}]}}