{"id":3093,"date":"2024-10-15T22:41:23","date_gmt":"2024-10-16T02:41:23","guid":{"rendered":"https:\/\/sites.smith.edu\/frn372-fa24\/?p=3093"},"modified":"2024-10-16T01:08:21","modified_gmt":"2024-10-16T05:08:21","slug":"emile-zola-et-la-presse-2","status":"publish","type":"post","link":"https:\/\/sites.smith.edu\/frn372-fa24\/emile-zola-et-la-presse-2\/","title":{"rendered":"\u00c9mile Zola et la presse"},"content":{"rendered":"\n<h2 class=\"wp-block-heading\">\u00c9mile Zola<\/h2>\n\n\n\n<div class=\"wp-block-group is-content-justification-space-between is-nowrap is-layout-flex wp-container-core-group-is-layout-403be102 wp-block-group-is-layout-flex\">\n<ul class=\"wp-block-list\">\n<li>1840-1902<\/li>\n\n\n\n<li>N\u00e9 \u00e0 Paris<\/li>\n\n\n\n<li>\u00c9crivain-journaliste<\/li>\n\n\n\n<li>R\u00e9publicain<\/li>\n\n\n\n<li>Journalisme\n<ul class=\"wp-block-list\">\n<li>Quotidiens<\/li>\n\n\n\n<li>Critiques litt\u00e9raires, dramatiques, d&#8217;art<\/li>\n\n\n\n<li>Chroniques<\/li>\n\n\n\n<li>Romans-feuilletons<\/li>\n\n\n\n<li>Articles politiques<\/li>\n\n\n\n<li><em>L&#8217;\u00c9v\u00e9nement<\/em>, <em>Le Figaro<\/em>, <em>Le Voltaire<\/em>, <em>La Cloche<\/em><\/li>\n<\/ul>\n<\/li>\n\n\n\n<li>Succ\u00e8s litt\u00e9raire\n<ul class=\"wp-block-list\">\n<li>&nbsp;<em>Les Rougon-Macquart<\/em> : 20 romans (1870-1893)<\/li>\n<\/ul>\n<\/li>\n\n\n\n<li>Le naturalisme\n<ul class=\"wp-block-list\">\n<li>Mouvement litt\u00e9raire<\/li>\n\n\n\n<li>La nature humaine : l&#8217;h\u00e9r\u00e9dit\u00e9 + les circonstances<\/li>\n<\/ul>\n<\/li>\n<\/ul>\n\n\n\n<figure class=\"wp-block-image size-large is-resized\"><img loading=\"lazy\" decoding=\"async\" width=\"769\" height=\"1044\" src=\"https:\/\/sites.smith.edu\/frn372-fa24\/wp-content\/uploads\/sites\/1111\/2024\/10\/Emile_Zola_Romancier___photographie_.Atelier_Nadar_btv1b531619846_1-edited.jpeg\" alt=\"A black-and-white photograph of \u00c9mile Zola sitting at his desk with a book in hand.\" class=\"wp-image-3101\" style=\"width:383px;height:auto\" srcset=\"https:\/\/sites.smith.edu\/frn372-fa24\/wp-content\/uploads\/sites\/1111\/2024\/10\/Emile_Zola_Romancier___photographie_.Atelier_Nadar_btv1b531619846_1-edited.jpeg 769w, https:\/\/sites.smith.edu\/frn372-fa24\/wp-content\/uploads\/sites\/1111\/2024\/10\/Emile_Zola_Romancier___photographie_.Atelier_Nadar_btv1b531619846_1-edited-221x300.jpeg 221w, https:\/\/sites.smith.edu\/frn372-fa24\/wp-content\/uploads\/sites\/1111\/2024\/10\/Emile_Zola_Romancier___photographie_.Atelier_Nadar_btv1b531619846_1-edited-754x1024.jpeg 754w\" sizes=\"auto, (max-width: 769px) 100vw, 769px\" \/><figcaption class=\"wp-element-caption\"><a href=\"https:\/\/gallica.bnf.fr\/ark:\/12148\/btv1b531619846\">Gallica<\/a><\/figcaption><\/figure>\n<\/div>\n\n\n\n<div style=\"height:90px\" aria-hidden=\"true\" class=\"wp-block-spacer\"><\/div>\n\n\n\n<h2 class=\"wp-block-heading\">\u00ab Adieux \u00bb (<em>Le Figaro<\/em>, 1881)<\/h2>\n\n\n\n<div class=\"h5p-content\" data-content-id=\"7\"><\/div>\n\n\n\n<div style=\"height:50px\" aria-hidden=\"true\" class=\"wp-block-spacer\"><\/div>\n\n\n\n<h3 class=\"wp-block-heading\">Zola au <em>Figaro<\/em><\/h3>\n\n\n\n<ul class=\"wp-block-list\">\n<li>D\u00e9fendre ses id\u00e9es <\/li>\n\n\n\n<li>Une r\u00e9ussite<\/li>\n\n\n\n<li>Son d\u00e9part du journalisme<\/li>\n<\/ul>\n\n\n\n<h3 class=\"wp-block-heading\">L&#8217;\u00e9volution de Zola dans la presse<\/h3>\n\n\n\n<ul class=\"wp-block-list\">\n<li>Un journaliste prolifique<\/li>\n\n\n\n<li>La n\u00e9cessit\u00e9 \u2192 la passion<\/li>\n<\/ul>\n\n\n\n<blockquote class=\"wp-block-quote has-small-font-size is-layout-flow wp-block-quote-is-layout-flow\">\n<p style=\"font-size:18px\">Depuis plus de 15 ans, <strong>je me bats<\/strong> dans les journaux. D\u2019abord, j\u2019ai d\u00fb y gagner mon pain, tr\u00e8s durement ; je crois bien que j\u2019ai mis les mains \u00e0 toutes les besognes, depuis les faits-divers jusqu\u2019au courrier des Chambres. Plus tard, lorsque j\u2019aurais pu vivre de mes livres, je suis rest\u00e9 <strong>dans la bagarre<\/strong>, retenu par <strong>la passion de la lutte<\/strong>.<\/p>\n<cite>\u00c9mile Zola, <em>\u00ab Adieux \u00bb<\/em> (PDF : page 1, colonne 2)<\/cite><\/blockquote>\n\n\n\n<div class=\"wp-block-group has-background is-content-justification-left is-nowrap is-layout-flex wp-container-core-group-is-layout-f56a869c wp-block-group-is-layout-flex\" style=\"background-color:#7697ab\">\n<figure class=\"wp-block-image size-large is-resized\"><img decoding=\"async\" src=\"https:\/\/images.emojiterra.com\/mozilla\/1024px\/2753.png\" alt=\"A question mark.\" style=\"width:110px;height:auto\" \/><\/figure>\n\n\n\n<p class=\"has-text-align-left has-background\" style=\"background-color:#accce3\">Quelle(s) image(s) Zola utilise-t-il pour d\u00e9crire sa carri\u00e8re dans le journalisme ? Que sugg\u00e8re cette image de son exp\u00e9rience en tant que journaliste ?<\/p>\n<\/div>\n\n\n\n<div style=\"height:37px\" aria-hidden=\"true\" class=\"wp-block-spacer\"><\/div>\n\n\n\n<h3 class=\"wp-block-heading\">Conna\u00eetre la presse<\/h3>\n\n\n\n<ul class=\"wp-block-list\">\n<li>Il s&#8217;oppose \u00e0 ses \u00e9crivains a\u00een\u00e9s<\/li>\n\n\n\n<li>La validit\u00e9 des critiques du journalisme<\/li>\n<\/ul>\n\n\n\n<blockquote class=\"wp-block-quote has-small-font-size is-layout-flow wp-block-quote-is-layout-flow\">\n<p style=\"font-size:18px\">Il faut avoir longtemps souffert et us\u00e9 du journalisme, pour le comprendre et l\u2019aimer.<\/p>\n<cite>\u00c9mile Zola, <em>\u00ab Adieux \u00bb<\/em> (PDF : page 2, colonne 1)<\/cite><\/blockquote>\n\n\n\n<div class=\"wp-block-group has-background is-content-justification-left is-nowrap is-layout-flex wp-container-core-group-is-layout-f56a869c wp-block-group-is-layout-flex\" style=\"background-color:#7697ab\">\n<figure class=\"wp-block-image size-large is-resized\"><img decoding=\"async\" src=\"https:\/\/images.emojiterra.com\/mozilla\/1024px\/2753.png\" alt=\"A question mark.\" style=\"width:118px;height:auto\" \/><\/figure>\n\n\n\n<p class=\"has-text-align-left has-background\" style=\"background-color:#accce3\">Pensez-vous qu\u2019il faut conna\u00eetre intimement le monde du journalisme afin de le critiquer ? Cette perspective affecte-t-elle la mani\u00e8re dont vous percevez les critiques de la presse que nous avons lues jusqu\u2019ici ?<\/p>\n<\/div>\n\n\n\n<div style=\"height:37px\" aria-hidden=\"true\" class=\"wp-block-spacer\"><\/div>\n\n\n\n<h3 class=\"wp-block-heading\">D\u00e9fense litt\u00e9raire de la presse<\/h3>\n\n\n\n<ul class=\"wp-block-list\">\n<li>Une position contraire aux autres \u00e9crivains-critiques<\/li>\n\n\n\n<li>Le journalisme aide les \u00e9crivains<\/li>\n<\/ul>\n\n\n\n<blockquote class=\"wp-block-quote has-small-font-size is-layout-flow wp-block-quote-is-layout-flow\">\n<p style=\"font-size:18px\">\u00c0 tout jeune \u00e9crivain qui me consultera, je dirai : \u00ab Jetez-vous dans la presse \u00e0 corps perdu, comme on se jette \u00e0 l\u2019eau pour apprendre \u00e0 nager \u00bb. C\u2019est la seule \u00e9cole virile, \u00e0 cette heure ; c\u2019est l\u00e0 \u2026 qu\u2019on peut forger son style sur la terrible enclume de l\u2019article au jour le jour.<\/p>\n<cite>\u00c9mile Zola, <em>\u00ab Adieux \u00bb<\/em> (PDF : page 2, colonne 1)<\/cite><\/blockquote>\n\n\n\n<div class=\"wp-block-group has-background is-content-justification-left is-nowrap is-layout-flex wp-container-core-group-is-layout-f56a869c wp-block-group-is-layout-flex\" style=\"background-color:#7697ab\">\n<figure class=\"wp-block-image size-large is-resized\"><img decoding=\"async\" src=\"https:\/\/images.emojiterra.com\/mozilla\/1024px\/2753.png\" alt=\"A question mark.\" style=\"width:110px;height:auto\" \/><\/figure>\n\n\n\n<p class=\"has-text-align-left has-background\" style=\"background-color:#accce3\">Comment la presse pourrait-elle \u00eatre utile pour un \u00e9crivain, selon Zola ? Quelles sont les \u00ab le\u00e7ons pratiques \u00bb que donne la presse ?<\/p>\n<\/div>\n\n\n\n<div style=\"height:37px\" aria-hidden=\"true\" class=\"wp-block-spacer\"><\/div>\n\n\n\n<h3 class=\"wp-block-heading\">La puissance de la presse<\/h3>\n\n\n\n<ul class=\"wp-block-list\">\n<li>Il reconna\u00eet les aspects n\u00e9gatifs de la presse<\/li>\n\n\n\n<li>Conclusion : la presse est utile et n\u00e9cessaire<\/li>\n<\/ul>\n\n\n\n<blockquote class=\"wp-block-quote has-small-font-size is-layout-flow wp-block-quote-is-layout-flow\">\n<p style=\"font-size:18px\">Mais la col\u00e8re et le d\u00e9go\u00fbt s\u2019en vont, la presse reste toute puissante. On revient \u00e0 elle comme \u00e0 de vieilles amours. Elle est la vie, l\u2019action, ce qui grise et ce qui triomphe. Quand on la quitte, on ne peut jurer que ce sera pour toujours, car elle est une force dont on garde le besoin, du jour o\u00f9 l&#8217;on en a mesur\u00e9 l&#8217;\u00e9tendue.<\/p>\n<cite>\u00c9mile Zola, <em>\u00ab Adieux \u00bb<\/em> (PDF : page 2, colonne 2)<\/cite><\/blockquote>\n\n\n\n<div class=\"wp-block-group has-background is-content-justification-left is-nowrap is-layout-flex wp-container-core-group-is-layout-f56a869c wp-block-group-is-layout-flex\" style=\"background-color:#7697ab\">\n<figure class=\"wp-block-image size-large is-resized\"><img decoding=\"async\" src=\"https:\/\/images.emojiterra.com\/mozilla\/1024px\/2753.png\" alt=\"A question mark.\" style=\"width:110px;height:auto\" \/><\/figure>\n\n\n\n<p class=\"has-text-align-left has-background\" style=\"background-color:#accce3\">Pourquoi, selon Zola, les valeurs de la presse triomphent-elles des aspects n\u00e9gatifs ? \u00cates-vous d\u2019accord que les valeurs de la presse fran\u00e7aise au XIX<sup>e<\/sup> si\u00e8cle sont plus fortes que ses d\u00e9fauts ?<\/p>\n<\/div>\n\n\n\n<div style=\"height:100px\" aria-hidden=\"true\" class=\"wp-block-spacer\"><\/div>\n\n\n\n<details class=\"wp-block-details is-layout-flow wp-block-details-is-layout-flow\"><summary>Sources consult\u00e9es<\/summary>\n<ul class=\"wp-block-list\">\n<li><a href=\"https:\/\/gallica.bnf.fr\/blog\/26022018\/zola-et-la-presse\">https:\/\/gallica.bnf.fr\/blog\/26022018\/zola-et-la-presse<\/a><\/li>\n\n\n\n<li><a href=\"https:\/\/www-retronews-fr.libproxy.smith.edu\/histoire-de-la-presse\/echo-de-presse\/2019\/02\/04\/le-manifeste-de-zola-pour-un-journalisme-engage\">https:\/\/www-retronews-fr.libproxy.smith.edu\/histoire-de-la-presse\/echo-de-presse\/2019\/02\/04\/le-manifeste-de-zola-pour-un-journalisme-engage<\/a> <\/li>\n\n\n\n<li><a href=\"https:\/\/www-retronews-fr.libproxy.smith.edu\/histoire-de-la-presse-medias\/echo-de-presse\/2016\/06\/30\/zola-journaliste\">https:\/\/www-retronews-fr.libproxy.smith.edu\/histoire-de-la-presse-medias\/echo-de-presse\/2016\/06\/30\/zola-journaliste<\/a> <\/li>\n\n\n\n<li><a href=\"https:\/\/www.larousse.fr\/encyclopedie\/personnage\/Zola\/150676\">https:\/\/www.larousse.fr\/encyclopedie\/personnage\/Zola\/150676<\/a> <\/li>\n<\/ul>\n<\/details>\n\n\n\n<p><\/p>\n","protected":false},"excerpt":{"rendered":"<p>\u00c9mile Zola \u00ab Adieux \u00bb (Le Figaro, 1881) Zola au Figaro L&#8217;\u00e9volution de Zola dans la presse Depuis plus de 15 ans, je me bats dans les journaux. D\u2019abord, j\u2019ai d\u00fb y gagner mon pain, tr\u00e8s durement ; je crois bien que j\u2019ai mis les mains \u00e0 toutes les besognes, depuis les faits-divers jusqu\u2019au courrier&hellip; <a class=\"more-link\" href=\"https:\/\/sites.smith.edu\/frn372-fa24\/emile-zola-et-la-presse-2\/\">Continue reading <span class=\"screen-reader-text\">\u00c9mile Zola et la presse<\/span> <span class=\"meta-nav\" aria-hidden=\"true\">&rarr;<\/span><\/a><\/p>\n","protected":false},"author":5567,"featured_media":0,"comment_status":"closed","ping_status":"closed","sticky":false,"template":"","format":"standard","meta":{"footnotes":""},"categories":[51],"tags":[],"class_list":["post-3093","post","type-post","status-publish","format-standard","hentry","category-presentation"],"_links":{"self":[{"href":"https:\/\/sites.smith.edu\/frn372-fa24\/wp-json\/wp\/v2\/posts\/3093","targetHints":{"allow":["GET"]}}],"collection":[{"href":"https:\/\/sites.smith.edu\/frn372-fa24\/wp-json\/wp\/v2\/posts"}],"about":[{"href":"https:\/\/sites.smith.edu\/frn372-fa24\/wp-json\/wp\/v2\/types\/post"}],"author":[{"embeddable":true,"href":"https:\/\/sites.smith.edu\/frn372-fa24\/wp-json\/wp\/v2\/users\/5567"}],"replies":[{"embeddable":true,"href":"https:\/\/sites.smith.edu\/frn372-fa24\/wp-json\/wp\/v2\/comments?post=3093"}],"version-history":[{"count":35,"href":"https:\/\/sites.smith.edu\/frn372-fa24\/wp-json\/wp\/v2\/posts\/3093\/revisions"}],"predecessor-version":[{"id":3136,"href":"https:\/\/sites.smith.edu\/frn372-fa24\/wp-json\/wp\/v2\/posts\/3093\/revisions\/3136"}],"wp:attachment":[{"href":"https:\/\/sites.smith.edu\/frn372-fa24\/wp-json\/wp\/v2\/media?parent=3093"}],"wp:term":[{"taxonomy":"category","embeddable":true,"href":"https:\/\/sites.smith.edu\/frn372-fa24\/wp-json\/wp\/v2\/categories?post=3093"},{"taxonomy":"post_tag","embeddable":true,"href":"https:\/\/sites.smith.edu\/frn372-fa24\/wp-json\/wp\/v2\/tags?post=3093"}],"curies":[{"name":"wp","href":"https:\/\/api.w.org\/{rel}","templated":true}]}}