{"id":3170,"date":"2024-10-20T21:02:08","date_gmt":"2024-10-21T01:02:08","guid":{"rendered":"https:\/\/sites.smith.edu\/frn372-fa24\/?p=3170"},"modified":"2024-10-22T11:51:25","modified_gmt":"2024-10-22T15:51:25","slug":"maupassant-et-lalgerie","status":"publish","type":"post","link":"https:\/\/sites.smith.edu\/frn372-fa24\/maupassant-et-lalgerie\/","title":{"rendered":"Maupassant et l&#8217;Alg\u00e9rie"},"content":{"rendered":"\n<h2 class=\"wp-block-heading\">Guy de Maupassant<\/h2>\n\n\n\n<p>Je ne vais pas parler de la vie enti\u00e8re de Maupassant, car je suis s\u00fbre que nous l&#8217;aurons vu dans l&#8217;expos\u00e9 de Mary Virginia lundi. Nous commencerons donc directement par Maupassant et l&#8217;Alg\u00e9rie.<\/p>\n\n\n\n<h2 class=\"wp-block-heading\">l&#8217;Alg\u00e9rie<\/h2>\n\n\n\n<p>Il a \u00e9t\u00e9&nbsp;envoy\u00e9&nbsp;en&nbsp;Alg\u00e9rie&nbsp;comme&nbsp;correspondant&nbsp;pour le journal&nbsp;<em>Le Gaulois<\/em>&nbsp;pendant l\u2019\u00e9t\u00e9&nbsp;de&nbsp;1881, o\u00f9 il \u00e9crit une s\u00e9rie d&#8217;articles critiquant la colonisation fran\u00e7aise de l&#8217;Alg\u00e9rie.<\/p>\n\n\n\n<h2 class=\"wp-block-heading\">&nbsp;\u00ab&nbsp;Alger \u00e0 vol d\u2019oiseau&nbsp;\u00bb,&nbsp;<em>Le Gaulois<\/em>, 17 juillet 1881<\/h2>\n\n\n\n<div class=\"h5p-content\" data-content-id=\"96\"><\/div>\n\n\n\n<div style=\"height:36px\" aria-hidden=\"true\" class=\"wp-block-spacer\"><\/div>\n\n\n\n<ul class=\"wp-block-list\">\n<li>Il a d&#8217;abord \u00e9crit ces lettres sous un pseudonyme, \u00ab Un colon \u00bb<\/li>\n\n\n\n<li>Il est audacieux et critique s\u00e9v\u00e8rement la colonisation en Alg\u00e9rie<\/li>\n<\/ul>\n\n\n\n<p>Il encourage les Fran\u00e7ais \u00e0 se pr\u00e9occuper de la situation des Alg\u00e9riens :<\/p>\n\n\n\n<blockquote class=\"wp-block-quote is-layout-flow wp-block-quote-is-layout-flow\">\n<p>Les b\u00eatises, \u00e9normes \u00e0 premi\u00e8re vue, d\u00e9bit\u00e9es par les phraseurs avocats attitr\u00e9s de notre colonie ; le point de vue \u00e9troit, patriotique si l\u2019on veut, mais odieusement inhumain o\u00f9 ils se placent, donnent un d\u00e9sir ardent de tenter de comprendre quelque chose \u00e0 cette situation unique au monde des populations alg\u00e9riennes.<\/p>\n<\/blockquote>\n\n\n\n<p class=\"has-pale-cyan-blue-background-color has-background\">Pensez-vous que Maupassant devrait \u00eatre permis \u00e0 \u00e9crire sur ce sujet en tant que non-alg\u00e9rien?<\/p>\n\n\n\n<p class=\"has-pale-cyan-blue-background-color has-background\">Quel est l&#8217;effet d&#8217;un homme blanc fran\u00e7ais \u00e9crivant sur l&#8217;Alg\u00e9rie de cette mani\u00e8re pour son public fran\u00e7ais ?<\/p>\n\n\n\n<p>Interm\u00e8de pour l&#8217;actualit\u00e9 :<\/p>\n\n\n\n<blockquote class=\"wp-block-quote is-layout-flow wp-block-quote-is-layout-flow\">\n<p>En ce moment, par exemple, toute l\u2019attention se porte vers G\u00e9ryville, Sa\u00efda et autres lieux que fr\u00e9quente en ses promenades inattendues le vagabond Bou-Amama.<\/p>\n<\/blockquote>\n\n\n\n<ul class=\"wp-block-list\">\n<li>Cheikh Bouamama a men\u00e9 une r\u00e9sistance populaire contre l&#8217;occupation fran\u00e7aise en Alg\u00e9rie de 1881 \u00e0 1908. Il est devenu un cheikh, un chef religieux et un guerrier mystique. Sa r\u00e9sistance \u00e9tait une combinaison d&#8217;actions religieuses et politiques, dans le but d&#8217;arr\u00eater l&#8217;expansion coloniale fran\u00e7aise dans le sud de l&#8217;Oranie. Sa r\u00e9sistance a \u00e9t\u00e9 l&#8217;une des plus longues et des plus importantes r\u00e9voltes contre le colonialisme fran\u00e7ais en Alg\u00e9rie.&nbsp;<\/li>\n<\/ul>\n\n\n\n<p class=\"has-pale-cyan-blue-background-color has-background\">Pensez-vous que Maupassant \u00e9tait r\u00e9volutionnaire et anticolonialiste, ou qu&#8217;il \u00e9tait critique \u00e0 propos du colonialisme fran\u00e7ais en Alg\u00e9rie ? Quelle est la diff\u00e9rence ?<\/p>\n\n\n\n<blockquote class=\"wp-block-quote is-layout-flow wp-block-quote-is-layout-flow\">\n<p>En traversant l\u2019Alg\u00e9rie, province par province, je m\u2019efforcerai de saisir, si c\u2019est possible, la situation exacte o\u00f9 se trouvent le colon et l\u2019indig\u00e8ne.<\/p>\n<\/blockquote>\n\n\n\n<blockquote class=\"wp-block-quote is-layout-flow wp-block-quote-is-layout-flow\">\n<p>C\u2019est nous qui avons l\u2019air de barbares au milieu de ces barbares, brutes il est vrai, mais qui sont chez eux et auxquels les si\u00e8cles ont appris des coutumes dont nous semblons n\u2019avoir pas encore compris le sens. Napol\u00e9on III a dit un mot (peut-\u00eatre souffl\u00e9 par un ministre) : \u2014 \u00ab Ce qu\u2019il faut \u00e0 l\u2019Alg\u00e9rie, ce n\u2019est pas des conqu\u00e9rants, mais des initiateurs. \u00bb \u2014 Nous sommes rest\u00e9s des conqu\u00e9rants brutaux, maladroits, infatu\u00e9s de nos id\u00e9es toutes faites. Nos m\u0153urs impos\u00e9es, nos maisons parisiennes, nos usages choquent sous ce ciel comme des fautes grossi\u00e8res d\u2019art, de sagesse et de compr\u00e9hension. Tout ce que nous faisons semble un contresens, un d\u00e9fi \u00e0 ce pays, non pas tant \u00e0 ses habitants qu\u2019\u00e0 la terre elle-m\u00eame.<\/p>\n<\/blockquote>\n\n\n\n<p class=\"has-pale-cyan-blue-background-color has-background\">Quels sont les mots qu&#8217;il utilise pour d\u00e9crire le peuple alg\u00e9rien et le pays ? Comment certains de ces mots sont-ils probl\u00e9matiques ?<\/p>\n\n\n\n<blockquote class=\"wp-block-quote is-layout-flow wp-block-quote-is-layout-flow\">\n<p>Des gueux innombrables, v\u00eatus d\u2019une simple chemise ou de deux tapis cousus en forme de chasuble, ou d\u2019un vieux sac perc\u00e9 de trous pour la t\u00eate et les bras, toujours nu-jambes et nu-pieds vont, viennent, s\u2019injurient, se battent, vermineux, loqueteux, barbouill\u00e9s de fange et puant la b\u00eate.<\/p>\n<\/blockquote>\n\n\n\n<p>Maupassant parle de la mauvaise odeur des Alg\u00e9riens, ce qui \u00e9voque une sc\u00e8ne du film <em>Parasite<\/em> o\u00f9 le p\u00e8re riche se plaint des domestiques de sa maison :<\/p>\n\n\n\n<blockquote class=\"wp-block-quote is-layout-flow wp-block-quote-is-layout-flow\">\n<p>Ils sentent tous la m\u00eame odeur.&nbsp;<\/p>\n\n\n\n<p><\/p>\n<\/blockquote>\n\n\n\n<p>En d\u00e9crivant les Alg\u00e9riens, Maupassant a renforc\u00e9 les tropes probl\u00e9matiques concernant une nation enti\u00e8re. En m\u00eame temps, ses \u00e9crits ont r\u00e9v\u00e9l\u00e9 l&#8217;horreur et le mal de la colonisation fran\u00e7aise, ce qui \u00e9tait extr\u00eamement rare pour un \u00e9crivain fran\u00e7ais \u00e0 l&#8217;\u00e9poque.<\/p>\n\n\n\n<p class=\"has-pale-cyan-blue-background-color has-background\">Dans \u00ab Bel-Ami \u00bb, comment Maupassant se critique-t-il lui-m\u00eame \u00e0 travers le personnage de Duroy dans le chapitre 3 ?<\/p>\n\n\n\n<blockquote class=\"wp-block-quote is-layout-flow wp-block-quote-is-layout-flow\">\n<p>Il murmura, en h\u00e9sitant : &#8211;Voil\u00e0&#8230; mais vraiment&#8230; je n&#8217;ose pas&#8230; C&#8217;est que j&#8217;ai travaill\u00e9 hier soir tr\u00e8s tard&#8230; et ce matin&#8230; tr\u00e8s t\u00f4t&#8230; pour faire cet article sur l&#8217;Alg\u00e9rie que M. Walter m&#8217;a demand\u00e9&#8230; et je n&#8217;arrive \u00e0 rien de bon&#8230; j&#8217;ai d\u00e9chir\u00e9 tous mes essais&#8230; Je n&#8217;ai pas l&#8217;habitude de ce travail-l\u00e0, moi ; et je venais demander \u00e0 Forestier de m&#8217;aider&#8230; pour une fois&#8230;<\/p>\n<cite>p. 82<\/cite><\/blockquote>\n","protected":false},"excerpt":{"rendered":"<p>Guy de Maupassant Je ne vais pas parler de la vie enti\u00e8re de Maupassant, car je suis s\u00fbre que nous l&#8217;aurons vu dans l&#8217;expos\u00e9 de Mary Virginia lundi. Nous commencerons donc directement par Maupassant et l&#8217;Alg\u00e9rie. l&#8217;Alg\u00e9rie Il a \u00e9t\u00e9&nbsp;envoy\u00e9&nbsp;en&nbsp;Alg\u00e9rie&nbsp;comme&nbsp;correspondant&nbsp;pour le journal&nbsp;Le Gaulois&nbsp;pendant l\u2019\u00e9t\u00e9&nbsp;de&nbsp;1881, o\u00f9 il \u00e9crit une s\u00e9rie d&#8217;articles critiquant la colonisation fran\u00e7aise de&hellip; <a class=\"more-link\" href=\"https:\/\/sites.smith.edu\/frn372-fa24\/maupassant-et-lalgerie\/\">Continue reading <span class=\"screen-reader-text\">Maupassant et l&#8217;Alg\u00e9rie<\/span> <span class=\"meta-nav\" aria-hidden=\"true\">&rarr;<\/span><\/a><\/p>\n","protected":false},"author":5993,"featured_media":0,"comment_status":"closed","ping_status":"closed","sticky":false,"template":"","format":"standard","meta":{"footnotes":""},"categories":[51],"tags":[],"class_list":["post-3170","post","type-post","status-publish","format-standard","hentry","category-presentation"],"_links":{"self":[{"href":"https:\/\/sites.smith.edu\/frn372-fa24\/wp-json\/wp\/v2\/posts\/3170","targetHints":{"allow":["GET"]}}],"collection":[{"href":"https:\/\/sites.smith.edu\/frn372-fa24\/wp-json\/wp\/v2\/posts"}],"about":[{"href":"https:\/\/sites.smith.edu\/frn372-fa24\/wp-json\/wp\/v2\/types\/post"}],"author":[{"embeddable":true,"href":"https:\/\/sites.smith.edu\/frn372-fa24\/wp-json\/wp\/v2\/users\/5993"}],"replies":[{"embeddable":true,"href":"https:\/\/sites.smith.edu\/frn372-fa24\/wp-json\/wp\/v2\/comments?post=3170"}],"version-history":[{"count":20,"href":"https:\/\/sites.smith.edu\/frn372-fa24\/wp-json\/wp\/v2\/posts\/3170\/revisions"}],"predecessor-version":[{"id":3346,"href":"https:\/\/sites.smith.edu\/frn372-fa24\/wp-json\/wp\/v2\/posts\/3170\/revisions\/3346"}],"wp:attachment":[{"href":"https:\/\/sites.smith.edu\/frn372-fa24\/wp-json\/wp\/v2\/media?parent=3170"}],"wp:term":[{"taxonomy":"category","embeddable":true,"href":"https:\/\/sites.smith.edu\/frn372-fa24\/wp-json\/wp\/v2\/categories?post=3170"},{"taxonomy":"post_tag","embeddable":true,"href":"https:\/\/sites.smith.edu\/frn372-fa24\/wp-json\/wp\/v2\/tags?post=3170"}],"curies":[{"name":"wp","href":"https:\/\/api.w.org\/{rel}","templated":true}]}}