{"id":3209,"date":"2024-10-19T18:53:17","date_gmt":"2024-10-19T22:53:17","guid":{"rendered":"https:\/\/sites.smith.edu\/frn372-fa24\/?p=3209"},"modified":"2024-10-21T10:20:00","modified_gmt":"2024-10-21T14:20:00","slug":"guy-de-maupassant-et-bel-ami","status":"publish","type":"post","link":"https:\/\/sites.smith.edu\/frn372-fa24\/guy-de-maupassant-et-bel-ami\/","title":{"rendered":"Guy de Maupassant et &#8220;Bel-Ami&#8221;"},"content":{"rendered":"\n<h2 class=\"wp-block-heading\">Guy de Maupassant<\/h2>\n\n\n\n<ul class=\"wp-block-list\">\n<li>N\u00e9e 5 ao\u00fbt 1850 \u00e0 Dieppe &#8211; mort 6 juillet 1893 \u00e0 Paris<\/li>\n\n\n\n<li>\u00e9crivain naturaliste de nouvelles et de romans<\/li>\n\n\n\n<li>Issu d&#8217;une famille aristocratique<\/li>\n\n\n\n<li>Il a \u00e9tudi\u00e9 le droit \u00e0 Paris<\/li>\n\n\n\n<li>Ses \u00e9tudes ont \u00e9t\u00e9 interrompues par la guerre franco-allemande o\u00f9 il a servi comme simple soldat, puis dans le corps des quartiers-ma\u00eetres.<\/li>\n\n\n\n<li>Apr\u00e8s la guerre, il a fini ses \u00e9tudes de droit.<\/li>\n\n\n\n<li>Son p\u00e8re l&#8217;a aid\u00e9 \u00e0 obtenir plusieurs emplois administratifs et sa m\u00e8re lui a offert un apprentissage avec son ami, Gustave Flaubert.\n<ul class=\"wp-block-list\">\n<li>ultra &#8220;nepo baby&#8221;<\/li>\n\n\n\n<li>Flaubert a encadr\u00e9 Maupassant et l&#8217;a pr\u00e9sent\u00e9 \u00e0 des auteurs comme \u00c9mile Zola et Ivan Tourgueniev.<\/li>\n<\/ul>\n<\/li>\n\n\n\n<li>En avril 1880, il a publi\u00e9 &#8220;Boule de Suif &#8221; =  tr\u00e8s populaire<\/li>\n\n\n\n<li>Il passe les deux ann\u00e9es suivantes \u00e0 r\u00e9diger des articles pour <em>Le Gaulois<\/em> et le <em>Gil Blas<\/em>.\n<ul class=\"wp-block-list\">\n<li>Il a \u00e9t\u00e9 tr\u00e8s productif pendant les 10 ann\u00e9es suivantes; de 1880 \u00e0 1890<\/li>\n\n\n\n<li>Il a publi\u00e9 environ 300 nouvelles, six romans, trois livres de voyage et son unique volume de vers.<\/li>\n<\/ul>\n<\/li>\n\n\n\n<li>Il est mort en une maison de retraite \u00e0 l&#8217;\u00e2ge de 42 ans des suites d&#8217;une syphilis non trait\u00e9e.<\/li>\n<\/ul>\n\n\n\n<figure class=\"wp-block-image size-full is-resized\"><img loading=\"lazy\" decoding=\"async\" width=\"209\" height=\"300\" src=\"https:\/\/sites.smith.edu\/frn372-fa24\/wp-content\/uploads\/sites\/1111\/2024\/10\/photograph-Guy-de-Maupassant-Nadar-1885.jpg\" alt=\"\" class=\"wp-image-3210\" style=\"width:193px;height:auto\" \/><figcaption class=\"wp-element-caption\">Guy de Maupassant: photographe par Nadar (Gaspard-F\u00e9lix Tournachon), 1885. Britannica <\/figcaption><\/figure>\n\n\n\n<h2 class=\"wp-block-heading\">\u00c0 propos de <em>Bel-Ami<\/em><\/h2>\n\n\n\n<ul class=\"wp-block-list\">\n<li><em>Bel-Ami <\/em>a \u00e9t\u00e9 publi\u00e9 en 1885 comme 2\u1d49 roman de Maupassant<\/li>\n\n\n\n<li><em>Bel-Ami<\/em> a \u00e9t\u00e9 publi\u00e9 en feuilleton dans le journal Gil-Blas \u00e0 partir du 6 avril 1885.<\/li>\n\n\n\n<li>Il a \u00e9t\u00e9 inspir\u00e9 par de regard de Maupassant sur les hommes d\u2019affaires et les journalistes \u00e0 Paris.<\/li>\n\n\n\n<li>Satire d&#8217;une soci\u00e9t\u00e9 qui s&#8217;enrichit rapidement<\/li>\n<\/ul>\n\n\n\n<figure class=\"wp-block-image size-large is-resized\"><img loading=\"lazy\" decoding=\"async\" width=\"600\" height=\"1024\" src=\"https:\/\/sites.smith.edu\/frn372-fa24\/wp-content\/uploads\/sites\/1111\/2024\/10\/1885.-Maupassant-Bel-Ami-Gallica-600x1024.jpg\" alt=\"\" class=\"wp-image-3211\" style=\"width:219px;height:auto\" srcset=\"https:\/\/sites.smith.edu\/frn372-fa24\/wp-content\/uploads\/sites\/1111\/2024\/10\/1885.-Maupassant-Bel-Ami-Gallica-600x1024.jpg 600w, https:\/\/sites.smith.edu\/frn372-fa24\/wp-content\/uploads\/sites\/1111\/2024\/10\/1885.-Maupassant-Bel-Ami-Gallica-176x300.jpg 176w, https:\/\/sites.smith.edu\/frn372-fa24\/wp-content\/uploads\/sites\/1111\/2024\/10\/1885.-Maupassant-Bel-Ami-Gallica-768x1310.jpg 768w, https:\/\/sites.smith.edu\/frn372-fa24\/wp-content\/uploads\/sites\/1111\/2024\/10\/1885.-Maupassant-Bel-Ami-Gallica-900x1536.jpg 900w, https:\/\/sites.smith.edu\/frn372-fa24\/wp-content\/uploads\/sites\/1111\/2024\/10\/1885.-Maupassant-Bel-Ami-Gallica.jpg 918w\" sizes=\"auto, (max-width: 600px) 100vw, 600px\" \/><figcaption class=\"wp-element-caption\"><em>Bel-Ami<\/em>, \u00e9dition de 1885, publi\u00e9 par Victor-Havard. Gallica BnF<\/figcaption><\/figure>\n\n\n\n<h2 class=\"wp-block-heading\">Paris \u00e0 &#8220;Bel-Ami&#8221;<\/h2>\n\n\n\n<p>&#8220;Bel-Ami&#8221; d\u00e9peint le Paris du XIXe si\u00e8cle \u00e0 travers la perspective de Georges Duroy, permettant au lecteur de d\u00e9couvrir le monde bourgeois des journalistes parisiens. La r\u00e9alit\u00e9 sociale s\u2019illustre \u00e0 travers les aspects les plus sombres et insoup\u00e7onn\u00e9s de la tentative d\u2019ascension sociale.<\/p>\n\n\n\n<blockquote class=\"wp-block-quote is-layout-flow wp-block-quote-is-layout-flow\">\n<p>Duroy, surpris, le regardait. Il \u00e9tait bien chang\u00e9, bien m\u00fbri. Il avait maintenant une allure, une tenue, un costume d\u2019homme pos\u00e9, s\u00fbr de lui, et un ventre d\u2019homme qui d\u00eene bien. Autrefois il \u00e9tait maigre, mince et souple, \u00e9tourdi, casseur d\u2019assiettes, tapageur et toujours en train. En trois ans Paris en avait fait quelqu\u2019un de tout autre, de gros et de s\u00e9rieux, avec quelques cheveux blancs sur les tempes, bien qu\u2019il n\u2019e\u00fbt pas plus de vingt sept ans.<\/p>\n<cite>Bel-Ami, pg 50<\/cite><\/blockquote>\n\n\n\n<blockquote class=\"wp-block-quote is-layout-flow wp-block-quote-is-layout-flow\">\n<p>Je cr\u00e8ve de faim, tout simplement. Une fois mon temps fini, j\u2019ai voulu venir ici pour\u2026 pour faire fortune ou plut\u00f4t pour vivre \u00e0 Paris ; et voil\u00e0 six mois que je suis employ\u00e9 aux bureaux du chemin de fer du Nord, \u00e0 quinze cents francs par an, rien de plus.<\/p>\n<cite>Bel-Ami, pg 50<\/cite><\/blockquote>\n\n\n\n<p>Les exp\u00e9riences de Maupassant \u00e0 Paris ont influenc\u00e9 son \u0153uvre litt\u00e9raire. C&#8217;est \u00e0 Paris que Maupassant travaille avec Flaubert et travaille administrativement.<\/p>\n\n\n\n<blockquote class=\"wp-block-quote is-layout-flow wp-block-quote-is-layout-flow\">\n<p>\u00c0 Paris, c\u2019\u00e9tait autre chose. On ne pouvait pas marauder gentiment, sabre au c\u00f4t\u00e9 et revolver au poing, loin de la justice civile, en libert\u00e9. Il se sentait au c\u0153ur tous les instincts de sous-off l\u00e2ch\u00e9 en pays conquis. Certes il les regrettait, ses deux ann\u00e9es de d\u00e9sert. Quel dommage de n\u2019\u00eatre pas rest\u00e9 l\u00e0-bas! Mais voil\u00e0, il avait esp\u00e9r\u00e9 mieux en revenant. Et maintenant !\u2026 Ah ! oui, c\u2019\u00e9tait du propre, maintenant !<\/p>\n<cite>Bel-Ami, pg 48 <\/cite><\/blockquote>\n\n\n\n<p><\/p>\n\n\n\n<p><strong>Q: <\/strong><mark class=\"has-inline-color has-vivid-cyan-blue-color\"><strong>Comment la ville de Paris est-elle repr\u00e9sent\u00e9e dans ces deux chapitres? <\/strong><\/mark><strong><mark class=\"has-inline-color has-vivid-cyan-blue-color\">Quelle est l&#8217;attitude de Georges Duroy envers la ville de Paris? Quelles comparaisons fait-il? \u00c0 quoi pense-t-il?<\/mark><\/strong><\/p>\n\n\n\n<h2 class=\"wp-block-heading\">Journalisme \u00e0 &#8220;Bel-Ami&#8221;<\/h2>\n\n\n\n<p>Dans nos deux premiers chapitres, Duroy commence \u00e0 entrer dans le monde du journalisme \u00e0 Paris. \u00c0 travers Duroy, la relation entre le journalisme, la politique et la soci\u00e9t\u00e9 est explor\u00e9. Duroy va entrer dans le monde bourgeois des journalistes du journal La Vie Fran\u00e7aise. Historiquement, la toile de fond du livre est la colonisation fran\u00e7aise de l&#8217;Afrique du Nord. Nous assistons au d\u00e9but d\u2019une exploration des liens entre la politique, la finance et les m\u00e9dias.<\/p>\n\n\n\n<blockquote class=\"wp-block-quote is-layout-flow wp-block-quote-is-layout-flow\">\n<p>Forestier reparut tenant par le bras un grand gar\u00e7on maigre, de trente \u00e0 quarante ans, en habit noir et en cravate blanche, tr\u00e8s brun, la moustache roul\u00e9e en pointes aigu\u00ebs, et qui avait l\u2019air insolent et content de lui.  &#8230;&#8230;.. C\u2019est Jacques Rival, tu sais, le fameux chroniqueur, le duelliste. Il vient de corriger ses \u00e9preuves. Garin, Montel et lui sont les trois premiers chroniqueurs d\u2019esprit et d\u2019actualit\u00e9 que nous ayons \u00e0 Paris. Il gagne ici trente mille francs par an pour deux articles par semaine.<\/p>\n<cite>Bel-Ami, pg 53<\/cite><\/blockquote>\n\n\n\n<blockquote class=\"wp-block-quote is-layout-flow wp-block-quote-is-layout-flow\">\n<p>Son compagnon se taisait, semblait r\u00e9fl\u00e9chir, puis tout \u00e0 coup : \u2013 Pourquoi n\u2019essaierais-tu pas du journalisme?<br>L\u2019autre, surpris, le regarda; puis il dit: \u2013 Mais\u2026 c\u2019est que\u2026 je n\u2019ai jamais rien \u00e9crit.<br>\u2013 Bah ! on essaie, on commence. Moi, je pourrais t\u2019employer \u00e0 aller me chercher des renseignements, \u00e0 faire des d\u00e9marches et des visites. Tu aurais, au d\u00e9but, deux cent cinquante francs et tes voitures pay\u00e9es.<\/p>\n<cite>Bel-Ami, pg 53 &#8211; 54<\/cite><\/blockquote>\n\n\n\n<p><strong>Q: <mark class=\"has-inline-color has-vivid-cyan-blue-color\">Comment est pr\u00e9sent\u00e9e la vie des journalistes ? Comment le journalisme est-il illustr\u00e9 par les journalistes et les propri\u00e9taires de journaux ? Quel message Maupassant tente-t-il de faire passer avec ces repr\u00e9sentations ?<\/mark><\/strong><\/p>\n\n\n\n<h2 class=\"wp-block-heading\">Femmes \u00e0 &#8220;Bel-Ami&#8221;<\/h2>\n\n\n\n<blockquote class=\"wp-block-quote is-layout-flow wp-block-quote-is-layout-flow\">\n<p>La brune lui dit : \u2013 As-tu retrouv\u00e9 ta langue?<br>Il balbutia: \u00ab Parbleu \u00bb, sans parvenir \u00e0 prononcer autre chose que cette parole. Ils restaient debout tous les trois, arr\u00eat\u00e9s, arr\u00eatant le mouvement du promenoir, formant un remous autour d\u2019eux.<br>Alors, tout \u00e0 coup, elle demanda : \u2013 Viens-tu chez moi ?<br>Et lui, fr\u00e9missant de convoitise, r\u00e9pondit brutalement: \u2013 Oui, mais je n\u2019ai qu\u2019un louis dans ma poche.<br>Elle sourit avec indiff\u00e9rence: \u2013 \u00c7a ne fait rien.<br>Et elle prit son bras en signe de possession.<\/p>\n<cite>Bel-Ami, pg 60<\/cite><\/blockquote>\n\n\n\n<blockquote class=\"wp-block-quote is-layout-flow wp-block-quote-is-layout-flow\">\n<p>Duroy, s\u2019asseyant aussit\u00f4t, prit sur son genou Laurine, puis effleura des l\u00e8vres les cheveux ond\u00e9s et fins de l\u2019enfant. La m\u00e8re s\u2019\u00e9tonna: \u2013 Tiens, elle ne s\u2019est pas sauv\u00e9e; c\u2019est stup\u00e9fiant. Elle ne se laisse d\u2019ordinaire embrasser que par les femmes. Vous \u00eates irr\u00e9sistible, monsieur Duroy.<br>Il rougit, sans r\u00e9pondre, et d\u2019un mouvement l\u00e9ger il balan\u00e7ait la petite fille sur sa jambe. Mme Forestier s\u2019approcha, et, poussant un cri d\u2019\u00e9tonnement: \u2013 Tiens, voil\u00e0 Laurine apprivois\u00e9e, quel<br>miracle!<\/p>\n<cite>Bel-Ami, pg 73 &#8211; 74<\/cite><\/blockquote>\n\n\n\n<p>Duroy interagit avec plusieurs femmes au d\u00e9but de ce roman dans plusieurs environnements. Les interactions pr\u00e9sent\u00e9es dans ces chapitres indiquent que peut-\u00eatre les femmes de ce roman joueront un r\u00f4le assez important dans le voyage de Duroy.<\/p>\n\n\n\n<p><strong>Q: <mark class=\"has-inline-color has-vivid-cyan-blue-color\">Comment les femmes sont-elles repr\u00e9sent\u00e9es dans ces 2 chapitres ? Quelles femmes Duroy rencontre-t-il et quelle est son attitude \u00e0 leur \u00e9gard? Y a-t-il un lien entre les diff\u00e9rentes femmes et la nouvelle arriv\u00e9e de Duroy dans la soci\u00e9t\u00e9 parisienne?<\/mark><\/strong><\/p>\n\n\n\n<details class=\"wp-block-details is-layout-flow wp-block-details-is-layout-flow\"><summary>Les Citations:<\/summary>\n<ul class=\"wp-block-list\">\n<li><em>Bel-Ami<\/em> par Maupassant, 1885<\/li>\n\n\n\n<li><a href=\"https:\/\/www.britannica.com\/topic\/Bel-Ami\">https:\/\/www.britannica.com\/topic\/Bel-Ami<\/a><\/li>\n\n\n\n<li><a href=\"https:\/\/essentiels.bnf.fr\/fr\/article\/6081aa66-9690-4da0-9e9d-e72d11b9ea59-maupassant-une-vie-fil-la-plume\">https:\/\/essentiels.bnf.fr\/fr\/article\/6081aa66-9690-4da0-9e9d-e72d11b9ea59-maupassant-une-vie-fil-la-plume<\/a><\/li>\n<\/ul>\n<\/details>\n","protected":false},"excerpt":{"rendered":"<p>Guy de Maupassant \u00c0 propos de Bel-Ami Paris \u00e0 &#8220;Bel-Ami&#8221; &#8220;Bel-Ami&#8221; d\u00e9peint le Paris du XIXe si\u00e8cle \u00e0 travers la perspective de Georges Duroy, permettant au lecteur de d\u00e9couvrir le monde bourgeois des journalistes parisiens. La r\u00e9alit\u00e9 sociale s\u2019illustre \u00e0 travers les aspects les plus sombres et insoup\u00e7onn\u00e9s de la tentative d\u2019ascension sociale. Duroy, surpris,&hellip; <a class=\"more-link\" href=\"https:\/\/sites.smith.edu\/frn372-fa24\/guy-de-maupassant-et-bel-ami\/\">Continue reading <span class=\"screen-reader-text\">Guy de Maupassant et &#8220;Bel-Ami&#8221;<\/span> <span class=\"meta-nav\" aria-hidden=\"true\">&rarr;<\/span><\/a><\/p>\n","protected":false},"author":5545,"featured_media":0,"comment_status":"closed","ping_status":"closed","sticky":false,"template":"","format":"standard","meta":{"footnotes":""},"categories":[51],"tags":[],"class_list":["post-3209","post","type-post","status-publish","format-standard","hentry","category-presentation"],"_links":{"self":[{"href":"https:\/\/sites.smith.edu\/frn372-fa24\/wp-json\/wp\/v2\/posts\/3209","targetHints":{"allow":["GET"]}}],"collection":[{"href":"https:\/\/sites.smith.edu\/frn372-fa24\/wp-json\/wp\/v2\/posts"}],"about":[{"href":"https:\/\/sites.smith.edu\/frn372-fa24\/wp-json\/wp\/v2\/types\/post"}],"author":[{"embeddable":true,"href":"https:\/\/sites.smith.edu\/frn372-fa24\/wp-json\/wp\/v2\/users\/5545"}],"replies":[{"embeddable":true,"href":"https:\/\/sites.smith.edu\/frn372-fa24\/wp-json\/wp\/v2\/comments?post=3209"}],"version-history":[{"count":23,"href":"https:\/\/sites.smith.edu\/frn372-fa24\/wp-json\/wp\/v2\/posts\/3209\/revisions"}],"predecessor-version":[{"id":3269,"href":"https:\/\/sites.smith.edu\/frn372-fa24\/wp-json\/wp\/v2\/posts\/3209\/revisions\/3269"}],"wp:attachment":[{"href":"https:\/\/sites.smith.edu\/frn372-fa24\/wp-json\/wp\/v2\/media?parent=3209"}],"wp:term":[{"taxonomy":"category","embeddable":true,"href":"https:\/\/sites.smith.edu\/frn372-fa24\/wp-json\/wp\/v2\/categories?post=3209"},{"taxonomy":"post_tag","embeddable":true,"href":"https:\/\/sites.smith.edu\/frn372-fa24\/wp-json\/wp\/v2\/tags?post=3209"}],"curies":[{"name":"wp","href":"https:\/\/api.w.org\/{rel}","templated":true}]}}