{"id":3290,"date":"2024-10-23T09:43:03","date_gmt":"2024-10-23T13:43:03","guid":{"rendered":"https:\/\/sites.smith.edu\/frn372-fa24\/?p=3290"},"modified":"2024-10-23T09:45:40","modified_gmt":"2024-10-23T13:45:40","slug":"critique-du-reportage-dans-la-patrie","status":"publish","type":"post","link":"https:\/\/sites.smith.edu\/frn372-fa24\/critique-du-reportage-dans-la-patrie\/","title":{"rendered":"Critique du reportage dans La Patrie"},"content":{"rendered":"\n<div class=\"h5p-content\" data-content-id=\"101\"><\/div>\n\n\n\n<p>Voici une critique positive de l&#8217;article de Millaud dans <em>La Patrie<\/em>, un journal nationalist. Cet article est publi\u00e9 le 7 mai 1886. L\u2019auteur r\u00e9sume l\u2019argument de Millaud, et il est d&#8217;accord avec l\u2019id\u00e9e que le reportage tuera le journalisme. Il ajoute un paragraphe puissant:<\/p>\n\n\n\n<blockquote class=\"wp-block-quote is-layout-flow wp-block-quote-is-layout-flow\">\n<p>Il y a une foule d&#8217;imb\u00e9ciles que le fait de voir le public mis au courant de leurs faits et gestes, met en liesse. Leur vanit\u00e9 ne pouvait \u00e9chapper aux reporters qui s&#8217;en font de la copie ! Chose fort naturelle! Ce qui nous \u00e9tonne, c&#8217;est qu&#8217;il se trouve des gens pour lire tout ce fatras, pour s&#8217;\u00e9gayer de tous ces potins, pour consacrer une minute de leur vie, pourtant si courte, \u00e0 ces inepties.<\/p>\n<cite>La Patrie, 1886<\/cite><\/blockquote>\n","protected":false},"excerpt":{"rendered":"<p>Voici une critique positive de l&#8217;article de Millaud dans La Patrie, un journal nationalist. Cet article est publi\u00e9 le 7 mai 1886. L\u2019auteur r\u00e9sume l\u2019argument de Millaud, et il est d&#8217;accord avec l\u2019id\u00e9e que le reportage tuera le journalisme. Il ajoute un paragraphe puissant: Il y a une foule d&#8217;imb\u00e9ciles que le fait de voir&hellip; <a class=\"more-link\" href=\"https:\/\/sites.smith.edu\/frn372-fa24\/critique-du-reportage-dans-la-patrie\/\">Continue reading <span class=\"screen-reader-text\">Critique du reportage dans La Patrie<\/span> <span class=\"meta-nav\" aria-hidden=\"true\">&rarr;<\/span><\/a><\/p>\n","protected":false},"author":5581,"featured_media":0,"comment_status":"closed","ping_status":"closed","sticky":false,"template":"","format":"standard","meta":{"footnotes":""},"categories":[48],"tags":[],"class_list":["post-3290","post","type-post","status-publish","format-standard","hentry","category-atelieriv"],"_links":{"self":[{"href":"https:\/\/sites.smith.edu\/frn372-fa24\/wp-json\/wp\/v2\/posts\/3290","targetHints":{"allow":["GET"]}}],"collection":[{"href":"https:\/\/sites.smith.edu\/frn372-fa24\/wp-json\/wp\/v2\/posts"}],"about":[{"href":"https:\/\/sites.smith.edu\/frn372-fa24\/wp-json\/wp\/v2\/types\/post"}],"author":[{"embeddable":true,"href":"https:\/\/sites.smith.edu\/frn372-fa24\/wp-json\/wp\/v2\/users\/5581"}],"replies":[{"embeddable":true,"href":"https:\/\/sites.smith.edu\/frn372-fa24\/wp-json\/wp\/v2\/comments?post=3290"}],"version-history":[{"count":4,"href":"https:\/\/sites.smith.edu\/frn372-fa24\/wp-json\/wp\/v2\/posts\/3290\/revisions"}],"predecessor-version":[{"id":3352,"href":"https:\/\/sites.smith.edu\/frn372-fa24\/wp-json\/wp\/v2\/posts\/3290\/revisions\/3352"}],"wp:attachment":[{"href":"https:\/\/sites.smith.edu\/frn372-fa24\/wp-json\/wp\/v2\/media?parent=3290"}],"wp:term":[{"taxonomy":"category","embeddable":true,"href":"https:\/\/sites.smith.edu\/frn372-fa24\/wp-json\/wp\/v2\/categories?post=3290"},{"taxonomy":"post_tag","embeddable":true,"href":"https:\/\/sites.smith.edu\/frn372-fa24\/wp-json\/wp\/v2\/tags?post=3290"}],"curies":[{"name":"wp","href":"https:\/\/api.w.org\/{rel}","templated":true}]}}