{"id":3337,"date":"2024-10-21T14:57:40","date_gmt":"2024-10-21T18:57:40","guid":{"rendered":"https:\/\/sites.smith.edu\/frn372-fa24\/?p=3337"},"modified":"2024-10-25T20:45:00","modified_gmt":"2024-10-26T00:45:00","slug":"atelier-4","status":"publish","type":"post","link":"https:\/\/sites.smith.edu\/frn372-fa24\/atelier-4\/","title":{"rendered":"Atelier IV"},"content":{"rendered":"\n<div class=\"h5p-content\" data-content-id=\"113\"><\/div>\n\n\n\n<p><\/p>\n\n\n\n<p>Le texte discute le d\u00e9bat autour du journalisme de reportage, en particulier entre Albert Millaud et Pierre Giffard. Millaud critique le reportage, affirmant qu&#8217;il fait du mal \u00e0 la presse, tandis que Giffard le d\u00e9fend, arguant que les reporters font souvent des efforts et du courage intellectuel en train de couvrir des sujets directement sur le terrain. Cependant, Millaud et Giffard sont tous deux consid\u00e9r\u00e9s comme des journalistes. L&#8217;auteur est d&#8217;accord avec Millaud sur les aspects n\u00e9gatifs des interviews, qu&#8217;il consid\u00e8re comme une imitation superficielle des pratiques am\u00e9ricaines et qui n&#8217;apporte que de valeur. L&#8217;auteur croit que les interviews sont banales et pense que m\u00eame la politesse manifest\u00e9e entre des personnes interrog\u00e9es rend le processus insignifiant.<\/p>\n\n\n\n<p>L&#8217;auteur est critique \u00e0 l&#8217;\u00e9gard des interviews, qu&#8217;il consid\u00e8re comme une forme m\u00e9diocre de journalisme qu&#8217;offre peu de contenu significatif au public. L&#8217;auteur ne prend pas explicitement position sur le reportage en g\u00e9n\u00e9ral, bien que l&#8217;accent mis sur sa cat\u00e9gorisation et sa critique sugg\u00e8re une certaine ambivalence.<\/p>\n\n\n\n<p><\/p>\n","protected":false},"excerpt":{"rendered":"<p>Le texte discute le d\u00e9bat autour du journalisme de reportage, en particulier entre Albert Millaud et Pierre Giffard. Millaud critique le reportage, affirmant qu&#8217;il fait du mal \u00e0 la presse, tandis que Giffard le d\u00e9fend, arguant que les reporters font souvent des efforts et du courage intellectuel en train de couvrir des sujets directement sur&hellip; <a class=\"more-link\" href=\"https:\/\/sites.smith.edu\/frn372-fa24\/atelier-4\/\">Continue reading <span class=\"screen-reader-text\">Atelier IV<\/span> <span class=\"meta-nav\" aria-hidden=\"true\">&rarr;<\/span><\/a><\/p>\n","protected":false},"author":7582,"featured_media":0,"comment_status":"closed","ping_status":"closed","sticky":false,"template":"","format":"standard","meta":{"footnotes":""},"categories":[48],"tags":[],"class_list":["post-3337","post","type-post","status-publish","format-standard","hentry","category-atelieriv"],"_links":{"self":[{"href":"https:\/\/sites.smith.edu\/frn372-fa24\/wp-json\/wp\/v2\/posts\/3337","targetHints":{"allow":["GET"]}}],"collection":[{"href":"https:\/\/sites.smith.edu\/frn372-fa24\/wp-json\/wp\/v2\/posts"}],"about":[{"href":"https:\/\/sites.smith.edu\/frn372-fa24\/wp-json\/wp\/v2\/types\/post"}],"author":[{"embeddable":true,"href":"https:\/\/sites.smith.edu\/frn372-fa24\/wp-json\/wp\/v2\/users\/7582"}],"replies":[{"embeddable":true,"href":"https:\/\/sites.smith.edu\/frn372-fa24\/wp-json\/wp\/v2\/comments?post=3337"}],"version-history":[{"count":4,"href":"https:\/\/sites.smith.edu\/frn372-fa24\/wp-json\/wp\/v2\/posts\/3337\/revisions"}],"predecessor-version":[{"id":3366,"href":"https:\/\/sites.smith.edu\/frn372-fa24\/wp-json\/wp\/v2\/posts\/3337\/revisions\/3366"}],"wp:attachment":[{"href":"https:\/\/sites.smith.edu\/frn372-fa24\/wp-json\/wp\/v2\/media?parent=3337"}],"wp:term":[{"taxonomy":"category","embeddable":true,"href":"https:\/\/sites.smith.edu\/frn372-fa24\/wp-json\/wp\/v2\/categories?post=3337"},{"taxonomy":"post_tag","embeddable":true,"href":"https:\/\/sites.smith.edu\/frn372-fa24\/wp-json\/wp\/v2\/tags?post=3337"}],"curies":[{"name":"wp","href":"https:\/\/api.w.org\/{rel}","templated":true}]}}