{"id":3405,"date":"2024-10-28T08:57:31","date_gmt":"2024-10-28T12:57:31","guid":{"rendered":"https:\/\/sites.smith.edu\/frn372-fa24\/?p=3405"},"modified":"2024-10-28T08:57:31","modified_gmt":"2024-10-28T12:57:31","slug":"estelle-violette-debat-et-style-ce-que-millaud-et-giffard-nous-enseignent","status":"publish","type":"post","link":"https:\/\/sites.smith.edu\/frn372-fa24\/estelle-violette-debat-et-style-ce-que-millaud-et-giffard-nous-enseignent\/","title":{"rendered":"Estelle Violette: &#8220;D\u00e9bat et Style: Ce que Millaud et Giffard nous enseignent&#8221;"},"content":{"rendered":"\n<p>Ch\u00e8res lectrices et chers lecteurs,<\/p>\n\n\n\n<p>Aujourd&#8217;hui, en me promenant dans les boulevards pr\u00e8s de l&#8217;Op\u00e9ra en allant au bureau, j&#8217;ai \u00e9t\u00e9 frapp\u00e9e par un sujet qui fait beaucoup parler : le d\u00e9bat entre Monsieur Millaud et Monsieur Giffard. Vous avez s\u00fbrement vu les affiches dans les kiosques ! En tant que chroniqueuse de mode, je pr\u00e9f\u00e8re habituellement parler d&#8217;esth\u00e9tique et de style, mais ce d\u00e9bat est trop important pour ne pas en parler. Il touche \u00e0 l&#8217;\u00e9volution de notre soci\u00e9t\u00e9 et, par cons\u00e9quent, de la mode elle-m\u00eame. Millaud affirme que le reportage, en tant que forme de journalisme, tue la litt\u00e9rature. Il veut un retour \u00e0 un style d&#8217;\u00e9criture plus \u201cartistique\u201d, plus riche et plus profond. De son c\u00f4t\u00e9, Giffard d\u00e9fend l&#8217;id\u00e9e que le reportage nous aide \u00e0 mieux comprendre le monde et r\u00e9pond aux besoins des lecteurs d&#8217;aujourd&#8217;hui. Pour ma part, je suis d&#8217;accord avec Giffard. Le reportage n&#8217;est pas une menace ; il repr\u00e9sente une opportunit\u00e9. Dans mon m\u00e9tier, je cherche sans cesse de nouvelles tendances et inspirations dans les rues. Je r\u00e9alise que la mode est souvent li\u00e9e \u00e0 notre culture actuelle, et la mode \u00e9volue avec la soci\u00e9t\u00e9, tout comme la litt\u00e9rature. Ignorer ces changements, c&#8217;est manquer quelque chose de pr\u00e9cieux. La mode ne peut pas rester fix\u00e9e dans le pass\u00e9 ; elle doit se r\u00e9inventer, tout comme la litt\u00e9rature. En arrivant au bureau pour r\u00e9cup\u00e9rer mon ch\u00e8que de ma derni\u00e8re chronique, j&#8217;ai entendu des rumeurs int\u00e9ressantes. Certains disent que ce d\u00e9bat a \u00e9t\u00e9 cr\u00e9\u00e9 pour attirer plus de lecteurs. C&#8217;est r\u00e9v\u00e9lateur du monde de la presse, n&#8217;est-ce pas ? Mais attention, mes chers lecteurs. Dans un monde o\u00f9 le sensationnalisme est courant, il est important de garder un esprit critique. Tous les chroniqueurs ne sont pas aussi honn\u00eates que moi !&nbsp;<\/p>\n\n\n\n<p>\u00c0ux bureau, en discutant avec des \u00e9crivains de voyage r\u00e9cemment revenus d&#8217;\u00c9gypte, j&#8217;ai d\u00e9couvert des manteaux absolument magnifiques, fabriqu\u00e9s par un ancien tisserand pr\u00e8s des Pyramides de Gizeh. Ces histoires ne parlent pas seulement de v\u00eatements, mais racontent aussi un h\u00e9ritage culturel. Chaque pi\u00e8ce a une histoire et c&#8217;est fascinant de voir comment cela se refl\u00e8te dans notre quotidien. Au bureau, j&#8217;ai aussi observ\u00e9 de pr\u00e8s les v\u00eatements des journalistes. Les reporters portent des tenues pratiques pour leur travail, tandis que les chroniqueurs comme moi, ajoutent souvent des touches d&#8217;originalit\u00e9 et style. Ce contraste montre que la mode ne se limite pas \u00e0 l&#8217;apparence ; elle parle aussi de notre identit\u00e9 et de notre m\u00e9tier. \u00c0 travers nos choix vestimentaires, nous faisons passer un message sur qui nous sommes. Il est int\u00e9ressant de voir que les nouvelles tendances naissent souvent de discussions, de d\u00e9bats, et m\u00eame de rumeurs dans les rues de Paris. Les choix vestimentaires de chacun peuvent \u00eatre influenc\u00e9s par des conversations ou des \u00e9v\u00e9nements dans le monde. Ainsi, le d\u00e9bat entre Millaud et Giffard, m\u00eame s&#8217;il concerne la litt\u00e9rature, a aussi des r\u00e9percussions sur notre vision de la mode et de la culture. En conclusion, je vous invite \u00e0 garder l&#8217;esprit ouvert face \u00e0 ces changements. La mode, tout comme la litt\u00e9rature, \u00e9volue constamment. Elle refl\u00e8te notre soci\u00e9t\u00e9 et les transformations de notre \u00e9poque. Ne craignons pas le changement ; au contraire, accueillons-le, et continuons \u00e0 d\u00e9battre et \u00e0 partager nos r\u00e9flexions.<\/p>\n\n\n\n<p>\u00c0 tr\u00e8s bient\u00f4t, avec encore plus d&#8217;histoires et de mode \u00e0 partager !<\/p>\n\n\n\n<p>\u2014 Estelle Violette<\/p>\n","protected":false},"excerpt":{"rendered":"<p>Ch\u00e8res lectrices et chers lecteurs, Aujourd&#8217;hui, en me promenant dans les boulevards pr\u00e8s de l&#8217;Op\u00e9ra en allant au bureau, j&#8217;ai \u00e9t\u00e9 frapp\u00e9e par un sujet qui fait beaucoup parler : le d\u00e9bat entre Monsieur Millaud et Monsieur Giffard. Vous avez s\u00fbrement vu les affiches dans les kiosques ! En tant que chroniqueuse de mode, je&hellip; <a class=\"more-link\" href=\"https:\/\/sites.smith.edu\/frn372-fa24\/estelle-violette-debat-et-style-ce-que-millaud-et-giffard-nous-enseignent\/\">Continue reading <span class=\"screen-reader-text\">Estelle Violette: &#8220;D\u00e9bat et Style: Ce que Millaud et Giffard nous enseignent&#8221;<\/span> <span class=\"meta-nav\" aria-hidden=\"true\">&rarr;<\/span><\/a><\/p>\n","protected":false},"author":7583,"featured_media":0,"comment_status":"closed","ping_status":"closed","sticky":false,"template":"","format":"standard","meta":{"footnotes":""},"categories":[43],"tags":[],"class_list":["post-3405","post","type-post","status-publish","format-standard","hentry","category-chroniqueii"],"_links":{"self":[{"href":"https:\/\/sites.smith.edu\/frn372-fa24\/wp-json\/wp\/v2\/posts\/3405","targetHints":{"allow":["GET"]}}],"collection":[{"href":"https:\/\/sites.smith.edu\/frn372-fa24\/wp-json\/wp\/v2\/posts"}],"about":[{"href":"https:\/\/sites.smith.edu\/frn372-fa24\/wp-json\/wp\/v2\/types\/post"}],"author":[{"embeddable":true,"href":"https:\/\/sites.smith.edu\/frn372-fa24\/wp-json\/wp\/v2\/users\/7583"}],"replies":[{"embeddable":true,"href":"https:\/\/sites.smith.edu\/frn372-fa24\/wp-json\/wp\/v2\/comments?post=3405"}],"version-history":[{"count":1,"href":"https:\/\/sites.smith.edu\/frn372-fa24\/wp-json\/wp\/v2\/posts\/3405\/revisions"}],"predecessor-version":[{"id":3406,"href":"https:\/\/sites.smith.edu\/frn372-fa24\/wp-json\/wp\/v2\/posts\/3405\/revisions\/3406"}],"wp:attachment":[{"href":"https:\/\/sites.smith.edu\/frn372-fa24\/wp-json\/wp\/v2\/media?parent=3405"}],"wp:term":[{"taxonomy":"category","embeddable":true,"href":"https:\/\/sites.smith.edu\/frn372-fa24\/wp-json\/wp\/v2\/categories?post=3405"},{"taxonomy":"post_tag","embeddable":true,"href":"https:\/\/sites.smith.edu\/frn372-fa24\/wp-json\/wp\/v2\/tags?post=3405"}],"curies":[{"name":"wp","href":"https:\/\/api.w.org\/{rel}","templated":true}]}}