{"id":3578,"date":"2024-11-11T07:36:00","date_gmt":"2024-11-11T12:36:00","guid":{"rendered":"https:\/\/sites.smith.edu\/frn372-fa24\/?p=3578"},"modified":"2024-11-11T03:37:59","modified_gmt":"2024-11-11T08:37:59","slug":"anne-colaire-bel-ami-un-miroir","status":"publish","type":"post","link":"https:\/\/sites.smith.edu\/frn372-fa24\/anne-colaire-bel-ami-un-miroir\/","title":{"rendered":"Anne Colaire : Bel-Ami : Un miroir ?"},"content":{"rendered":"\n<p>Apr\u00e8s une suite de publications dans le feuilleton de <em>Gil Blas<\/em>, le roman <em>Bel-Ami<\/em> de M. Guy de Maupassant est apparu chez Havard il y a deux semaines, et le d\u00e9bat litt\u00e9raire qu\u2019il suscite dans la presse continue encore. Or, ce roman est particuli\u00e8rement pertinent pour nous les journalistes, comme c\u2019est notre monde que nous voyons refl\u00e9t\u00e9 sur ses pages. Il est donc in\u00e9vitable que nous nous regardions et que nous r\u00e9pondions \u00e0 ce que nous voyons. Nous nous demandons donc : cette r\u00e9flexion est-elle juste ?<\/p>\n\n\n\n<div class=\"wp-block-columns is-layout-flex wp-container-core-columns-is-layout-9d6595d7 wp-block-columns-is-layout-flex\">\n<div class=\"wp-block-column is-layout-flow wp-block-column-is-layout-flow\" style=\"flex-basis:75%\">\n<p>D\u2019autres journalistes, dont \u03a6 du <em>XIXe si\u00e8cle<\/em>, l\u2019ont d\u00e9j\u00e0 not\u00e9 : le portrait de la presse que propose M. de Maupassant est peint d\u2019une vision tr\u00e8s pessimiste. Saisi par \u00ab le d\u00e9sir d\u2019arriver \u00bb (79) et motiv\u00e9 par la jalousie et la frustration de l\u2019\u00e9tat de sa vie, jamais satisfait, son Duroy suit un chemin de ruse et de gredinerie afin de monter dans le monde de la presse. Sans remords et sans personnage vertueux pour juxtaposer celui de Duroy, M. de Maupassant ne laisse aucun espoir en l\u2019\u00e9tat de la presse. Impossible de monter de la pauvret\u00e9 \u00e0 la haute soci\u00e9t\u00e9 en travaillant honn\u00eatement ; impossible de trouver un seul homme d\u00e9cent dans ce m\u00e9tier. Le roman nous laisse penser : y-a-t-il un moyen moral de monter cette \u00e9chelle et d\u2019arriver en haut ? <\/p>\n<\/div>\n\n\n\n<div class=\"wp-block-column is-layout-flow wp-block-column-is-layout-flow\" style=\"flex-basis:50%\">\n<div class=\"h5p-content\" data-content-id=\"127\"><\/div>\n<\/div>\n<\/div>\n\n\n\n<p>Je connais des journalistes respectables et int\u00e8gres, et je connais des gens travailleurs qui se sont \u00e9chapp\u00e9s de la pauvret\u00e9 de mani\u00e8re honn\u00eate. Il est dommage que ce c\u00f4t\u00e9 du journalisme\u00a0 et de la soci\u00e9t\u00e9 parisienne ne soit pas repr\u00e9sent\u00e9 dans <em>Bel-Ami<\/em>. Avec ce roman, M. de Maupassant risque de renforcer une attente au pire dans ce m\u00e9tier. M\u00eame sans condamnation directe des actions de Duroy dans le texte, il est clair \u00e0 un lecteur conscient que l\u2019auteur ne d\u00e9fend pas ce que ce personnage fait. Pourtant, si ce lecteur ne voit pas l\u2019autre possibilit\u00e9, il peut finir par accepter que cela d\u00e9finit l\u2019\u00e9tat immuable du journalisme, et que nous ne pouvons rien faire pour le changer. Il y a l\u00e0 un danger.<\/p>\n\n\n\n<div class=\"h5p-content\" data-content-id=\"128\"><\/div>\n\n\n\n<div style=\"height:39px\" aria-hidden=\"true\" class=\"wp-block-spacer\"><\/div>\n\n\n\n<p>Mais ce que je ne peux pas nier, c\u2019est que cette r\u00e9alit\u00e9 existe dans le monde de la presse, m\u00eame si ce n\u2019est pas sa totalit\u00e9. Que ce personnage de Duroy soit journaliste, et que ce soit le monde du journalisme qui fa\u00e7onne l\u2019homme que devient Duroy, n\u2019est pas par hasard. D\u2019autres critiques remettent ce fait en question : \u03a6 doute de \u00ab la n\u00e9cessit\u00e9 de ce choix \u00bb ; Montjoyeux du <em>Matin<\/em> d\u00e9clare que \u00ab Duroy n\u2019est pas plus un journaliste qu\u2019il n\u2019est un avocat, un m\u00e9decin ou un \u00e9b\u00e9niste \u00bb. Je n\u2019accepte pas cette id\u00e9e. En \u00e9crivant <em>Bel-Ami<\/em>, M. de Maupassant a cherch\u00e9 \u00e0 montrer comment le monde du journalisme peut faire d\u2019un tel gredin un homme puissant, et les cons\u00e9quences soci\u00e9tales de cette transformation lorsqu\u2019elle arrive dans ce m\u00e9tier en particulier. Nous voyons comment Duroy commence \u00e0 influencer la politique de Paris d\u00e8s qu\u2019il devient chef des \u00c9chos pour <em>La Vie fran\u00e7aise<\/em>, \u00ab l\u2019organe avou\u00e9 du cabinet \u00bb (285) ; comment il r\u00e9ussit directement \u00e0 changer le cabinet apr\u00e8s avoir pris sa femme et le ministre en flagrant d\u00e9lit d\u2019adult\u00e8re ; comment c\u2019est son trajectoire dans ce m\u00e9tier qui lui a permi de devenir \u00ab un homme d\u2019avenir \u00bb (356) qui sera sans doute d\u00e9put\u00e9 et ministre. Ce destin pourrait-il vraiment arriver \u00e0 n\u2019importe quel m\u00e9decin ou \u00e9b\u00e9niste sans les outils fournis par la presse ? Moi, j\u2019ai des doutes. La presse est devenue aujourd\u2019hui une des forces sociales et politiques les plus puissantes \u00e0 Paris : on ne peut pas nier ce fait. Le personnage de Duroy est un avertissement n\u00e9cessaire pour tout de la manipulation et le danger qui peuvent en r\u00e9sulter pendant cet \u00e2ge de la presse.<\/p>\n\n\n\n<p>C\u2019est un fait frustrant, mais r\u00e9el : les hommes d\u2019aujourd\u2019hui arrivent \u00e0 monter l\u2019\u00e9chelle sociale et \u00e0 influencer la politique gr\u00e2ce non pas \u00e0 leur m\u00e9rite o\u00f9 \u00e0 leur travail honn\u00eate, mais \u00e0 leurs relations, \u00e0 l\u2019argent, et \u00e0 la ruse \u2014 alors que les autres souffrent. Nous ne pouvons pas ignorer que cette corruption envahit le monde de la presse. Malgr\u00e9 son pessimisme, ce que M. de Maupassant a r\u00e9ussi \u00e0 faire, c\u2019est provoquer un d\u00e9bat dans la presse en nous montrant un miroir qui nous force \u00e0 nous regarder et \u00e0 nous interroger. Voil\u00e0 la chose la plus importante qui peut faire la litt\u00e9rature aujourd\u2019hui.<\/p>\n\n\n\n<p class=\"has-text-align-right\">ANNE COLAIRE.<\/p>\n","protected":false},"excerpt":{"rendered":"<p>Apr\u00e8s une suite de publications dans le feuilleton de Gil Blas, le roman Bel-Ami de M. Guy de Maupassant est apparu chez Havard il y a deux semaines, et le d\u00e9bat litt\u00e9raire qu\u2019il suscite dans la presse continue encore. Or, ce roman est particuli\u00e8rement pertinent pour nous les journalistes, comme c\u2019est notre monde que nous&hellip; <a class=\"more-link\" href=\"https:\/\/sites.smith.edu\/frn372-fa24\/anne-colaire-bel-ami-un-miroir\/\">Continue reading <span class=\"screen-reader-text\">Anne Colaire : Bel-Ami : Un miroir ?<\/span> <span class=\"meta-nav\" aria-hidden=\"true\">&rarr;<\/span><\/a><\/p>\n","protected":false},"author":5567,"featured_media":0,"comment_status":"closed","ping_status":"closed","sticky":false,"template":"","format":"standard","meta":{"footnotes":""},"categories":[44,1],"tags":[],"class_list":["post-3578","post","type-post","status-publish","format-standard","hentry","category-chroniqueiii","category-uncategorized"],"_links":{"self":[{"href":"https:\/\/sites.smith.edu\/frn372-fa24\/wp-json\/wp\/v2\/posts\/3578","targetHints":{"allow":["GET"]}}],"collection":[{"href":"https:\/\/sites.smith.edu\/frn372-fa24\/wp-json\/wp\/v2\/posts"}],"about":[{"href":"https:\/\/sites.smith.edu\/frn372-fa24\/wp-json\/wp\/v2\/types\/post"}],"author":[{"embeddable":true,"href":"https:\/\/sites.smith.edu\/frn372-fa24\/wp-json\/wp\/v2\/users\/5567"}],"replies":[{"embeddable":true,"href":"https:\/\/sites.smith.edu\/frn372-fa24\/wp-json\/wp\/v2\/comments?post=3578"}],"version-history":[{"count":8,"href":"https:\/\/sites.smith.edu\/frn372-fa24\/wp-json\/wp\/v2\/posts\/3578\/revisions"}],"predecessor-version":[{"id":3586,"href":"https:\/\/sites.smith.edu\/frn372-fa24\/wp-json\/wp\/v2\/posts\/3578\/revisions\/3586"}],"wp:attachment":[{"href":"https:\/\/sites.smith.edu\/frn372-fa24\/wp-json\/wp\/v2\/media?parent=3578"}],"wp:term":[{"taxonomy":"category","embeddable":true,"href":"https:\/\/sites.smith.edu\/frn372-fa24\/wp-json\/wp\/v2\/categories?post=3578"},{"taxonomy":"post_tag","embeddable":true,"href":"https:\/\/sites.smith.edu\/frn372-fa24\/wp-json\/wp\/v2\/tags?post=3578"}],"curies":[{"name":"wp","href":"https:\/\/api.w.org\/{rel}","templated":true}]}}