{"id":3638,"date":"2024-11-13T11:22:05","date_gmt":"2024-11-13T16:22:05","guid":{"rendered":"https:\/\/sites.smith.edu\/frn372-fa24\/?p=3638"},"modified":"2024-11-30T11:49:43","modified_gmt":"2024-11-30T16:49:43","slug":"la-commune-de-paris-a-travers-des-illustrations","status":"publish","type":"post","link":"https:\/\/sites.smith.edu\/frn372-fa24\/la-commune-de-paris-a-travers-des-illustrations\/","title":{"rendered":"La Commune de Paris &#8211; \u00e0 travers des illustrations"},"content":{"rendered":"\n<hr class=\"wp-block-separator aligncenter has-alpha-channel-opacity\" \/>\n\n\n\n<ul class=\"wp-block-list\">\n<li>Comment les illustrations ont servi comme un champ de bataille visuel, influen\u00e7ant l&#8217;opinion sur la Commune et le gouvernement pendant une p\u00e9riode de d\u00e9stabilisation marqu\u00e9e par la guerre.<\/li>\n<\/ul>\n\n\n\n<div style=\"height:22px\" aria-hidden=\"true\" class=\"wp-block-spacer\"><\/div>\n\n\n\n<h2 class=\"wp-block-heading\">            <strong>Deux Perspectives: Pro-Commune vs. Anti-Commune&nbsp;<\/strong><\/h2>\n\n\n\n<figure class=\"wp-block-gallery has-nested-images columns-default is-cropped wp-block-gallery-1 is-layout-flex wp-block-gallery-is-layout-flex\">\n<figure class=\"wp-block-image size-large\"><img loading=\"lazy\" decoding=\"async\" width=\"724\" height=\"1024\" data-id=\"1633\" src=\"https:\/\/sites.smith.edu\/frn372-fa24\/wp-content\/uploads\/sites\/1111\/2024\/04\/Collection-de-caricatures-et-de-charges-pour-servir-a-lhistoire-de-la-guerre-et-de-la-revolution-de-1870-71-vols.-5-6-UB-Heidelberg_Page_05-edited-724x1024.jpg\" alt=\"\" class=\"wp-image-1633\" srcset=\"https:\/\/sites.smith.edu\/frn372-fa24\/wp-content\/uploads\/sites\/1111\/2024\/04\/Collection-de-caricatures-et-de-charges-pour-servir-a-lhistoire-de-la-guerre-et-de-la-revolution-de-1870-71-vols.-5-6-UB-Heidelberg_Page_05-edited-724x1024.jpg 724w, https:\/\/sites.smith.edu\/frn372-fa24\/wp-content\/uploads\/sites\/1111\/2024\/04\/Collection-de-caricatures-et-de-charges-pour-servir-a-lhistoire-de-la-guerre-et-de-la-revolution-de-1870-71-vols.-5-6-UB-Heidelberg_Page_05-edited-212x300.jpg 212w, https:\/\/sites.smith.edu\/frn372-fa24\/wp-content\/uploads\/sites\/1111\/2024\/04\/Collection-de-caricatures-et-de-charges-pour-servir-a-lhistoire-de-la-guerre-et-de-la-revolution-de-1870-71-vols.-5-6-UB-Heidelberg_Page_05-edited-768x1086.jpg 768w, https:\/\/sites.smith.edu\/frn372-fa24\/wp-content\/uploads\/sites\/1111\/2024\/04\/Collection-de-caricatures-et-de-charges-pour-servir-a-lhistoire-de-la-guerre-et-de-la-revolution-de-1870-71-vols.-5-6-UB-Heidelberg_Page_05-edited-1086x1536.jpg 1086w, https:\/\/sites.smith.edu\/frn372-fa24\/wp-content\/uploads\/sites\/1111\/2024\/04\/Collection-de-caricatures-et-de-charges-pour-servir-a-lhistoire-de-la-guerre-et-de-la-revolution-de-1870-71-vols.-5-6-UB-Heidelberg_Page_05-edited.jpg 1158w\" sizes=\"auto, (max-width: 724px) 100vw, 724px\" \/><\/figure>\n\n\n\n<figure class=\"wp-block-image size-large\"><img loading=\"lazy\" decoding=\"async\" width=\"724\" height=\"1024\" data-id=\"1626\" src=\"https:\/\/sites.smith.edu\/frn372-fa24\/wp-content\/uploads\/sites\/1111\/2024\/04\/Collection-de-caricatures-et-de-charges-pour-servir-a-lhistoire-de-la-guerre-et-de-la-revolution-de-1870-71-vols.-5-6-UB-Heidelberg_Page_23-edited-724x1024.jpg\" alt=\"\" class=\"wp-image-1626\" srcset=\"https:\/\/sites.smith.edu\/frn372-fa24\/wp-content\/uploads\/sites\/1111\/2024\/04\/Collection-de-caricatures-et-de-charges-pour-servir-a-lhistoire-de-la-guerre-et-de-la-revolution-de-1870-71-vols.-5-6-UB-Heidelberg_Page_23-edited-724x1024.jpg 724w, https:\/\/sites.smith.edu\/frn372-fa24\/wp-content\/uploads\/sites\/1111\/2024\/04\/Collection-de-caricatures-et-de-charges-pour-servir-a-lhistoire-de-la-guerre-et-de-la-revolution-de-1870-71-vols.-5-6-UB-Heidelberg_Page_23-edited-212x300.jpg 212w, https:\/\/sites.smith.edu\/frn372-fa24\/wp-content\/uploads\/sites\/1111\/2024\/04\/Collection-de-caricatures-et-de-charges-pour-servir-a-lhistoire-de-la-guerre-et-de-la-revolution-de-1870-71-vols.-5-6-UB-Heidelberg_Page_23-edited-768x1086.jpg 768w, https:\/\/sites.smith.edu\/frn372-fa24\/wp-content\/uploads\/sites\/1111\/2024\/04\/Collection-de-caricatures-et-de-charges-pour-servir-a-lhistoire-de-la-guerre-et-de-la-revolution-de-1870-71-vols.-5-6-UB-Heidelberg_Page_23-edited.jpg 980w\" sizes=\"auto, (max-width: 724px) 100vw, 724px\" \/><\/figure>\n<\/figure>\n\n\n\n<div class=\"wp-block-columns is-layout-flex wp-container-core-columns-is-layout-9d6595d7 wp-block-columns-is-layout-flex\">\n<div class=\"wp-block-column is-layout-flow wp-block-column-is-layout-flow\">\n<ul class=\"wp-block-list\">\n<li>La Commune comme une femme puissante et pr\u00eate \u00e0 se d\u00e9fendre.<\/li>\n\n\n\n<li>Critique des forces monarchiques.<\/li>\n<\/ul>\n<\/div>\n\n\n\n<div class=\"wp-block-column is-layout-flow wp-block-column-is-layout-flow\">\n<ul class=\"wp-block-list\">\n<li>Paris mort <\/li>\n\n\n\n<li>les st\u00e9r\u00e9otypes n\u00e9gatifs de la commune<\/li>\n<\/ul>\n<\/div>\n<\/div>\n\n\n\n<div class=\"wp-block-columns is-layout-flex wp-container-core-columns-is-layout-9d6595d7 wp-block-columns-is-layout-flex\">\n<div class=\"wp-block-column is-layout-flow wp-block-column-is-layout-flow\">\n<figure class=\"wp-block-gallery has-nested-images columns-default is-cropped wp-block-gallery-2 is-layout-flex wp-block-gallery-is-layout-flex\">\n<figure class=\"wp-block-image size-large\"><img loading=\"lazy\" decoding=\"async\" width=\"778\" height=\"1024\" data-id=\"3639\" src=\"https:\/\/sites.smith.edu\/frn372-fa24\/wp-content\/uploads\/sites\/1111\/2024\/11\/Screen-Shot-2024-11-12-at-3.08.39-PM-778x1024.png\" alt=\"\" class=\"wp-image-3639\" srcset=\"https:\/\/sites.smith.edu\/frn372-fa24\/wp-content\/uploads\/sites\/1111\/2024\/11\/Screen-Shot-2024-11-12-at-3.08.39-PM-778x1024.png 778w, https:\/\/sites.smith.edu\/frn372-fa24\/wp-content\/uploads\/sites\/1111\/2024\/11\/Screen-Shot-2024-11-12-at-3.08.39-PM-228x300.png 228w, https:\/\/sites.smith.edu\/frn372-fa24\/wp-content\/uploads\/sites\/1111\/2024\/11\/Screen-Shot-2024-11-12-at-3.08.39-PM-768x1011.png 768w, https:\/\/sites.smith.edu\/frn372-fa24\/wp-content\/uploads\/sites\/1111\/2024\/11\/Screen-Shot-2024-11-12-at-3.08.39-PM.png 884w\" sizes=\"auto, (max-width: 778px) 100vw, 778px\" \/><\/figure>\n<\/figure>\n<\/div>\n\n\n\n<div class=\"wp-block-column is-layout-flow wp-block-column-is-layout-flow\">\n<figure class=\"wp-block-image size-large is-resized\"><img loading=\"lazy\" decoding=\"async\" width=\"796\" height=\"1024\" src=\"https:\/\/sites.smith.edu\/frn372-fa24\/wp-content\/uploads\/sites\/1111\/2024\/11\/Screen-Shot-2024-11-12-at-3.03.23-PM-796x1024.png\" alt=\"\" class=\"wp-image-3640\" style=\"width:426px;height:auto\" srcset=\"https:\/\/sites.smith.edu\/frn372-fa24\/wp-content\/uploads\/sites\/1111\/2024\/11\/Screen-Shot-2024-11-12-at-3.03.23-PM-796x1024.png 796w, https:\/\/sites.smith.edu\/frn372-fa24\/wp-content\/uploads\/sites\/1111\/2024\/11\/Screen-Shot-2024-11-12-at-3.03.23-PM-233x300.png 233w, https:\/\/sites.smith.edu\/frn372-fa24\/wp-content\/uploads\/sites\/1111\/2024\/11\/Screen-Shot-2024-11-12-at-3.03.23-PM-768x988.png 768w, https:\/\/sites.smith.edu\/frn372-fa24\/wp-content\/uploads\/sites\/1111\/2024\/11\/Screen-Shot-2024-11-12-at-3.03.23-PM.png 902w\" sizes=\"auto, (max-width: 796px) 100vw, 796px\" \/><\/figure>\n<\/div>\n<\/div>\n\n\n\n<div class=\"wp-block-columns is-layout-flex wp-container-core-columns-is-layout-9d6595d7 wp-block-columns-is-layout-flex\">\n<div class=\"wp-block-column is-layout-flow wp-block-column-is-layout-flow\">\n<ul class=\"wp-block-list\">\n<li>Valorisant les id\u00e9aux de la Commune tout en critiquant les pouvoirs en place.<\/li>\n\n\n\n<li>Difference entre les citoyens et les autorit\u00e9s du pays.<\/li>\n<\/ul>\n<\/div>\n\n\n\n<div class=\"wp-block-column is-layout-flow wp-block-column-is-layout-flow\">\n<ul class=\"wp-block-list\">\n<li>Critique de la presse pro-Commune.<\/li>\n\n\n\n<li>Image chaotique de la Commune.<\/li>\n<\/ul>\n\n\n\n<p>&nbsp;<\/p>\n<\/div>\n<\/div>\n\n\n\n<div style=\"height:32px\" aria-hidden=\"true\" class=\"wp-block-spacer\"><\/div>\n\n\n\n<h2 class=\"wp-block-heading\"> <strong>    Autre perspective  <\/strong><\/h2>\n\n\n\n<div class=\"wp-block-columns is-layout-flex wp-container-core-columns-is-layout-9d6595d7 wp-block-columns-is-layout-flex\">\n<div class=\"wp-block-column is-vertically-aligned-top is-layout-flow wp-block-column-is-layout-flow\">\n<ul class=\"wp-block-list\">\n<li>Illustrations refl\u00e9tant un point de vue plus centr\u00e9.   <\/li>\n<\/ul>\n\n\n\n<ul class=\"wp-block-list\">\n<li>Refl\u00e8te un sentiment partag\u00e9 de rejet de la guerre civile par une partie de la population fran\u00e7aise.<\/li>\n<\/ul>\n<\/div>\n<\/div>\n\n\n\n<figure class=\"wp-block-image size-large is-resized\"><img loading=\"lazy\" decoding=\"async\" width=\"1024\" height=\"816\" src=\"https:\/\/sites.smith.edu\/frn372-fa24\/wp-content\/uploads\/sites\/1111\/2024\/11\/Screen-Shot-2024-11-11-at-7.40.10-PM-1-1024x816.png\" alt=\"\" class=\"wp-image-3654\" style=\"width:804px;height:auto\" srcset=\"https:\/\/sites.smith.edu\/frn372-fa24\/wp-content\/uploads\/sites\/1111\/2024\/11\/Screen-Shot-2024-11-11-at-7.40.10-PM-1-1024x816.png 1024w, https:\/\/sites.smith.edu\/frn372-fa24\/wp-content\/uploads\/sites\/1111\/2024\/11\/Screen-Shot-2024-11-11-at-7.40.10-PM-1-300x239.png 300w, https:\/\/sites.smith.edu\/frn372-fa24\/wp-content\/uploads\/sites\/1111\/2024\/11\/Screen-Shot-2024-11-11-at-7.40.10-PM-1-768x612.png 768w, https:\/\/sites.smith.edu\/frn372-fa24\/wp-content\/uploads\/sites\/1111\/2024\/11\/Screen-Shot-2024-11-11-at-7.40.10-PM-1.png 1534w\" sizes=\"auto, (max-width: 1024px) 100vw, 1024px\" \/><\/figure>\n\n\n\n<h2 class=\"wp-block-heading\">   <\/h2>\n\n\n\n<div class=\"wp-block-group is-vertical is-layout-flex wp-container-core-group-is-layout-8cf370e7 wp-block-group-is-layout-flex\">\n<p><mark style=\"background-color:#cfe6f4\" class=\"has-inline-color has-black-color\">&#8211; <strong>Quels th\u00e8mes r\u00e9currents observez-vous dans ces illustrations ?<\/strong><\/mark><\/p>\n\n\n\n<p><mark style=\"background-color:#e3f4ff\" class=\"has-inline-color\">&#8211;<\/mark><mark style=\"background-color:#d6e9f7\" class=\"has-inline-color\"> <strong>Certaines illustrations vous semblent-elles plus efficaces que d&#8217;autres ? Pourquoi ?<\/strong><\/mark><\/p>\n<\/div>\n\n\n\n<div style=\"height:40px\" aria-hidden=\"true\" class=\"wp-block-spacer\"><\/div>\n\n\n\n<h2 class=\"wp-block-heading\"> La caricature politique et son r\u00f4le<\/h2>\n\n\n\n<div class=\"wp-block-columns is-layout-flex wp-container-core-columns-is-layout-9d6595d7 wp-block-columns-is-layout-flex\">\n<div class=\"wp-block-column is-layout-flow wp-block-column-is-layout-flow\">\n<figure class=\"wp-block-gallery has-nested-images columns-default is-cropped wp-block-gallery-3 is-layout-flex wp-block-gallery-is-layout-flex\">\n<figure class=\"wp-block-image size-large\"><img loading=\"lazy\" decoding=\"async\" width=\"724\" height=\"1024\" data-id=\"1586\" src=\"https:\/\/sites.smith.edu\/frn372-fa24\/wp-content\/uploads\/sites\/1111\/2024\/04\/Collection-de-caricatures-et-de-charges-pour-servir-a-lhistoire-de-la-guerre-et-de-la-revolution-de-1870-71-vols.-5-6-UB-Heidelberg_Page_14-scaled-1-724x1024.jpg\" alt=\"\" class=\"wp-image-1586\" srcset=\"https:\/\/sites.smith.edu\/frn372-fa24\/wp-content\/uploads\/sites\/1111\/2024\/04\/Collection-de-caricatures-et-de-charges-pour-servir-a-lhistoire-de-la-guerre-et-de-la-revolution-de-1870-71-vols.-5-6-UB-Heidelberg_Page_14-scaled-1-724x1024.jpg 724w, https:\/\/sites.smith.edu\/frn372-fa24\/wp-content\/uploads\/sites\/1111\/2024\/04\/Collection-de-caricatures-et-de-charges-pour-servir-a-lhistoire-de-la-guerre-et-de-la-revolution-de-1870-71-vols.-5-6-UB-Heidelberg_Page_14-scaled-1-212x300.jpg 212w, https:\/\/sites.smith.edu\/frn372-fa24\/wp-content\/uploads\/sites\/1111\/2024\/04\/Collection-de-caricatures-et-de-charges-pour-servir-a-lhistoire-de-la-guerre-et-de-la-revolution-de-1870-71-vols.-5-6-UB-Heidelberg_Page_14-scaled-1-768x1086.jpg 768w, https:\/\/sites.smith.edu\/frn372-fa24\/wp-content\/uploads\/sites\/1111\/2024\/04\/Collection-de-caricatures-et-de-charges-pour-servir-a-lhistoire-de-la-guerre-et-de-la-revolution-de-1870-71-vols.-5-6-UB-Heidelberg_Page_14-scaled-1-1087x1536.jpg 1087w, https:\/\/sites.smith.edu\/frn372-fa24\/wp-content\/uploads\/sites\/1111\/2024\/04\/Collection-de-caricatures-et-de-charges-pour-servir-a-lhistoire-de-la-guerre-et-de-la-revolution-de-1870-71-vols.-5-6-UB-Heidelberg_Page_14-scaled-1-1449x2048.jpg 1449w, https:\/\/sites.smith.edu\/frn372-fa24\/wp-content\/uploads\/sites\/1111\/2024\/04\/Collection-de-caricatures-et-de-charges-pour-servir-a-lhistoire-de-la-guerre-et-de-la-revolution-de-1870-71-vols.-5-6-UB-Heidelberg_Page_14-scaled-1.jpg 1811w\" sizes=\"auto, (max-width: 724px) 100vw, 724px\" \/><\/figure>\n<\/figure>\n<\/div>\n\n\n\n<div class=\"wp-block-column is-layout-flow wp-block-column-is-layout-flow\">\n<figure class=\"wp-block-gallery has-nested-images columns-default is-cropped wp-block-gallery-4 is-layout-flex wp-block-gallery-is-layout-flex\">\n<figure class=\"wp-block-image size-large\"><img loading=\"lazy\" decoding=\"async\" width=\"724\" height=\"1024\" data-id=\"1588\" src=\"https:\/\/sites.smith.edu\/frn372-fa24\/wp-content\/uploads\/sites\/1111\/2024\/04\/Collection-de-caricatures-et-de-charges-pour-servir-a-lhistoire-de-la-guerre-et-de-la-revolution-de-1870-71-vols.-5-6-UB-Heidelberg_Page_16-scaled-1-724x1024.jpg\" alt=\"\" class=\"wp-image-1588\" srcset=\"https:\/\/sites.smith.edu\/frn372-fa24\/wp-content\/uploads\/sites\/1111\/2024\/04\/Collection-de-caricatures-et-de-charges-pour-servir-a-lhistoire-de-la-guerre-et-de-la-revolution-de-1870-71-vols.-5-6-UB-Heidelberg_Page_16-scaled-1-724x1024.jpg 724w, https:\/\/sites.smith.edu\/frn372-fa24\/wp-content\/uploads\/sites\/1111\/2024\/04\/Collection-de-caricatures-et-de-charges-pour-servir-a-lhistoire-de-la-guerre-et-de-la-revolution-de-1870-71-vols.-5-6-UB-Heidelberg_Page_16-scaled-1-212x300.jpg 212w, https:\/\/sites.smith.edu\/frn372-fa24\/wp-content\/uploads\/sites\/1111\/2024\/04\/Collection-de-caricatures-et-de-charges-pour-servir-a-lhistoire-de-la-guerre-et-de-la-revolution-de-1870-71-vols.-5-6-UB-Heidelberg_Page_16-scaled-1-768x1086.jpg 768w, https:\/\/sites.smith.edu\/frn372-fa24\/wp-content\/uploads\/sites\/1111\/2024\/04\/Collection-de-caricatures-et-de-charges-pour-servir-a-lhistoire-de-la-guerre-et-de-la-revolution-de-1870-71-vols.-5-6-UB-Heidelberg_Page_16-scaled-1-1087x1536.jpg 1087w, https:\/\/sites.smith.edu\/frn372-fa24\/wp-content\/uploads\/sites\/1111\/2024\/04\/Collection-de-caricatures-et-de-charges-pour-servir-a-lhistoire-de-la-guerre-et-de-la-revolution-de-1870-71-vols.-5-6-UB-Heidelberg_Page_16-scaled-1-1449x2048.jpg 1449w, https:\/\/sites.smith.edu\/frn372-fa24\/wp-content\/uploads\/sites\/1111\/2024\/04\/Collection-de-caricatures-et-de-charges-pour-servir-a-lhistoire-de-la-guerre-et-de-la-revolution-de-1870-71-vols.-5-6-UB-Heidelberg_Page_16-scaled-1.jpg 1811w\" sizes=\"auto, (max-width: 724px) 100vw, 724px\" \/><\/figure>\n<\/figure>\n<\/div>\n<\/div>\n\n\n<div class=\"wp-block-image\">\n<figure class=\"aligncenter size-large is-resized\"><img loading=\"lazy\" decoding=\"async\" width=\"1024\" height=\"899\" src=\"https:\/\/sites.smith.edu\/frn372-fa24\/wp-content\/uploads\/sites\/1111\/2024\/11\/Screen-Shot-2024-11-12-at-5.08.25-PM-1024x899.png\" alt=\"\" class=\"wp-image-3642\" style=\"width:798px;height:auto\" srcset=\"https:\/\/sites.smith.edu\/frn372-fa24\/wp-content\/uploads\/sites\/1111\/2024\/11\/Screen-Shot-2024-11-12-at-5.08.25-PM-1024x899.png 1024w, https:\/\/sites.smith.edu\/frn372-fa24\/wp-content\/uploads\/sites\/1111\/2024\/11\/Screen-Shot-2024-11-12-at-5.08.25-PM-300x263.png 300w, https:\/\/sites.smith.edu\/frn372-fa24\/wp-content\/uploads\/sites\/1111\/2024\/11\/Screen-Shot-2024-11-12-at-5.08.25-PM-768x674.png 768w, https:\/\/sites.smith.edu\/frn372-fa24\/wp-content\/uploads\/sites\/1111\/2024\/11\/Screen-Shot-2024-11-12-at-5.08.25-PM.png 1388w\" sizes=\"auto, (max-width: 1024px) 100vw, 1024px\" \/><\/figure>\n<\/div>\n\n\n<ul class=\"wp-block-list\">\n<li><mark style=\"background-color:#b9e0f8\" class=\"has-inline-color\">Pouvez-vous facilement identifier Jules Vall\u00e9s dans un groupe apr\u00e8s avoir vu son caricature ?<\/mark><\/li>\n\n\n\n<li><mark style=\"background-color:#bde2f9\" class=\"has-inline-color\">Quel est l&#8217;impact de l&#8217;exag\u00e9ration dans l&#8217;art politique ?<\/mark><\/li>\n\n\n\n<li><mark style=\"background-color:#c2e4f9\" class=\"has-inline-color\">Comment la caricature permet-elle de simplifier des id\u00e9es complexes ?<\/mark><\/li>\n<\/ul>\n\n\n\n<div style=\"height:45px\" aria-hidden=\"true\" class=\"wp-block-spacer\"><\/div>\n\n\n\n<h2 class=\"wp-block-heading\">Repr\u00e9sentations all\u00e9gorique et mythiques&nbsp;<\/h2>\n\n\n\n<ul class=\"wp-block-list\">\n<li>France\/Paris repr\u00e9sent\u00e9e comme une entit\u00e9 feminine vivante.<\/li>\n\n\n\n<li>Figures all\u00e9goriques ou mythiques comme le P\u00e8re Duch\u00eane ou La P\u00e9troleuse.<\/li>\n<\/ul>\n\n\n\n<div class=\"wp-block-columns is-layout-flex wp-container-core-columns-is-layout-9d6595d7 wp-block-columns-is-layout-flex\">\n<div class=\"wp-block-column is-layout-flow wp-block-column-is-layout-flow\">\n<figure class=\"wp-block-gallery has-nested-images columns-default is-cropped wp-block-gallery-5 is-layout-flex wp-block-gallery-is-layout-flex\">\n<figure class=\"wp-block-image size-large\"><a href=\"https:\/\/sites.smith.edu\/frn372-fa24\/wp-content\/uploads\/sites\/1111\/2024\/11\/Screen-Shot-2024-11-12-at-8.41.53-PM-1.png\"><img loading=\"lazy\" decoding=\"async\" width=\"686\" height=\"1024\" data-id=\"3649\" src=\"https:\/\/sites.smith.edu\/frn372-fa24\/wp-content\/uploads\/sites\/1111\/2024\/11\/Screen-Shot-2024-11-12-at-8.41.53-PM-1-686x1024.png\" alt=\"\" class=\"wp-image-3649\" srcset=\"https:\/\/sites.smith.edu\/frn372-fa24\/wp-content\/uploads\/sites\/1111\/2024\/11\/Screen-Shot-2024-11-12-at-8.41.53-PM-1-686x1024.png 686w, https:\/\/sites.smith.edu\/frn372-fa24\/wp-content\/uploads\/sites\/1111\/2024\/11\/Screen-Shot-2024-11-12-at-8.41.53-PM-1-201x300.png 201w, https:\/\/sites.smith.edu\/frn372-fa24\/wp-content\/uploads\/sites\/1111\/2024\/11\/Screen-Shot-2024-11-12-at-8.41.53-PM-1.png 756w\" sizes=\"auto, (max-width: 686px) 100vw, 686px\" \/><\/a><\/figure>\n<\/figure>\n<\/div>\n\n\n\n<div class=\"wp-block-column is-layout-flow wp-block-column-is-layout-flow\">\n<figure class=\"wp-block-image size-large is-resized\"><img loading=\"lazy\" decoding=\"async\" width=\"793\" height=\"1024\" src=\"https:\/\/sites.smith.edu\/frn372-fa24\/wp-content\/uploads\/sites\/1111\/2024\/11\/Screen-Shot-2024-11-12-at-7.22.09-PM-793x1024.png\" alt=\"\" class=\"wp-image-3645\" style=\"width:316px;height:auto\" srcset=\"https:\/\/sites.smith.edu\/frn372-fa24\/wp-content\/uploads\/sites\/1111\/2024\/11\/Screen-Shot-2024-11-12-at-7.22.09-PM-793x1024.png 793w, https:\/\/sites.smith.edu\/frn372-fa24\/wp-content\/uploads\/sites\/1111\/2024\/11\/Screen-Shot-2024-11-12-at-7.22.09-PM-232x300.png 232w, https:\/\/sites.smith.edu\/frn372-fa24\/wp-content\/uploads\/sites\/1111\/2024\/11\/Screen-Shot-2024-11-12-at-7.22.09-PM-768x991.png 768w, https:\/\/sites.smith.edu\/frn372-fa24\/wp-content\/uploads\/sites\/1111\/2024\/11\/Screen-Shot-2024-11-12-at-7.22.09-PM.png 942w\" sizes=\"auto, (max-width: 793px) 100vw, 793px\" \/><\/figure>\n<\/div>\n\n\n\n<div class=\"wp-block-column is-layout-flow wp-block-column-is-layout-flow\">\n<figure class=\"wp-block-image size-large is-resized\"><img loading=\"lazy\" decoding=\"async\" width=\"767\" height=\"1024\" src=\"https:\/\/sites.smith.edu\/frn372-fa24\/wp-content\/uploads\/sites\/1111\/2024\/11\/Screen-Shot-2024-11-11-at-7.39.19-PM-767x1024.png\" alt=\"\" class=\"wp-image-3646\" style=\"width:306px;height:auto\" srcset=\"https:\/\/sites.smith.edu\/frn372-fa24\/wp-content\/uploads\/sites\/1111\/2024\/11\/Screen-Shot-2024-11-11-at-7.39.19-PM-767x1024.png 767w, https:\/\/sites.smith.edu\/frn372-fa24\/wp-content\/uploads\/sites\/1111\/2024\/11\/Screen-Shot-2024-11-11-at-7.39.19-PM-225x300.png 225w, https:\/\/sites.smith.edu\/frn372-fa24\/wp-content\/uploads\/sites\/1111\/2024\/11\/Screen-Shot-2024-11-11-at-7.39.19-PM-768x1026.png 768w, https:\/\/sites.smith.edu\/frn372-fa24\/wp-content\/uploads\/sites\/1111\/2024\/11\/Screen-Shot-2024-11-11-at-7.39.19-PM.png 882w\" sizes=\"auto, (max-width: 767px) 100vw, 767px\" \/><\/figure>\n<\/div>\n<\/div>\n\n\n\n<p><mark style=\"background-color:#cdeafd\" class=\"has-inline-color\">  <strong>Discutez du pouvoir des all\u00e9gories et des mythes dans la repr\u00e9sentation d&#8217;id\u00e9aux abstraits.<\/strong><\/mark><\/p>\n\n\n\n<div style=\"height:40px\" aria-hidden=\"true\" class=\"wp-block-spacer\"><\/div>\n\n\n\n<h2 class=\"wp-block-heading\">Comparaison des techniques artistiques et des styles<\/h2>\n\n\n\n<ul class=\"wp-block-list\">\n<li> Diff\u00e9rences d\u2019impact entre les illustrations satiriques et les images plus r\u00e9alistes.<\/li>\n\n\n\n<li> Les influences artistiques externes (romantisme, symbolisme) dans les illustrations. <\/li>\n<\/ul>\n\n\n\n<div class=\"wp-block-columns is-layout-flex wp-container-core-columns-is-layout-9d6595d7 wp-block-columns-is-layout-flex\">\n<div class=\"wp-block-column is-layout-flow wp-block-column-is-layout-flow\">\n<figure class=\"wp-block-image size-large\"><img loading=\"lazy\" decoding=\"async\" width=\"935\" height=\"1024\" src=\"https:\/\/sites.smith.edu\/frn372-fa24\/wp-content\/uploads\/sites\/1111\/2024\/11\/Screen-Shot-2024-11-11-at-7.29.28-PM-935x1024.png\" alt=\"\" class=\"wp-image-3647\" srcset=\"https:\/\/sites.smith.edu\/frn372-fa24\/wp-content\/uploads\/sites\/1111\/2024\/11\/Screen-Shot-2024-11-11-at-7.29.28-PM-935x1024.png 935w, https:\/\/sites.smith.edu\/frn372-fa24\/wp-content\/uploads\/sites\/1111\/2024\/11\/Screen-Shot-2024-11-11-at-7.29.28-PM-274x300.png 274w, https:\/\/sites.smith.edu\/frn372-fa24\/wp-content\/uploads\/sites\/1111\/2024\/11\/Screen-Shot-2024-11-11-at-7.29.28-PM-768x841.png 768w, https:\/\/sites.smith.edu\/frn372-fa24\/wp-content\/uploads\/sites\/1111\/2024\/11\/Screen-Shot-2024-11-11-at-7.29.28-PM.png 1054w\" sizes=\"auto, (max-width: 935px) 100vw, 935px\" \/><\/figure>\n<\/div>\n\n\n\n<div class=\"wp-block-column is-layout-flow wp-block-column-is-layout-flow\">\n<figure class=\"wp-block-image size-large is-resized\"><img loading=\"lazy\" decoding=\"async\" width=\"724\" height=\"1024\" src=\"https:\/\/sites.smith.edu\/frn372-fa24\/wp-content\/uploads\/sites\/1111\/2024\/04\/Collection-de-caricatures-et-de-charges-pour-servir-a-lhistoire-de-la-guerre-et-de-la-revolution-de-1870-71-vols.-5-6-UB-Heidelberg_Page_22-edited-724x1024.jpg\" alt=\"\" class=\"wp-image-1618\" style=\"width:321px;height:auto\" srcset=\"https:\/\/sites.smith.edu\/frn372-fa24\/wp-content\/uploads\/sites\/1111\/2024\/04\/Collection-de-caricatures-et-de-charges-pour-servir-a-lhistoire-de-la-guerre-et-de-la-revolution-de-1870-71-vols.-5-6-UB-Heidelberg_Page_22-edited-724x1024.jpg 724w, https:\/\/sites.smith.edu\/frn372-fa24\/wp-content\/uploads\/sites\/1111\/2024\/04\/Collection-de-caricatures-et-de-charges-pour-servir-a-lhistoire-de-la-guerre-et-de-la-revolution-de-1870-71-vols.-5-6-UB-Heidelberg_Page_22-edited-212x300.jpg 212w, https:\/\/sites.smith.edu\/frn372-fa24\/wp-content\/uploads\/sites\/1111\/2024\/04\/Collection-de-caricatures-et-de-charges-pour-servir-a-lhistoire-de-la-guerre-et-de-la-revolution-de-1870-71-vols.-5-6-UB-Heidelberg_Page_22-edited-768x1086.jpg 768w, https:\/\/sites.smith.edu\/frn372-fa24\/wp-content\/uploads\/sites\/1111\/2024\/04\/Collection-de-caricatures-et-de-charges-pour-servir-a-lhistoire-de-la-guerre-et-de-la-revolution-de-1870-71-vols.-5-6-UB-Heidelberg_Page_22-edited-1086x1536.jpg 1086w, https:\/\/sites.smith.edu\/frn372-fa24\/wp-content\/uploads\/sites\/1111\/2024\/04\/Collection-de-caricatures-et-de-charges-pour-servir-a-lhistoire-de-la-guerre-et-de-la-revolution-de-1870-71-vols.-5-6-UB-Heidelberg_Page_22-edited.jpg 1096w\" sizes=\"auto, (max-width: 724px) 100vw, 724px\" \/><\/figure>\n<\/div>\n<\/div>\n\n\n\n<ul class=\"wp-block-list\">\n<li><mark style=\"background-color:#daeefb\" class=\"has-inline-color has-black-color\">Quel style (satirique ou r\u00e9aliste) avait, selon vous, le plus de pouvoir pour influencer le public \u00e0 l&#8217;\u00e9poque ?<\/mark><\/li>\n<\/ul>\n\n\n\n<div style=\"height:39px\" aria-hidden=\"true\" class=\"wp-block-spacer\"><\/div>\n\n\n\n<h2 class=\"wp-block-heading\">Repr\u00e9sentations contradictoires de la Commune de Paris<\/h2>\n\n\n\n<p><strong>Justice vs. D\u00e9sordre<\/strong> <\/p>\n\n\n\n<ul class=\"wp-block-list\">\n<li> Questionnent si la Commune est un mouvement de justice sociale ou une menace.<\/li>\n\n\n\n<li> Les communards sont montr\u00e9s soit comme des h\u00e9ros populaires, soit comme des agents de chaos.<\/li>\n<\/ul>\n\n\n\n<p><strong>R\u00f4le des femmes et de la classe ouvri\u00e8re<\/strong> <\/p>\n\n\n\n<ul class=\"wp-block-list\">\n<li> De nombreuses illustrations, des deux c\u00f4t\u00e9s explorent la place des femmes et des classes populaires dans la r\u00e9volution, soulevant des questions sur leur r\u00f4le social et les pr\u00e9jug\u00e9s envers eux.<\/li>\n<\/ul>\n\n\n\n<div class=\"wp-block-columns is-layout-flex wp-container-core-columns-is-layout-9d6595d7 wp-block-columns-is-layout-flex\">\n<div class=\"wp-block-column is-layout-flow wp-block-column-is-layout-flow\">\n<figure class=\"wp-block-image size-large is-resized\"><img loading=\"lazy\" decoding=\"async\" width=\"756\" height=\"1024\" src=\"https:\/\/sites.smith.edu\/frn372-fa24\/wp-content\/uploads\/sites\/1111\/2024\/11\/Screen-Shot-2024-11-12-at-11.20.15-PM-756x1024.png\" alt=\"\" class=\"wp-image-3655\" style=\"width:405px;height:auto\" srcset=\"https:\/\/sites.smith.edu\/frn372-fa24\/wp-content\/uploads\/sites\/1111\/2024\/11\/Screen-Shot-2024-11-12-at-11.20.15-PM-756x1024.png 756w, https:\/\/sites.smith.edu\/frn372-fa24\/wp-content\/uploads\/sites\/1111\/2024\/11\/Screen-Shot-2024-11-12-at-11.20.15-PM-222x300.png 222w, https:\/\/sites.smith.edu\/frn372-fa24\/wp-content\/uploads\/sites\/1111\/2024\/11\/Screen-Shot-2024-11-12-at-11.20.15-PM-768x1040.png 768w, https:\/\/sites.smith.edu\/frn372-fa24\/wp-content\/uploads\/sites\/1111\/2024\/11\/Screen-Shot-2024-11-12-at-11.20.15-PM.png 882w\" sizes=\"auto, (max-width: 756px) 100vw, 756px\" \/><\/figure>\n<\/div>\n\n\n\n<div class=\"wp-block-column is-layout-flow wp-block-column-is-layout-flow\">\n<figure class=\"wp-block-image size-large is-resized\"><img loading=\"lazy\" decoding=\"async\" width=\"821\" height=\"1024\" src=\"https:\/\/sites.smith.edu\/frn372-fa24\/wp-content\/uploads\/sites\/1111\/2024\/11\/Screen-Shot-2024-11-12-at-7.21.07-PM-1-821x1024.png\" alt=\"\" class=\"wp-image-3656\" style=\"width:441px;height:auto\" srcset=\"https:\/\/sites.smith.edu\/frn372-fa24\/wp-content\/uploads\/sites\/1111\/2024\/11\/Screen-Shot-2024-11-12-at-7.21.07-PM-1-821x1024.png 821w, https:\/\/sites.smith.edu\/frn372-fa24\/wp-content\/uploads\/sites\/1111\/2024\/11\/Screen-Shot-2024-11-12-at-7.21.07-PM-1-240x300.png 240w, https:\/\/sites.smith.edu\/frn372-fa24\/wp-content\/uploads\/sites\/1111\/2024\/11\/Screen-Shot-2024-11-12-at-7.21.07-PM-1-768x958.png 768w, https:\/\/sites.smith.edu\/frn372-fa24\/wp-content\/uploads\/sites\/1111\/2024\/11\/Screen-Shot-2024-11-12-at-7.21.07-PM-1.png 978w\" sizes=\"auto, (max-width: 821px) 100vw, 821px\" \/><\/figure>\n<\/div>\n<\/div>\n\n\n\n<figure class=\"wp-block-image size-large is-resized\"><img loading=\"lazy\" decoding=\"async\" width=\"1024\" height=\"661\" src=\"https:\/\/sites.smith.edu\/frn372-fa24\/wp-content\/uploads\/sites\/1111\/2024\/11\/Screen-Shot-2024-11-12-at-9.55.11-AM-1024x661.png\" alt=\"\" class=\"wp-image-3658\" style=\"width:866px;height:auto\" srcset=\"https:\/\/sites.smith.edu\/frn372-fa24\/wp-content\/uploads\/sites\/1111\/2024\/11\/Screen-Shot-2024-11-12-at-9.55.11-AM-1024x661.png 1024w, https:\/\/sites.smith.edu\/frn372-fa24\/wp-content\/uploads\/sites\/1111\/2024\/11\/Screen-Shot-2024-11-12-at-9.55.11-AM-300x194.png 300w, https:\/\/sites.smith.edu\/frn372-fa24\/wp-content\/uploads\/sites\/1111\/2024\/11\/Screen-Shot-2024-11-12-at-9.55.11-AM-768x496.png 768w, https:\/\/sites.smith.edu\/frn372-fa24\/wp-content\/uploads\/sites\/1111\/2024\/11\/Screen-Shot-2024-11-12-at-9.55.11-AM-1536x992.png 1536w, https:\/\/sites.smith.edu\/frn372-fa24\/wp-content\/uploads\/sites\/1111\/2024\/11\/Screen-Shot-2024-11-12-at-9.55.11-AM.png 1728w\" sizes=\"auto, (max-width: 1024px) 100vw, 1024px\" \/><\/figure>\n\n\n\n<figure class=\"wp-block-image size-large is-resized\"><img loading=\"lazy\" decoding=\"async\" width=\"725\" height=\"1024\" src=\"https:\/\/sites.smith.edu\/frn372-fa24\/wp-content\/uploads\/sites\/1111\/2024\/04\/Collection-de-caricatures-et-de-charges-pour-servir-a-lhistoire-de-la-guerre-et-de-la-revolution-de-1870-71-vols.-5-6-UB-Heidelberg_Page_04-edited-725x1024.jpg\" alt=\"\" class=\"wp-image-1632\" style=\"width:693px;height:auto\" srcset=\"https:\/\/sites.smith.edu\/frn372-fa24\/wp-content\/uploads\/sites\/1111\/2024\/04\/Collection-de-caricatures-et-de-charges-pour-servir-a-lhistoire-de-la-guerre-et-de-la-revolution-de-1870-71-vols.-5-6-UB-Heidelberg_Page_04-edited-725x1024.jpg 725w, https:\/\/sites.smith.edu\/frn372-fa24\/wp-content\/uploads\/sites\/1111\/2024\/04\/Collection-de-caricatures-et-de-charges-pour-servir-a-lhistoire-de-la-guerre-et-de-la-revolution-de-1870-71-vols.-5-6-UB-Heidelberg_Page_04-edited-212x300.jpg 212w, https:\/\/sites.smith.edu\/frn372-fa24\/wp-content\/uploads\/sites\/1111\/2024\/04\/Collection-de-caricatures-et-de-charges-pour-servir-a-lhistoire-de-la-guerre-et-de-la-revolution-de-1870-71-vols.-5-6-UB-Heidelberg_Page_04-edited-768x1085.jpg 768w, https:\/\/sites.smith.edu\/frn372-fa24\/wp-content\/uploads\/sites\/1111\/2024\/04\/Collection-de-caricatures-et-de-charges-pour-servir-a-lhistoire-de-la-guerre-et-de-la-revolution-de-1870-71-vols.-5-6-UB-Heidelberg_Page_04-edited-1087x1536.jpg 1087w, https:\/\/sites.smith.edu\/frn372-fa24\/wp-content\/uploads\/sites\/1111\/2024\/04\/Collection-de-caricatures-et-de-charges-pour-servir-a-lhistoire-de-la-guerre-et-de-la-revolution-de-1870-71-vols.-5-6-UB-Heidelberg_Page_04-edited.jpg 1246w\" sizes=\"auto, (max-width: 725px) 100vw, 725px\" \/><\/figure>\n\n\n\n<h2 class=\"wp-block-heading\">                                   <\/h2>\n\n\n\n<div style=\"height:44px\" aria-hidden=\"true\" class=\"wp-block-spacer\"><\/div>\n\n\n\n<h2 class=\"wp-block-heading\">                              Exercice: lisez ensemble l&#8217;image suivante<\/h2>\n\n\n\n<figure class=\"wp-block-image size-large\"><img loading=\"lazy\" decoding=\"async\" width=\"1024\" height=\"1024\" src=\"https:\/\/sites.smith.edu\/frn372-fa24\/wp-content\/uploads\/sites\/1111\/2024\/04\/Collection-de-caricatures-et-de-charges-pour-servir-a-lhistoire-de-la-guerre-et-de-la-revolution-de-1870-71-vols.-5-6-UB-Heidelberg_Page_07-edited-1024x1024.jpg\" alt=\"\" class=\"wp-image-1629\" srcset=\"https:\/\/sites.smith.edu\/frn372-fa24\/wp-content\/uploads\/sites\/1111\/2024\/04\/Collection-de-caricatures-et-de-charges-pour-servir-a-lhistoire-de-la-guerre-et-de-la-revolution-de-1870-71-vols.-5-6-UB-Heidelberg_Page_07-edited-1024x1024.jpg 1024w, https:\/\/sites.smith.edu\/frn372-fa24\/wp-content\/uploads\/sites\/1111\/2024\/04\/Collection-de-caricatures-et-de-charges-pour-servir-a-lhistoire-de-la-guerre-et-de-la-revolution-de-1870-71-vols.-5-6-UB-Heidelberg_Page_07-edited-300x300.jpg 300w, https:\/\/sites.smith.edu\/frn372-fa24\/wp-content\/uploads\/sites\/1111\/2024\/04\/Collection-de-caricatures-et-de-charges-pour-servir-a-lhistoire-de-la-guerre-et-de-la-revolution-de-1870-71-vols.-5-6-UB-Heidelberg_Page_07-edited-150x150.jpg 150w, https:\/\/sites.smith.edu\/frn372-fa24\/wp-content\/uploads\/sites\/1111\/2024\/04\/Collection-de-caricatures-et-de-charges-pour-servir-a-lhistoire-de-la-guerre-et-de-la-revolution-de-1870-71-vols.-5-6-UB-Heidelberg_Page_07-edited-768x767.jpg 768w, https:\/\/sites.smith.edu\/frn372-fa24\/wp-content\/uploads\/sites\/1111\/2024\/04\/Collection-de-caricatures-et-de-charges-pour-servir-a-lhistoire-de-la-guerre-et-de-la-revolution-de-1870-71-vols.-5-6-UB-Heidelberg_Page_07-edited.jpg 1374w\" sizes=\"auto, (max-width: 1024px) 100vw, 1024px\" \/><\/figure>\n\n\n\n<p><\/p>\n","protected":false},"excerpt":{"rendered":"<p>Deux Perspectives: Pro-Commune vs. Anti-Commune&nbsp; &nbsp; Autre perspective &#8211; Quels th\u00e8mes r\u00e9currents observez-vous dans ces illustrations ? &#8211; Certaines illustrations vous semblent-elles plus efficaces que d&#8217;autres ? Pourquoi ? La caricature politique et son r\u00f4le Repr\u00e9sentations all\u00e9gorique et mythiques&nbsp; Discutez du pouvoir des all\u00e9gories et des mythes dans la repr\u00e9sentation d&#8217;id\u00e9aux abstraits. Comparaison des techniques&hellip; <a class=\"more-link\" href=\"https:\/\/sites.smith.edu\/frn372-fa24\/la-commune-de-paris-a-travers-des-illustrations\/\">Continue reading <span class=\"screen-reader-text\">La Commune de Paris &#8211; \u00e0 travers des illustrations<\/span> <span class=\"meta-nav\" aria-hidden=\"true\">&rarr;<\/span><\/a><\/p>\n","protected":false},"author":7583,"featured_media":0,"comment_status":"closed","ping_status":"closed","sticky":false,"template":"","format":"standard","meta":{"footnotes":""},"categories":[51],"tags":[],"class_list":["post-3638","post","type-post","status-publish","format-standard","hentry","category-presentation"],"_links":{"self":[{"href":"https:\/\/sites.smith.edu\/frn372-fa24\/wp-json\/wp\/v2\/posts\/3638","targetHints":{"allow":["GET"]}}],"collection":[{"href":"https:\/\/sites.smith.edu\/frn372-fa24\/wp-json\/wp\/v2\/posts"}],"about":[{"href":"https:\/\/sites.smith.edu\/frn372-fa24\/wp-json\/wp\/v2\/types\/post"}],"author":[{"embeddable":true,"href":"https:\/\/sites.smith.edu\/frn372-fa24\/wp-json\/wp\/v2\/users\/7583"}],"replies":[{"embeddable":true,"href":"https:\/\/sites.smith.edu\/frn372-fa24\/wp-json\/wp\/v2\/comments?post=3638"}],"version-history":[{"count":11,"href":"https:\/\/sites.smith.edu\/frn372-fa24\/wp-json\/wp\/v2\/posts\/3638\/revisions"}],"predecessor-version":[{"id":3670,"href":"https:\/\/sites.smith.edu\/frn372-fa24\/wp-json\/wp\/v2\/posts\/3638\/revisions\/3670"}],"wp:attachment":[{"href":"https:\/\/sites.smith.edu\/frn372-fa24\/wp-json\/wp\/v2\/media?parent=3638"}],"wp:term":[{"taxonomy":"category","embeddable":true,"href":"https:\/\/sites.smith.edu\/frn372-fa24\/wp-json\/wp\/v2\/categories?post=3638"},{"taxonomy":"post_tag","embeddable":true,"href":"https:\/\/sites.smith.edu\/frn372-fa24\/wp-json\/wp\/v2\/tags?post=3638"}],"curies":[{"name":"wp","href":"https:\/\/api.w.org\/{rel}","templated":true}]}}