{"id":3689,"date":"2024-11-18T23:19:30","date_gmt":"2024-11-19T04:19:30","guid":{"rendered":"https:\/\/sites.smith.edu\/frn372-fa24\/?p=3689"},"modified":"2024-11-20T12:36:19","modified_gmt":"2024-11-20T17:36:19","slug":"octave-mirbeau-et-laffaire-dreyfus","status":"publish","type":"post","link":"https:\/\/sites.smith.edu\/frn372-fa24\/octave-mirbeau-et-laffaire-dreyfus\/","title":{"rendered":"Octave Mirbeau et l\u2019Affaire Dreyfus"},"content":{"rendered":"\n<h2 class=\"wp-block-heading has-text-align-center\">Les Personnages Principaux <\/h2>\n\n\n<div class=\"wp-block-image\">\n<figure class=\"aligncenter size-large is-resized\"><img loading=\"lazy\" decoding=\"async\" width=\"739\" height=\"1024\" src=\"https:\/\/sites.smith.edu\/frn372-fa24\/wp-content\/uploads\/sites\/1111\/2024\/11\/5-1899-01.-Affaire-Dreyfus-affiche-Dreyfus-est-innocent-les-defenseurs-du-droit-de-la-justice-et-de-la-verite.-Gallica-1-739x1024.jpeg\" alt=\"\" class=\"wp-image-3716\" style=\"width:500px\" srcset=\"https:\/\/sites.smith.edu\/frn372-fa24\/wp-content\/uploads\/sites\/1111\/2024\/11\/5-1899-01.-Affaire-Dreyfus-affiche-Dreyfus-est-innocent-les-defenseurs-du-droit-de-la-justice-et-de-la-verite.-Gallica-1-739x1024.jpeg 739w, https:\/\/sites.smith.edu\/frn372-fa24\/wp-content\/uploads\/sites\/1111\/2024\/11\/5-1899-01.-Affaire-Dreyfus-affiche-Dreyfus-est-innocent-les-defenseurs-du-droit-de-la-justice-et-de-la-verite.-Gallica-1-216x300.jpeg 216w, https:\/\/sites.smith.edu\/frn372-fa24\/wp-content\/uploads\/sites\/1111\/2024\/11\/5-1899-01.-Affaire-Dreyfus-affiche-Dreyfus-est-innocent-les-defenseurs-du-droit-de-la-justice-et-de-la-verite.-Gallica-1-768x1064.jpeg 768w, https:\/\/sites.smith.edu\/frn372-fa24\/wp-content\/uploads\/sites\/1111\/2024\/11\/5-1899-01.-Affaire-Dreyfus-affiche-Dreyfus-est-innocent-les-defenseurs-du-droit-de-la-justice-et-de-la-verite.-Gallica-1.jpeg 1024w\" sizes=\"auto, (max-width: 739px) 100vw, 739px\" \/><\/figure>\n<\/div>\n\n\n<div class=\"wp-block-cover\"><span aria-hidden=\"true\" class=\"wp-block-cover__background has-background-dim-30 has-background-dim\"><\/span><img loading=\"lazy\" decoding=\"async\" width=\"1114\" height=\"836\" class=\"wp-block-cover__image-background wp-image-3710\" alt=\"\" src=\"https:\/\/sites.smith.edu\/frn372-fa24\/wp-content\/uploads\/sites\/1111\/2024\/11\/5-Affaire-Dreyfus-Portrait-de-dreyfusards-Octave-Mirbeau-carte-postale-BHVP-edited.jpg\" style=\"object-position:50% 50%\" data-object-fit=\"cover\" data-object-position=\"50% 50%\" srcset=\"https:\/\/sites.smith.edu\/frn372-fa24\/wp-content\/uploads\/sites\/1111\/2024\/11\/5-Affaire-Dreyfus-Portrait-de-dreyfusards-Octave-Mirbeau-carte-postale-BHVP-edited.jpg 1114w, https:\/\/sites.smith.edu\/frn372-fa24\/wp-content\/uploads\/sites\/1111\/2024\/11\/5-Affaire-Dreyfus-Portrait-de-dreyfusards-Octave-Mirbeau-carte-postale-BHVP-edited-300x225.jpg 300w, https:\/\/sites.smith.edu\/frn372-fa24\/wp-content\/uploads\/sites\/1111\/2024\/11\/5-Affaire-Dreyfus-Portrait-de-dreyfusards-Octave-Mirbeau-carte-postale-BHVP-edited-1024x768.jpg 1024w, https:\/\/sites.smith.edu\/frn372-fa24\/wp-content\/uploads\/sites\/1111\/2024\/11\/5-Affaire-Dreyfus-Portrait-de-dreyfusards-Octave-Mirbeau-carte-postale-BHVP-edited-768x576.jpg 768w\" sizes=\"auto, (max-width: 1114px) 100vw, 1114px\" \/><div class=\"wp-block-cover__inner-container is-layout-flow wp-block-cover-is-layout-flow\">\n<h2 class=\"wp-block-heading has-text-align-center has-large-font-size\">Octave Mirbeau <\/h2>\n<\/div><\/div>\n\n\n\n<ul class=\"wp-block-list\">\n<li>16 f\u00e9vrier 1848 &#8211; 16 f\u00e9vrier 1917, n\u00e9 en Normandie<\/li>\n\n\n\n<li>Romancier, journaliste<\/li>\n\n\n\n<li>Expuls\u00e9 de l&#8217;\u00e9cole \u00e0 15 ans<\/li>\n\n\n\n<li>A particip\u00e9 \u00e0 la guerre franco-prussienne de 1870-1<\/li>\n\n\n\n<li>Publiait dans plusieurs journaux diff\u00e9rents <\/li>\n\n\n\n<li>Changement de ses opinions politiques &#8211; devient anarchiste <\/li>\n\n\n\n<li>Dreyfusard<\/li>\n<\/ul>\n\n\n\n<p><strong>Alfred Dreyfus <\/strong><\/p>\n\n\n\n<p class=\"has-text-align-left\"><img loading=\"lazy\" decoding=\"async\" width=\"1181\" height=\"1771\" class=\"wp-image-3713\" style=\"width: 150px\" src=\"https:\/\/sites.smith.edu\/frn372-fa24\/wp-content\/uploads\/sites\/1111\/2024\/11\/dreyfus_alfred_portrait-photographique-dalfred-dreyfus_1894_edition-originale_4_83337-1.jpg\" alt=\"\" srcset=\"https:\/\/sites.smith.edu\/frn372-fa24\/wp-content\/uploads\/sites\/1111\/2024\/11\/dreyfus_alfred_portrait-photographique-dalfred-dreyfus_1894_edition-originale_4_83337-1.jpg 1181w, https:\/\/sites.smith.edu\/frn372-fa24\/wp-content\/uploads\/sites\/1111\/2024\/11\/dreyfus_alfred_portrait-photographique-dalfred-dreyfus_1894_edition-originale_4_83337-1-200x300.jpg 200w, https:\/\/sites.smith.edu\/frn372-fa24\/wp-content\/uploads\/sites\/1111\/2024\/11\/dreyfus_alfred_portrait-photographique-dalfred-dreyfus_1894_edition-originale_4_83337-1-683x1024.jpg 683w, https:\/\/sites.smith.edu\/frn372-fa24\/wp-content\/uploads\/sites\/1111\/2024\/11\/dreyfus_alfred_portrait-photographique-dalfred-dreyfus_1894_edition-originale_4_83337-1-768x1152.jpg 768w, https:\/\/sites.smith.edu\/frn372-fa24\/wp-content\/uploads\/sites\/1111\/2024\/11\/dreyfus_alfred_portrait-photographique-dalfred-dreyfus_1894_edition-originale_4_83337-1-1024x1536.jpg 1024w\" sizes=\"auto, (max-width: 1181px) 100vw, 1181px\" \/><\/p>\n\n\n\n<ul class=\"wp-block-list\">\n<li>9 octobre 1859 &#8211; 12 juillet 1935, n\u00e9 en Alsace<\/li>\n\n\n\n<li>Officier de l&#8217;artillerie fran\u00e7aise<\/li>\n\n\n\n<li>Antis\u00e9mitisme<\/li>\n\n\n\n<li>accus\u00e9 \u00e0 tort, affaire Dreyfus (1894-1906)<\/li>\n\n\n\n<li>Exon\u00e9r\u00e9 en 1906, r\u00e9admis dans l&#8217;arm\u00e9e en tant que major\/chef<\/li>\n<\/ul>\n\n\n\n<p><strong>\u00c9mile Zola<\/strong><\/p>\n\n\n\n<ul class=\"wp-block-list\">\n<li>2 avril 1840 &#8211; 29 septembre 1902, n\u00e9 \u00e0 Paris<\/li>\n\n\n\n<li>Romancier et journaliste<\/li>\n\n\n\n<li>Dreyfusard, publie \u00abM. Scheurer-Kestner\u00bb dans <em>Le Figaro<\/em> le 25 novembre 1897<\/li>\n\n\n\n<li>Publie \u00abJ&#8217;accuse\u00bb dans <em>L&#8217;Aurore<\/em> le 13 janvier 1898<\/li>\n\n\n\n<li>Objectif : attirer l&#8217;attention par sa diffamation du gouvernement <\/li>\n\n\n\n<li>Condamn\u00e9 pour diffamation en 1898, il s&#8217;enfuit en Angleterre<\/li>\n<\/ul>\n\n\n\n<p><strong>Ferdinand Walsin Esterhazy<\/strong><\/p>\n\n\n\n<ul class=\"wp-block-list\">\n<li>Officier de l&#8217;arm\u00e9e fran\u00e7aise (1870-1898), le vrai espion pour l&#8217;Allemagne<\/li>\n\n\n\n<li>Jug\u00e9 non coupable en 1898, il prend sa retraite et se r\u00e9fugie en Angleterre jusqu&#8217;\u00e0 sa mort<\/li>\n<\/ul>\n\n\n\n<p><strong>Marie Georges Picquart<\/strong><\/p>\n\n\n\n<ul class=\"wp-block-list\">\n<li>Officier militaire<\/li>\n\n\n\n<li>Chef des renseignements de l&#8217;arm\u00e9e \u00e0 partir de 1895, d\u00e9couvre l&#8217;innocence de Dreyfus<\/li>\n\n\n\n<li>Ministre de la Guerre (1906-1909)<\/li>\n<\/ul>\n\n\n\n<p><strong>Georges Clemenceau<\/strong><\/p>\n\n\n\n<div class=\"wp-block-cover has-custom-content-position is-position-top-center\" style=\"min-height:258px;aspect-ratio:unset;\"><span aria-hidden=\"true\" class=\"wp-block-cover__background has-background-dim\"><\/span><img loading=\"lazy\" decoding=\"async\" width=\"659\" height=\"1024\" class=\"wp-block-cover__image-background wp-image-3711\" alt=\"\" src=\"https:\/\/sites.smith.edu\/frn372-fa24\/wp-content\/uploads\/sites\/1111\/2024\/11\/4.6-Affaire-Dreyfus-Les-journaux-LAurore-dreyfusard-lecteurs-carte-postale-BHVP-659x1024.jpg\" data-object-fit=\"cover\" srcset=\"https:\/\/sites.smith.edu\/frn372-fa24\/wp-content\/uploads\/sites\/1111\/2024\/11\/4.6-Affaire-Dreyfus-Les-journaux-LAurore-dreyfusard-lecteurs-carte-postale-BHVP-659x1024.jpg 659w, https:\/\/sites.smith.edu\/frn372-fa24\/wp-content\/uploads\/sites\/1111\/2024\/11\/4.6-Affaire-Dreyfus-Les-journaux-LAurore-dreyfusard-lecteurs-carte-postale-BHVP-193x300.jpg 193w, https:\/\/sites.smith.edu\/frn372-fa24\/wp-content\/uploads\/sites\/1111\/2024\/11\/4.6-Affaire-Dreyfus-Les-journaux-LAurore-dreyfusard-lecteurs-carte-postale-BHVP-768x1194.jpg 768w, https:\/\/sites.smith.edu\/frn372-fa24\/wp-content\/uploads\/sites\/1111\/2024\/11\/4.6-Affaire-Dreyfus-Les-journaux-LAurore-dreyfusard-lecteurs-carte-postale-BHVP-988x1536.jpg 988w, https:\/\/sites.smith.edu\/frn372-fa24\/wp-content\/uploads\/sites\/1111\/2024\/11\/4.6-Affaire-Dreyfus-Les-journaux-LAurore-dreyfusard-lecteurs-carte-postale-BHVP.jpg 1204w\" sizes=\"auto, (max-width: 659px) 100vw, 659px\" \/><div class=\"wp-block-cover__inner-container is-layout-flow wp-block-cover-is-layout-flow\">\n<ul class=\"wp-block-list\">\n<li>M\u00e9decin devenu journaliste puis Premier ministre de la France<\/li>\n<\/ul>\n\n\n\n<ul class=\"wp-block-list\">\n<li>L&#8217;Aurore, le journal de Clemenceau publie<em> J&#8217;Accuse<\/em> de Zola le 13 Janvier, 1898<\/li>\n<\/ul>\n<\/div><\/div>\n\n\n\n<div style=\"height:22px\" aria-hidden=\"true\" class=\"wp-block-spacer\"><\/div>\n\n\n\n<p><strong>Auguste Scheurer &#8211; Kestner<\/strong><\/p>\n\n\n\n<ul class=\"wp-block-list\">\n<li>S\u00e9nateur fran\u00e7ais, dreyfusard<\/li>\n\n\n\n<li>A fait pression pour que l&#8217;affaire Dreyfus soit r\u00e9examin\u00e9e<\/li>\n\n\n\n<li><strong><mark style=\"background-color:#8ed1fc\" class=\"has-inline-color has-black-color\">&#8220;M. Scheurer-Kestner est l\u00e0, avec sa vie de cristal. Placez donc en face de lui les autres, ceux qui l\u2019accusent et l\u2019insultent. Et jugez. Il faut choisir entre ceux-ci et celui-l\u00e0. Trouvez donc la raison qui le ferait agir, en dehors de son besoin si noble de&nbsp;v\u00e9rit\u00e9&nbsp;et de&nbsp;justice. Abreuv\u00e9 d\u2019injures, l\u2019\u00e2me d\u00e9chir\u00e9e, sentant trembler sous lui sa haute situation, pr\u00eat \u00e0 tout sacrifier pour mener \u00e0 bien son&nbsp;h\u00e9ro\u00efque t\u00e2che, il se tait, il attend. Et cela est d\u2019une extraordinaire grandeur,&#8221;<\/mark><\/strong> (Zola, &nbsp;<em>M. Scheurer-Kestner<\/em>, le 25 novembre 1897).<\/li>\n<\/ul>\n\n\n\n<h2 class=\"wp-block-heading has-text-align-center\"><em>Chez l&#8217;Illustre Ecrivain <\/em><\/h2>\n\n\n\n<p><strong>Les Critiques de la Presse: <\/strong><\/p>\n\n\n\n<ul class=\"wp-block-list\">\n<li>Quelle est l&#8217;opinion de Mirbeau sur le journalisme dans ce passage ?<\/li>\n<\/ul>\n\n\n\n<figure class=\"wp-block-image size-full is-resized\"><img loading=\"lazy\" decoding=\"async\" width=\"606\" height=\"504\" src=\"https:\/\/sites.smith.edu\/frn372-fa24\/wp-content\/uploads\/sites\/1111\/2024\/11\/Screen-Shot-2024-11-18-at-9.37.55-PM.png\" alt=\"\" class=\"wp-image-3693\" style=\"width:399px;height:auto\" srcset=\"https:\/\/sites.smith.edu\/frn372-fa24\/wp-content\/uploads\/sites\/1111\/2024\/11\/Screen-Shot-2024-11-18-at-9.37.55-PM.png 606w, https:\/\/sites.smith.edu\/frn372-fa24\/wp-content\/uploads\/sites\/1111\/2024\/11\/Screen-Shot-2024-11-18-at-9.37.55-PM-300x250.png 300w\" sizes=\"auto, (max-width: 606px) 100vw, 606px\" \/><figcaption class=\"wp-element-caption\">p. 1 col. 1<\/figcaption><\/figure>\n\n\n\n<ul class=\"wp-block-list\">\n<li>Le concierge, le potin<\/li>\n<\/ul>\n\n\n\n<p><strong>l&#8217;Illustre \u00c9crivain contre le Po\u00e8te<\/strong><\/p>\n\n\n\n<ul class=\"wp-block-list\">\n<li>Comment le po\u00e8te, l&#8217;illustre \u00e9crivain , et les invit\u00e9s sont-ils caract\u00e9ris\u00e9s ?<\/li>\n<\/ul>\n\n\n\n<figure class=\"wp-block-image size-large is-resized\"><img loading=\"lazy\" decoding=\"async\" width=\"606\" height=\"808\" src=\"https:\/\/sites.smith.edu\/frn372-fa24\/wp-content\/uploads\/sites\/1111\/2024\/11\/Screen-Shot-2024-11-18-at-10.29.30-PM-edited.png\" alt=\"\" class=\"wp-image-3700\" style=\"width:372px;height:auto\" srcset=\"https:\/\/sites.smith.edu\/frn372-fa24\/wp-content\/uploads\/sites\/1111\/2024\/11\/Screen-Shot-2024-11-18-at-10.29.30-PM-edited.png 606w, https:\/\/sites.smith.edu\/frn372-fa24\/wp-content\/uploads\/sites\/1111\/2024\/11\/Screen-Shot-2024-11-18-at-10.29.30-PM-edited-225x300.png 225w\" sizes=\"auto, (max-width: 606px) 100vw, 606px\" \/><figcaption class=\"wp-element-caption\">p. 1 col. 2<\/figcaption><\/figure>\n\n\n\n<ul class=\"wp-block-list\">\n<li>Dialogue socratique entre le po\u00e8te sage et les invit\u00e9s stupides<\/li>\n<\/ul>\n\n\n\n<p><strong>Les Impressions du Po\u00e8te comme d\u00e9fense de Dreyfus<\/strong><\/p>\n\n\n\n<ul class=\"wp-block-list\">\n<li>Comment Mirbeau convainc ses personnages et ses lecteurs de l&#8217;innocence de Dreyfus ?<\/li>\n\n\n\n<li>Quel est l&#8217;argument le plus convaincant, selon vous ?<\/li>\n<\/ul>\n\n\n\n<figure class=\"wp-block-image size-full is-resized\"><img loading=\"lazy\" decoding=\"async\" width=\"524\" height=\"522\" src=\"https:\/\/sites.smith.edu\/frn372-fa24\/wp-content\/uploads\/sites\/1111\/2024\/11\/Screen-Shot-2024-11-18-at-11.10.54-PM.png\" alt=\"\" class=\"wp-image-3704\" style=\"width:370px;height:auto\" srcset=\"https:\/\/sites.smith.edu\/frn372-fa24\/wp-content\/uploads\/sites\/1111\/2024\/11\/Screen-Shot-2024-11-18-at-11.10.54-PM.png 524w, https:\/\/sites.smith.edu\/frn372-fa24\/wp-content\/uploads\/sites\/1111\/2024\/11\/Screen-Shot-2024-11-18-at-11.10.54-PM-300x300.png 300w, https:\/\/sites.smith.edu\/frn372-fa24\/wp-content\/uploads\/sites\/1111\/2024\/11\/Screen-Shot-2024-11-18-at-11.10.54-PM-150x150.png 150w\" sizes=\"auto, (max-width: 524px) 100vw, 524px\" \/><figcaption class=\"wp-element-caption\">p. 2 col. 2<\/figcaption><\/figure>\n\n\n\n<figure class=\"wp-block-image size-full is-resized\"><img loading=\"lazy\" decoding=\"async\" width=\"510\" height=\"182\" src=\"https:\/\/sites.smith.edu\/frn372-fa24\/wp-content\/uploads\/sites\/1111\/2024\/11\/Screen-Shot-2024-11-18-at-11.14.00-PM.png\" alt=\"\" class=\"wp-image-3705\" style=\"width:463px;height:auto\" srcset=\"https:\/\/sites.smith.edu\/frn372-fa24\/wp-content\/uploads\/sites\/1111\/2024\/11\/Screen-Shot-2024-11-18-at-11.14.00-PM.png 510w, https:\/\/sites.smith.edu\/frn372-fa24\/wp-content\/uploads\/sites\/1111\/2024\/11\/Screen-Shot-2024-11-18-at-11.14.00-PM-300x107.png 300w\" sizes=\"auto, (max-width: 510px) 100vw, 510px\" \/><figcaption class=\"wp-element-caption\">p. 2 col. 1<\/figcaption><\/figure>\n\n\n\n<p><strong>La Contradiction entre la Justice et la Politique<\/strong><\/p>\n\n\n\n<ul class=\"wp-block-list\">\n<li>Pourquoi est-ce que l&#8217;innocence de Dreyfus serait \u00ab la fin de tout \u00bb, selon l&#8217;Illustre \u00c9crivain ?<\/li>\n<\/ul>\n\n\n\n<figure class=\"wp-block-image size-full\"><img loading=\"lazy\" decoding=\"async\" width=\"536\" height=\"368\" src=\"https:\/\/sites.smith.edu\/frn372-fa24\/wp-content\/uploads\/sites\/1111\/2024\/11\/image-3.png\" alt=\"This image has an empty alt attribute; its file name is Screen-Shot-2024-11-18-at-11.07.09-PM.png\" class=\"wp-image-3719\" srcset=\"https:\/\/sites.smith.edu\/frn372-fa24\/wp-content\/uploads\/sites\/1111\/2024\/11\/image-3.png 536w, https:\/\/sites.smith.edu\/frn372-fa24\/wp-content\/uploads\/sites\/1111\/2024\/11\/image-3-300x206.png 300w\" sizes=\"auto, (max-width: 536px) 100vw, 536px\" \/><figcaption class=\"wp-element-caption\">p. 3<\/figcaption><\/figure>\n\n\n\n<p><\/p>\n","protected":false},"excerpt":{"rendered":"<p>Les Personnages Principaux Alfred Dreyfus \u00c9mile Zola Ferdinand Walsin Esterhazy Marie Georges Picquart Georges Clemenceau Auguste Scheurer &#8211; Kestner Chez l&#8217;Illustre Ecrivain Les Critiques de la Presse: l&#8217;Illustre \u00c9crivain contre le Po\u00e8te Les Impressions du Po\u00e8te comme d\u00e9fense de Dreyfus La Contradiction entre la Justice et la Politique<\/p>\n","protected":false},"author":7582,"featured_media":0,"comment_status":"closed","ping_status":"closed","sticky":false,"template":"","format":"standard","meta":{"footnotes":""},"categories":[51],"tags":[],"class_list":["post-3689","post","type-post","status-publish","format-standard","hentry","category-presentation"],"_links":{"self":[{"href":"https:\/\/sites.smith.edu\/frn372-fa24\/wp-json\/wp\/v2\/posts\/3689","targetHints":{"allow":["GET"]}}],"collection":[{"href":"https:\/\/sites.smith.edu\/frn372-fa24\/wp-json\/wp\/v2\/posts"}],"about":[{"href":"https:\/\/sites.smith.edu\/frn372-fa24\/wp-json\/wp\/v2\/types\/post"}],"author":[{"embeddable":true,"href":"https:\/\/sites.smith.edu\/frn372-fa24\/wp-json\/wp\/v2\/users\/7582"}],"replies":[{"embeddable":true,"href":"https:\/\/sites.smith.edu\/frn372-fa24\/wp-json\/wp\/v2\/comments?post=3689"}],"version-history":[{"count":15,"href":"https:\/\/sites.smith.edu\/frn372-fa24\/wp-json\/wp\/v2\/posts\/3689\/revisions"}],"predecessor-version":[{"id":3727,"href":"https:\/\/sites.smith.edu\/frn372-fa24\/wp-json\/wp\/v2\/posts\/3689\/revisions\/3727"}],"wp:attachment":[{"href":"https:\/\/sites.smith.edu\/frn372-fa24\/wp-json\/wp\/v2\/media?parent=3689"}],"wp:term":[{"taxonomy":"category","embeddable":true,"href":"https:\/\/sites.smith.edu\/frn372-fa24\/wp-json\/wp\/v2\/categories?post=3689"},{"taxonomy":"post_tag","embeddable":true,"href":"https:\/\/sites.smith.edu\/frn372-fa24\/wp-json\/wp\/v2\/tags?post=3689"}],"curies":[{"name":"wp","href":"https:\/\/api.w.org\/{rel}","templated":true}]}}