{"id":3773,"date":"2024-12-02T11:27:22","date_gmt":"2024-12-02T16:27:22","guid":{"rendered":"https:\/\/sites.smith.edu\/frn372-fa24\/?p=3773"},"modified":"2024-12-02T11:27:22","modified_gmt":"2024-12-02T16:27:22","slug":"le-paulois-engage-le-reportage-arme-du-progres-social","status":"publish","type":"post","link":"https:\/\/sites.smith.edu\/frn372-fa24\/le-paulois-engage-le-reportage-arme-du-progres-social\/","title":{"rendered":"Le Paulois Engag\u00e9: Le Reportage, Arme du Progr\u00e8s Social"},"content":{"rendered":"\n<p>Paris, cette ville o\u00f9 les puissants dictent les r\u00e8gles, o\u00f9 les classes populaires s&#8217;efforcent de respirer, a besoin d&#8217;un nouveau souffle. Et ce souffle, c&#8217;est le reportage. Oui, je parle bien de ce genre journalistique que certains, comme Millaud, m\u00e9prisent. Mais moi, je vois en lui un outil puissant, une arme de la v\u00e9rit\u00e9 au service des opprim\u00e9s, un moyen de d\u00e9noncer les injustices \u00e9colo-sociales qui gangr\u00e8nent notre capitale.<\/p>\n\n\n\n<p>Le reportage est la cl\u00e9 pour donner une voix \u00e0 ceux qui n&#8217;en ont jamais eu. Quand je pense aux quartiers ouvriers de Paris, \u00e9touff\u00e9s par les fum\u00e9es industrielles, je ne peux m&#8217;emp\u00eacher de penser \u00e0 tous ces hommes, ces femmes et ces enfants que la soci\u00e9t\u00e9 oublie. Qui les \u00e9coute? Qui s&#8217;en soucie? Certainement pas ces grands \u00e9crivains qui, bien \u00e0 l&#8217;abri dans leurs salons bourgeois, \u00e9crivent pour une \u00e9lite. Non, ceux qui s&#8217;int\u00e9ressent au sort de ces familles, ce sont les reporters qui s&#8217;aventurent dans les ruelles sombres, qui prennent des notes sur les conditions de vie inhumaines et qui portent ces r\u00e9alit\u00e9s \u00e0 la connaissance du public.<\/p>\n\n\n\n<p>Giffard a raison: le reportage est le journalisme du pr\u00e9sent et de l&#8217;avenir. Il ne se contente pas de raconter des anecdotes amusantes pour divertir quelques lecteurs ais\u00e9s. Non, il plonge dans la r\u00e9alit\u00e9, il capte la mis\u00e8re, l&#8217;injustice, la souffrance, et les montre au grand jour. C&#8217;est cette v\u00e9rit\u00e9 que nous devons d\u00e9fendre, c&#8217;est cette v\u00e9rit\u00e9 qui changera les choses. Quand un reporter s&#8217;aventure dans une usine, qu&#8217;il d\u00e9crit les vapeurs toxiques que les ouvriers respirent, qu&#8217;il montre les enfants malades, il fait plus que du journalisme: il fait un acte politique, il appelle \u00e0 la justice.<\/p>\n\n\n\n<p>Millaud parle d&#8217;un temps o\u00f9 la litt\u00e9rature \u00e9tait reine, o\u00f9 les chroniques avaient &#8220;forme et rago\u00fbt litt\u00e9raire&#8221;. Mais de quelle utilit\u00e9 est cette beaut\u00e9 litt\u00e9raire si elle ne sert qu&#8217;\u00e0 orner les \u00e9tag\u00e8res des bourgeois? Le reportage, lui, a une utilit\u00e9 concr\u00e8te: il informe, il alerte, il mobilise. Ce n&#8217;est pas seulement une question de style, c&#8217;est une question de justice. Je pr\u00e9f\u00e8re mille fois un article qui d\u00e9crit la r\u00e9alit\u00e9 crue d&#8217;un quartier populaire, \u00e0 un texte litt\u00e9raire, aussi beau soit-il, qui ne parle que des pr\u00e9occupations que la majorit\u00e9 de la population ne s\u2019identifie pas.<\/p>\n\n\n\n<p>La nouvelle presse que d\u00e9fend Giffard est celle qui va sur le terrain, qui se salit les mains, qui se confronte \u00e0 la r\u00e9alit\u00e9. Elle n&#8217;a pas peur de dire les choses telles qu&#8217;elles sont, de montrer la laideur du monde quand il le faut. Et c&#8217;est pr\u00e9cis\u00e9ment cette honn\u00eatet\u00e9 qui permettra de changer les choses. Le reportage est une forme de litt\u00e9rature engag\u00e9e, une litt\u00e9rature qui agit. Pour moi, le vrai courage n&#8217;est pas d&#8217;\u00e9crire de belles phrases, mais de s&#8217;aventurer dans les endroits o\u00f9 personne ne veut aller, de parler aux gens que personne n&#8217;\u00e9coute, de montrer ce que personne ne veut voir.<\/p>\n\n\n\n<p>Il est facile de critiquer le reportage, de le qualifier de &#8220;potin&#8221; ou d'&#8221;indiscr\u00e9tion&#8221;. Mais ceux qui parlent ainsi n&#8217;ont jamais mis les pieds dans les quartiers ouvriers, ils n&#8217;ont jamais respir\u00e9 l&#8217;air empoisonn\u00e9 des faubourgs, ils n&#8217;ont jamais vu les enfants jouer dans des rues noires de suie. Le reporter, lui, y va. Il y va pour voir, pour comprendre, pour raconter. Et c&#8217;est cette honn\u00eatet\u00e9, cette volont\u00e9 de montrer la r\u00e9alit\u00e9, qui fait du reportage un outil de changement.<\/p>\n\n\n\n<p>Je le dis sans d\u00e9tour: le reportage est l&#8217;arme la plus puissante dont dispose le journalisme moderne pour combattre les injustices. Il est le moyen de rendre visible l&#8217;invisible, de donner une voix aux sans-voix, de faire entendre le cri de ceux que l&#8217;on veut faire taire. Et c&#8217;est pour cela que je soutiens le reportage, que je soutiens Giffard, que je me tiens aux c\u00f4t\u00e9s de tous ceux qui, plume en main, n&#8217;ont pas peur d&#8217;affronter la r\u00e9alit\u00e9.<\/p>\n\n\n\n<p>Le journalisme n&#8217;est pas un simple divertissement, il est un engagement. Et moi, M. Le Paulois Engag\u00e9, je continuerai \u00e0 me battre pour une presse qui d\u00e9fend la justice, qui d\u00e9fend les opprim\u00e9s, qui ne se contente pas de raconter des histoires mais qui change la r\u00e9alit\u00e9. Parce que Paris a besoin de justice, parce que Paris a besoin de v\u00e9rit\u00e9, parce que Paris a besoin de reporters.<\/p>\n\n\n\n<p class=\"has-text-align-right\">M. Le Paulois Engag\u00e9<\/p>\n","protected":false},"excerpt":{"rendered":"<p>Paris, cette ville o\u00f9 les puissants dictent les r\u00e8gles, o\u00f9 les classes populaires s&#8217;efforcent de respirer, a besoin d&#8217;un nouveau souffle. Et ce souffle, c&#8217;est le reportage. Oui, je parle bien de ce genre journalistique que certains, comme Millaud, m\u00e9prisent. Mais moi, je vois en lui un outil puissant, une arme de la v\u00e9rit\u00e9 au&hellip; <a class=\"more-link\" href=\"https:\/\/sites.smith.edu\/frn372-fa24\/le-paulois-engage-le-reportage-arme-du-progres-social\/\">Continue reading <span class=\"screen-reader-text\">Le Paulois Engag\u00e9: Le Reportage, Arme du Progr\u00e8s Social<\/span> <span class=\"meta-nav\" aria-hidden=\"true\">&rarr;<\/span><\/a><\/p>\n","protected":false},"author":5749,"featured_media":0,"comment_status":"closed","ping_status":"closed","sticky":false,"template":"","format":"standard","meta":{"footnotes":""},"categories":[43],"tags":[],"class_list":["post-3773","post","type-post","status-publish","format-standard","hentry","category-chroniqueii"],"_links":{"self":[{"href":"https:\/\/sites.smith.edu\/frn372-fa24\/wp-json\/wp\/v2\/posts\/3773","targetHints":{"allow":["GET"]}}],"collection":[{"href":"https:\/\/sites.smith.edu\/frn372-fa24\/wp-json\/wp\/v2\/posts"}],"about":[{"href":"https:\/\/sites.smith.edu\/frn372-fa24\/wp-json\/wp\/v2\/types\/post"}],"author":[{"embeddable":true,"href":"https:\/\/sites.smith.edu\/frn372-fa24\/wp-json\/wp\/v2\/users\/5749"}],"replies":[{"embeddable":true,"href":"https:\/\/sites.smith.edu\/frn372-fa24\/wp-json\/wp\/v2\/comments?post=3773"}],"version-history":[{"count":1,"href":"https:\/\/sites.smith.edu\/frn372-fa24\/wp-json\/wp\/v2\/posts\/3773\/revisions"}],"predecessor-version":[{"id":3774,"href":"https:\/\/sites.smith.edu\/frn372-fa24\/wp-json\/wp\/v2\/posts\/3773\/revisions\/3774"}],"wp:attachment":[{"href":"https:\/\/sites.smith.edu\/frn372-fa24\/wp-json\/wp\/v2\/media?parent=3773"}],"wp:term":[{"taxonomy":"category","embeddable":true,"href":"https:\/\/sites.smith.edu\/frn372-fa24\/wp-json\/wp\/v2\/categories?post=3773"},{"taxonomy":"post_tag","embeddable":true,"href":"https:\/\/sites.smith.edu\/frn372-fa24\/wp-json\/wp\/v2\/tags?post=3773"}],"curies":[{"name":"wp","href":"https:\/\/api.w.org\/{rel}","templated":true}]}}