{"id":3776,"date":"2024-12-02T12:26:05","date_gmt":"2024-12-02T17:26:05","guid":{"rendered":"https:\/\/sites.smith.edu\/frn372-fa24\/?p=3776"},"modified":"2024-12-02T13:21:11","modified_gmt":"2024-12-02T18:21:11","slug":"conclusions","status":"publish","type":"post","link":"https:\/\/sites.smith.edu\/frn372-fa24\/conclusions\/","title":{"rendered":"Conclusions"},"content":{"rendered":"\n<h2 class=\"wp-block-heading\">\u00ab Splendeurs et mis\u00e8res \u00bb de la presse<\/h2>\n\n\n\n<h3 class=\"wp-block-heading\">Quelle(s) influence(s) ont eu &#8230;<\/h3>\n\n\n\n<div class=\"wp-block-media-text is-stacked-on-mobile\" style=\"grid-template-columns:73% auto\"><figure class=\"wp-block-media-text__media\"><img loading=\"lazy\" decoding=\"async\" width=\"1024\" height=\"746\" src=\"https:\/\/sites.smith.edu\/frn372-sp24\/wp-content\/uploads\/sites\/1018\/2024\/04\/Grandville-Descente-dans-les-ateliers-de-la-liberte-de-la-presse-Gallica-1830s-1024x746.jpeg\" alt=\"Les forces de l'ordre s'attaquent \u00e0 une imprimerie, couvrent la bouche \u00e0 une femme ouvri\u00e8re\" class=\"wp-image-1803 size-full\" srcset=\"https:\/\/sites.smith.edu\/frn372-fa24\/wp-content\/uploads\/sites\/1111\/2024\/04\/Grandville-Descente-dans-les-ateliers-de-la-liberte-de-la-presse-Gallica-1830s-1024x746.jpeg 1024w, https:\/\/sites.smith.edu\/frn372-fa24\/wp-content\/uploads\/sites\/1111\/2024\/04\/Grandville-Descente-dans-les-ateliers-de-la-liberte-de-la-presse-Gallica-1830s-300x219.jpeg 300w, https:\/\/sites.smith.edu\/frn372-fa24\/wp-content\/uploads\/sites\/1111\/2024\/04\/Grandville-Descente-dans-les-ateliers-de-la-liberte-de-la-presse-Gallica-1830s-768x560.jpeg 768w, https:\/\/sites.smith.edu\/frn372-fa24\/wp-content\/uploads\/sites\/1111\/2024\/04\/Grandville-Descente-dans-les-ateliers-de-la-liberte-de-la-presse-Gallica-1830s.jpeg 1446w\" sizes=\"auto, (max-width: 1024px) 100vw, 1024px\" \/><\/figure><div class=\"wp-block-media-text__content\">\n<h3 class=\"wp-block-heading\">&#8230;les lois&#8230; <\/h3>\n\n\n\n<p class=\"has-small-font-size\"><em>Grandville, vers 1830, Descente dans les ateliers de la liberte\u0301 de la presse (Gallica)<\/em><\/p>\n<\/div><\/div>\n\n\n\n<div class=\"wp-block-media-text has-media-on-the-right is-stacked-on-mobile\" style=\"grid-template-columns:auto 59%\"><div class=\"wp-block-media-text__content\">\n<h3 class=\"wp-block-heading\">&#8230;la technologie&#8230; <\/h3>\n\n\n\n<p class=\"has-small-font-size\"><em>L&#8217;\u00c9cho de Paris, affiche, vers 1895 (Gallica)<\/em><\/p>\n<\/div><figure class=\"wp-block-media-text__media\"><img loading=\"lazy\" decoding=\"async\" width=\"751\" height=\"1024\" src=\"https:\/\/sites.smith.edu\/frn372-sp24\/wp-content\/uploads\/sites\/1018\/2024\/04\/LEcho_de_Paris___journal_.Pal_1855-1942_btv1b90114394_1-751x1024.jpeg\" alt=\"\" class=\"wp-image-1804 size-full\" srcset=\"https:\/\/sites.smith.edu\/frn372-fa24\/wp-content\/uploads\/sites\/1111\/2024\/04\/LEcho_de_Paris___journal_.Pal_1855-1942_btv1b90114394_1-751x1024.jpeg 751w, https:\/\/sites.smith.edu\/frn372-fa24\/wp-content\/uploads\/sites\/1111\/2024\/04\/LEcho_de_Paris___journal_.Pal_1855-1942_btv1b90114394_1-220x300.jpeg 220w, https:\/\/sites.smith.edu\/frn372-fa24\/wp-content\/uploads\/sites\/1111\/2024\/04\/LEcho_de_Paris___journal_.Pal_1855-1942_btv1b90114394_1-768x1047.jpeg 768w, https:\/\/sites.smith.edu\/frn372-fa24\/wp-content\/uploads\/sites\/1111\/2024\/04\/LEcho_de_Paris___journal_.Pal_1855-1942_btv1b90114394_1.jpeg 1024w\" sizes=\"auto, (max-width: 751px) 100vw, 751px\" \/><\/figure><\/div>\n\n\n\n<div class=\"wp-block-media-text is-stacked-on-mobile\" style=\"grid-template-columns:60% auto\"><figure class=\"wp-block-media-text__media\"><img loading=\"lazy\" decoding=\"async\" width=\"786\" height=\"1024\" src=\"https:\/\/sites.smith.edu\/frn372-sp24\/wp-content\/uploads\/sites\/1018\/2024\/04\/Kiosque_a_journaux_square_du_.Atget_Eugene_btv1b10506912t_1-786x1024.jpeg\" alt=\"\" class=\"wp-image-1806 size-full\" srcset=\"https:\/\/sites.smith.edu\/frn372-fa24\/wp-content\/uploads\/sites\/1111\/2024\/04\/Kiosque_a_journaux_square_du_.Atget_Eugene_btv1b10506912t_1-786x1024.jpeg 786w, https:\/\/sites.smith.edu\/frn372-fa24\/wp-content\/uploads\/sites\/1111\/2024\/04\/Kiosque_a_journaux_square_du_.Atget_Eugene_btv1b10506912t_1-230x300.jpeg 230w, https:\/\/sites.smith.edu\/frn372-fa24\/wp-content\/uploads\/sites\/1111\/2024\/04\/Kiosque_a_journaux_square_du_.Atget_Eugene_btv1b10506912t_1-768x1001.jpeg 768w, https:\/\/sites.smith.edu\/frn372-fa24\/wp-content\/uploads\/sites\/1111\/2024\/04\/Kiosque_a_journaux_square_du_.Atget_Eugene_btv1b10506912t_1.jpeg 1024w\" sizes=\"auto, (max-width: 786px) 100vw, 786px\" \/><\/figure><div class=\"wp-block-media-text__content\">\n<h3 class=\"wp-block-heading\">&#8230;le commerce&#8230; <\/h3>\n\n\n\n<p class=\"has-small-font-size\"><em>Eug\u00e8ne Atget, kiosque \u00e0 Paris, vers 1900 (Gallica)<\/em><\/p>\n<\/div><\/div>\n\n\n\n<p>&#8230; sur :<\/p>\n\n\n\n<h3 class=\"wp-block-heading\">\u2192 l&#8217;\u00e9criture ? <\/h3>\n\n\n\n<p>(le style \/ le genre \/ qui \u00e9crit \/ etc.) <\/p>\n\n\n\n<h3 class=\"wp-block-heading\">\u2192 les lecteurs ? <\/h3>\n\n\n\n<p>(le prix \/ qui lit \/ comment \/ etc.)<\/p>\n\n\n\n<hr class=\"wp-block-separator has-alpha-channel-opacity is-style-dots\" \/>\n\n\n\n<h2 class=\"wp-block-heading\">Critique et d\u00e9fense<\/h2>\n\n\n\n<p><strong>\u2192<\/strong> Quels ont \u00e9t\u00e9 les points de vue d\u00e9fendus par les journalistes ? les romanciers ? les sociologues ?<\/p>\n\n\n\n<p><strong>\u2192<\/strong> Pourquoi tant de haine ?<\/p>\n\n\n\n<hr class=\"wp-block-separator has-alpha-channel-opacity is-style-dots\" \/>\n\n\n\n<h2 class=\"wp-block-heading\">L&#8217;\u00e9volution du journal<\/h2>\n\n\n\n<p>Examinez ces num\u00e9ros (\u00e0 vous de les localiser dans RetroNews !):<\/p>\n\n\n\n<ul class=\"wp-block-list\">\n<li><em>Gazette nationale<\/em>, 26\/02\/1802<\/li>\n\n\n\n<li><em>La Presse<\/em>, 01\/06\/1837<\/li>\n\n\n\n<li><em>Le Petit Journal<\/em>, 09\/03\/1864<\/li>\n\n\n\n<li><em>Le Si\u00e8cle<\/em>, 24\/02\/1874<\/li>\n\n\n\n<li><em>Le Journal<\/em>, 11\/03\/1894<\/li>\n<\/ul>\n","protected":false},"excerpt":{"rendered":"<p>\u00ab Splendeurs et mis\u00e8res \u00bb de la presse Quelle(s) influence(s) ont eu &#8230; &#8230;les lois&#8230; Grandville, vers 1830, Descente dans les ateliers de la liberte\u0301 de la presse (Gallica) &#8230;la technologie&#8230; L&#8217;\u00c9cho de Paris, affiche, vers 1895 (Gallica) &#8230;le commerce&#8230; Eug\u00e8ne Atget, kiosque \u00e0 Paris, vers 1900 (Gallica) &#8230; sur : \u2192 l&#8217;\u00e9criture ? (le&hellip; <a class=\"more-link\" href=\"https:\/\/sites.smith.edu\/frn372-fa24\/conclusions\/\">Continue reading <span class=\"screen-reader-text\">Conclusions<\/span> <span class=\"meta-nav\" aria-hidden=\"true\">&rarr;<\/span><\/a><\/p>\n","protected":false},"author":4992,"featured_media":0,"comment_status":"closed","ping_status":"closed","sticky":false,"template":"","format":"standard","meta":{"footnotes":""},"categories":[5,6],"tags":[],"class_list":["post-3776","post","type-post","status-publish","format-standard","hentry","category-ressources","category-supplements"],"_links":{"self":[{"href":"https:\/\/sites.smith.edu\/frn372-fa24\/wp-json\/wp\/v2\/posts\/3776","targetHints":{"allow":["GET"]}}],"collection":[{"href":"https:\/\/sites.smith.edu\/frn372-fa24\/wp-json\/wp\/v2\/posts"}],"about":[{"href":"https:\/\/sites.smith.edu\/frn372-fa24\/wp-json\/wp\/v2\/types\/post"}],"author":[{"embeddable":true,"href":"https:\/\/sites.smith.edu\/frn372-fa24\/wp-json\/wp\/v2\/users\/4992"}],"replies":[{"embeddable":true,"href":"https:\/\/sites.smith.edu\/frn372-fa24\/wp-json\/wp\/v2\/comments?post=3776"}],"version-history":[{"count":4,"href":"https:\/\/sites.smith.edu\/frn372-fa24\/wp-json\/wp\/v2\/posts\/3776\/revisions"}],"predecessor-version":[{"id":3785,"href":"https:\/\/sites.smith.edu\/frn372-fa24\/wp-json\/wp\/v2\/posts\/3776\/revisions\/3785"}],"wp:attachment":[{"href":"https:\/\/sites.smith.edu\/frn372-fa24\/wp-json\/wp\/v2\/media?parent=3776"}],"wp:term":[{"taxonomy":"category","embeddable":true,"href":"https:\/\/sites.smith.edu\/frn372-fa24\/wp-json\/wp\/v2\/categories?post=3776"},{"taxonomy":"post_tag","embeddable":true,"href":"https:\/\/sites.smith.edu\/frn372-fa24\/wp-json\/wp\/v2\/tags?post=3776"}],"curies":[{"name":"wp","href":"https:\/\/api.w.org\/{rel}","templated":true}]}}