{"id":3801,"date":"2024-12-10T19:01:27","date_gmt":"2024-12-11T00:01:27","guid":{"rendered":"https:\/\/sites.smith.edu\/frn372-fa24\/?p=3801"},"modified":"2024-12-10T19:23:22","modified_gmt":"2024-12-11T00:23:22","slug":"un-avortement-a-toulon-la-reponse-de-severine-et-les-avis-divers-2","status":"publish","type":"post","link":"https:\/\/sites.smith.edu\/frn372-fa24\/un-avortement-a-toulon-la-reponse-de-severine-et-les-avis-divers-2\/","title":{"rendered":"Un Avortement \u00c0 Toulon : La R\u00e9ponse de S\u00e9verine et Les Avis Divers\u00a0"},"content":{"rendered":"\n<h2 class=\"wp-block-heading\">Le Scandale&nbsp;<\/h2>\n\n\n\n<p>En 1890, il y avait un scandale o\u00f9 une femme \u00e0 Toulon a se fait avorter. L\u2019histoire a devenu un moment tr\u00e8s grand dans la presse parce que le maire de Toulon et sa ma\u00eetresse (qui \u00e9tait mari\u00e9e avec un lieutenant de vaisseau) \u00e9taient accuses d\u2019avortement. Il \u00e9tait condamn\u00e9 \u00e0 cinq ans de r\u00e9clusion et elle \u00e9tait condamne \u00e0 deux ans en prison. La femme qui a fait l\u2019avortement \u00e9tait condamne \u00e0 trois ans en prison. Ils \u00e9taient punis sous une loi de 1810 qui a criminalis\u00e9 l&#8217;interruption volontaire de grossesse, mais la loi n&#8217;\u00e9tait pas souvent appliqu\u00e9e.<sup data-fn=\"ca4e7674-f950-4988-be29-c2171191b671\" class=\"fn\"><a href=\"#ca4e7674-f950-4988-be29-c2171191b671\" id=\"ca4e7674-f950-4988-be29-c2171191b671-link\">1<\/a><\/sup>&nbsp;&nbsp;<\/p>\n\n\n\n<div class=\"h5p-content\" data-content-id=\"138\"><\/div>\n\n\n\n<p><\/p>\n\n\n\n<h2 class=\"wp-block-heading\">Les Articles de S\u00e9verine&nbsp;<\/h2>\n\n\n\n<p>S\u00e9verine a \u00e9crit un article dans le journal <em>Gil Blas<\/em> qui parle de cet avortement et l\u2019avortement en g\u00e9n\u00e9ral le 4 novembre 1890, apr\u00e8s le scandale a commenc\u00e9 mais avant le proc\u00e8s tribunal. <em>Gil Blas<\/em> \u00e9tait un journal entre 1879 et 1914 qui a publi\u00e9 l\u2019histoire, les ragots, et de la litt\u00e9rature. Notamment, le journal n&#8217;a d\u00e9fendu aucune \u00e9cole litt\u00e9raire mais avait un id\u00e9al de vari\u00e9t\u00e9 dans les articles qu\u2019il a publi\u00e9.<sup data-fn=\"16e2bd14-49c9-4e11-a889-f3ca78a3582a\" class=\"fn\"><a href=\"#16e2bd14-49c9-4e11-a889-f3ca78a3582a\" id=\"16e2bd14-49c9-4e11-a889-f3ca78a3582a-link\">2<\/a><\/sup> <\/p>\n\n\n\n<p>Dans son article, S\u00e9verine explique que l&#8217;autorit\u00e9 maritime est la raison pour laquelle le scandale est devenu tr\u00e8s grand, et que le travail du maire n\u2019est pas affect\u00e9 par son r\u00f4le dans le scandale. Elle dit aussi que les lois qui gouvernent l\u2019avortement ne sont pas sensibles et que l\u2019interdiction d\u2019avortement pour la raison de repeuplement est immorale. Il y a des familles qui ont d\u00e9j\u00e0 plusieurs enfants sans poss\u00e9der une maison ou assez \u00e0 manger, et ils ne peuvent pas avoir plusieurs enfants sans augmenter leur mis\u00e8re. Quelquefois, l\u2019avortement est seulement l\u2019amour maternel pour les enfants qu\u2019une femme a d\u00e9j\u00e0.<sup data-fn=\"f2595cff-5f6b-4d45-86b6-097e8aa2c7bf\" class=\"fn\"><a href=\"#f2595cff-5f6b-4d45-86b6-097e8aa2c7bf\" id=\"f2595cff-5f6b-4d45-86b6-097e8aa2c7bf-link\">3<\/a><\/sup> <\/p>\n\n\n\n<div class=\"h5p-content\" data-content-id=\"144\"><\/div>\n\n\n\n<p><\/p>\n\n\n\n<p>Cet article est \u00e9crit dans un style personnel et commence avec une r\u00e9ponse au directeur du journal. S\u00e9verine utilise les pronoms personnels tout au long d\u2019article &#8211; elle ne cache pas que cela est son avis et ce qu\u2019elle croit. Elle pose les questions aux lecteurs, utilise plein de points d\u2019exclamation, et nous invite dans une conversation o\u00f9 elle explique pourquoi l\u2019avortement ne constitue pas un crime. Cela est une strat\u00e9gie litt\u00e9raire qui laisse le lecteur se sentir \u00e0 l&#8217;aise avec le texte et croire ce que l\u2019auteur dit.&nbsp;&nbsp;<\/p>\n\n\n\n<blockquote class=\"wp-block-quote is-layout-flow wp-block-quote-is-layout-flow\">\n<p>Voyez-vous, l&#8217;avortement est un malheur, une fatalit\u00e9 \u2013 pas un crime.<\/p>\n<cite>&#8211; S\u00e9verine, dans Gil Blas, 4 novembre 1890<\/cite><\/blockquote>\n\n\n\n<p>Neuf jours apr\u00e8s son premier article, S\u00e9verine a publi\u00e9 un deuxi\u00e8me article \u00e0 propos de l&#8217;avortement dans le journal <em>Le Courrier de L\u2019Est<\/em>. Dans cet article, elle parle plus de la mis\u00e8re et de la pauvret\u00e9 que la soci\u00e9t\u00e9 ignore. Elle dit que les gens sont guid\u00e9s par leurs consciences et que la pauvret\u00e9 est un grand probl\u00e8me dans la soci\u00e9t\u00e9. Elle parle des femmes qui n&#8217;ont pas assez d\u2019argent pour un enfant plus et si elles se couchent avec leur mari, cela ne veut pas dire qu\u2019elles doivent souffrir avec un enfant qu\u2019elles ne peuvent pas prendre soin de. La soci\u00e9t\u00e9 promet le mariage et les enfants aux femmes sans les donner les ressources pour les soutenir et l\u2019avortement constitue un crime de d\u00e9sespoir, pas de joie. Elle remarque aussi que la soci\u00e9t\u00e9 a cr\u00e9e un scandale publique pour punir les personnes impliques dans un scandale clandestin et priv\u00e9.<sup data-fn=\"a20e5f2c-ad77-4f6e-acfe-7576af690431\" class=\"fn\"><a href=\"#a20e5f2c-ad77-4f6e-acfe-7576af690431\" id=\"a20e5f2c-ad77-4f6e-acfe-7576af690431-link\">4<\/a><\/sup> <\/p>\n\n\n\n<div class=\"h5p-content\" data-content-id=\"139\"><\/div>\n\n\n\n<p><\/p>\n\n\n\n<p>Le style de cet article est similaire au premier article que S\u00e9verine a \u00e9crit sur le sujet, mais le ton est un peu plus d\u00e9tach\u00e9 dans cet article. Cela est peut-\u00eatre parce qu\u2019elle a d\u00e9j\u00e0 expliqu\u00e9 son avis aux lecteurs et maintenant doit parler des grands probl\u00e8mes sociaux comme la pauvret\u00e9, qui ne correspondent pas avec un ton d\u00e9sinvolte.&nbsp;&nbsp;<\/p>\n\n\n\n<p>S\u00e9verine a utilis\u00e9 un pseudonyme, Jacqueline, pour \u00e9crire ces articles. Quand m\u00eame, dans les jours suivants, beaucoup de journaux ont \u00e9crit des r\u00e9ponses \u00e0 l\u2019article en utilisant le nom \u201cS\u00e9verine\u201d, alors tout le monde a su qu\u2019elle \u00e9tait l\u2019auteur. Avant que son deuxi\u00e8me article soit publi\u00e9, les journaux disent que Jacqueline \u00e9tait S\u00e9verine, mais elle a encore utilis\u00e9 ce pseudonyme.&nbsp;<\/p>\n\n\n\n<p><\/p>\n\n\n\n<h2 class=\"wp-block-heading\">Les R\u00e9ponses \u00c0 S\u00e9verine<\/h2>\n\n\n\n<p>Il y avait quelques courts partis de l&#8217;article de S\u00e9verine publi\u00e9s dans les autres journaux \u00e0 cause de la notori\u00e9t\u00e9 de S\u00e9verine et aussi la popularit\u00e9 d\u2019incident. <em>La France de Bordeaux et le Sud-Ouest<\/em> publie un sommaire de l\u2019article de S\u00e9verine dans leur Chroniques Locaux le 21 novembre, plus que deux semaines apr\u00e8s l\u2019article \u00e9tait publi\u00e9.<sup data-fn=\"921de75b-2008-474f-bbda-cdab348cdaf8\" class=\"fn\"><a href=\"#921de75b-2008-474f-bbda-cdab348cdaf8\" id=\"921de75b-2008-474f-bbda-cdab348cdaf8-link\">5<\/a><\/sup> <em>Le Petit Caporal <\/em>publie un excerpt de l\u2019article de S\u00e9verine qui se focalise sur l\u2019avortement comme un malheur mais pas un crime.<sup data-fn=\"0e8adc6d-f4db-4f82-8f39-113d8a5d7d1f\" class=\"fn\"><a href=\"#0e8adc6d-f4db-4f82-8f39-113d8a5d7d1f\" id=\"0e8adc6d-f4db-4f82-8f39-113d8a5d7d1f-link\">6<\/a><\/sup> <em>L\u2019Ordre de Paris<\/em> publie la m\u00eame partie de l\u2019article dans leur journal.<sup data-fn=\"a6705d72-3023-4d6d-801d-5a998e52a586\" class=\"fn\"><a href=\"#a6705d72-3023-4d6d-801d-5a998e52a586\" id=\"a6705d72-3023-4d6d-801d-5a998e52a586-link\">7<\/a><\/sup> Cette partie de l\u2019article semble \u00eatre une des parties les plus populaires et connues.&nbsp;&nbsp;<\/p>\n\n\n\n<div class=\"h5p-content\" data-content-id=\"143\"><\/div>\n\n\n\n<p><\/p>\n\n\n\n<p>En plus, il y avait d\u2019autres chroniqueurs et journalistes qui ont parl\u00e9 de S\u00e9verine dans leurs r\u00e9ponses \u00e0 l\u2019avortement \u00e0 Toulon. Ces articles n\u2019ont pas se concentres pas sur elle, mais leurs r\u00e9f\u00e9rences aux articles de S\u00e9verine montrent qu\u2019elle \u00e9tait une des plus grandes voix dans le d\u00e9bat \u00e0 propos de l\u2019avortement \u00e0 l\u2019\u00e9poque. <em>L&#8217;\u00c9galit\u00e9<\/em> publie un article o\u00f9 l\u2019auteur dit qu\u2019il est d\u2019accord avec S\u00e9verine comme une partie d\u2019un article plus longue qui explique son avis sur l\u2019avortement. L\u2019article dit que S\u00e9verine est \u201cvaillante\u201d en exprimant son avis, et parle des filles qui deviennent m\u00e8res seules et trop jeunes.<sup data-fn=\"1dfc1c44-ed8e-4a66-8528-a95ae4c881e1\" class=\"fn\"><a href=\"#1dfc1c44-ed8e-4a66-8528-a95ae4c881e1\" id=\"1dfc1c44-ed8e-4a66-8528-a95ae4c881e1-link\">8<\/a><\/sup> Un article dans le <em>Courrier du Soir<\/em> est int\u00e9ressant en comparant l\u2019avis de S\u00e9verine avec celle de Jules Simon, qui \u00e9tait contre l\u2019avortement. Cet article parle du moralisme et de sa place dans le d\u00e9bat, en particulier parce que plusieurs de ces \u201cmoralistes\u201d qui sont contre l\u2019avortement se font avorter s\u2019ils le besoin.<sup data-fn=\"bdc1d23c-b742-4272-a226-16fcbd6db85c\" class=\"fn\"><a href=\"#bdc1d23c-b742-4272-a226-16fcbd6db85c\" id=\"bdc1d23c-b742-4272-a226-16fcbd6db85c-link\">9<\/a><\/sup> <em>Le Parisien<\/em> a un article dans &#8220;\u00c7a et L\u00e0\u201d qui discute le d\u00e9saccord entre S\u00e9verine et Jules Simon. L\u2019article soutient la position de S\u00e9verine et note que l\u2019opinion publique \u00e0 propos d&#8217;avortement change toujours.<sup data-fn=\"8d1b383d-93a7-4c9c-aac6-f1b64b305d01\" class=\"fn\"><a href=\"#8d1b383d-93a7-4c9c-aac6-f1b64b305d01\" id=\"8d1b383d-93a7-4c9c-aac6-f1b64b305d01-link\">10<\/a><\/sup><em> La Patrie<\/em> \u00e9crit une critique litt\u00e9raire d\u2019une pi\u00e8ce de th\u00e9\u00e2tre o\u00f9 une femme est viol\u00e9e et puis elle se fait avorter.<sup data-fn=\"a3057267-8701-43a9-86bd-bfc0f7fed714\" class=\"fn\"><a href=\"#a3057267-8701-43a9-86bd-bfc0f7fed714\" id=\"a3057267-8701-43a9-86bd-bfc0f7fed714-link\">11<\/a><\/sup> La r\u00e9f\u00e9rence \u00e0 S\u00e9verine dans cet article sans rapport (sauf l\u2019avortement) montre que S\u00e9verine a devenu une des plus grandes voix dans le d\u00e9bat \u00e0 propos de l\u2019avortement. &nbsp;<\/p>\n\n\n\n<div class=\"h5p-content\" data-content-id=\"142\"><\/div>\n\n\n\n<p><\/p>\n\n\n\n<p>Finalement, il y avait quelques auteurs qui ont \u00e9crit les r\u00e9ponses plus longues \u00e0 S\u00e9verine o\u00f9 ils s\u2019engagent plus avec ses id\u00e9es. Le 5 novembre &#8211; le jour apr\u00e8s le premier article de S\u00e9verine &#8211; <em>L\u2019\u00c9galit\u00e9<\/em> publie un article o\u00f9 l\u2019auteur parle du \u201cmagnifique article\u201d de S\u00e9verine. Cet article, dans le style du journalisme de si\u00e8cle, est une revue pour l\u2019article de S\u00e9verine et il est tr\u00e8s positif.<sup data-fn=\"19e11d27-4f81-468b-b06d-3ff5dbf35b32\" class=\"fn\"><a href=\"#19e11d27-4f81-468b-b06d-3ff5dbf35b32\" id=\"19e11d27-4f81-468b-b06d-3ff5dbf35b32-link\">12<\/a><\/sup> <em>L\u2019Esprit de la Femme<\/em> publie un article contre l\u2019avortement qui critique S\u00e9verine et parle des femmes comme m\u00e8res, pas comme personnes d\u00e9veloppes \u00e0 l\u2019ext\u00e9rieur de leurs relations avec leurs maris et enfants. L\u2019article utilise le langage tr\u00e8s fort et frappant pour montrer l\u2019opposition \u00e0 l\u2019avortement et contraste l\u2019avortement avec \u201cla moralit\u00e9 f\u00e9minine\u201d.<sup data-fn=\"675a8b94-ef79-4974-984b-a7d31881ab73\" class=\"fn\"><a href=\"#675a8b94-ef79-4974-984b-a7d31881ab73\" id=\"675a8b94-ef79-4974-984b-a7d31881ab73-link\">13<\/a><\/sup> <em>La Souveraine Nationale<\/em>, s\u00fbr l\u2019autre c\u00f4t\u00e9, dit que l\u2019article de S\u00e9verine est un \u201ctr\u00e8s remarquable article\u201d et ajoute que les juges riches ne comprennent pas la souffrance des m\u00e8res pauvres, alors les courts ne sont pas des meilleures fa\u00e7ons pour juger les femmes qui se font avorter. L\u2019article explique aussi que mettre les m\u00e8res en prison puni leurs enfants, et que les femmes besoin quelquefois l\u2019avortement pour leur sant\u00e9 mentale.<sup data-fn=\"8be2c1e6-6ad9-4324-b220-534e3064e8f6\" class=\"fn\"><a href=\"#8be2c1e6-6ad9-4324-b220-534e3064e8f6\" id=\"8be2c1e6-6ad9-4324-b220-534e3064e8f6-link\">14<\/a><\/sup>&nbsp;&nbsp;<\/p>\n\n\n\n<div class=\"h5p-content\" data-content-id=\"141\"><\/div>\n\n\n\n<p><\/p>\n\n\n\n<p>Les styles diff\u00e9rents de ces r\u00e9ponses \u00e0 S\u00e9verine servent des fonctions diff\u00e9rentes. Les petits segments de son article et les explications courtes sont l\u00e0 pour informer le public d&#8217;un article important qui a \u00e9t\u00e9 publi\u00e9 r\u00e9cemment, et ils publient les parties de l\u2019article les plus frappants et connus. Les articles qui mentionnent l\u2019article de S\u00e9verine mais ne se focalisent pas sur elle ont les tons plus professionnels et \u00e9loign\u00e9s. Cela montre que ces articles sont professionnels en utilisant des sources ext\u00e9rieures pour affirmer ou contraster leurs croyances, et ces articles sont plus comme le journalisme d\u2019aujourd\u2019hui que celui du 19e si\u00e8cle. Finalement, les articles qui r\u00e9pondent directement aux avis de S\u00e9verine sont plus exag\u00e9r\u00e9s. Plusieurs articles \u00e9crivent les \u00e9loges pour son article, et l\u2019article n\u00e9gatif est aussi dramatique et fort dans l\u2019expression de son avis. Les articles qui font les revues d\u2019autres articles ne sont pas toujours int\u00e9ressantes, alors en exprimant une opinion forte, les auteurs encouragent les lecteurs \u00e0 lire et penser de leurs articles.\u00a0\u00a0<\/p>\n\n\n<div class=\"wp-block-image\">\n<figure class=\"aligncenter size-large\"><img decoding=\"async\" src=\"https:\/\/gallica.bnf.fr\/ark:\/12148\/btv1b53097968w\/f1.highres\" alt=\"\" \/><figcaption class=\"wp-element-caption\"><a href=\"https:\/\/gallica-bnf-fr.libproxy.smith.edu\/ark:\/12148\/btv1b53097968w?rk=21459;2\">S\u00e9verine par Nadar, photographie, 1875-1895<\/a><\/figcaption><\/figure>\n<\/div>\n\n\n<p><\/p>\n\n\n\n<h2 class=\"wp-block-heading\">Le D\u00e9bat Contemporaine&nbsp;et Conclusions<\/h2>\n\n\n\n<p>Ce d\u00e9bat est important parce qu\u2019il montre une discussion des probl\u00e8mes et id\u00e9es qui existent, presque dans la m\u00eame forme, aujourd\u2019hui. Il est frappant que la plupart des articles de 1890 ont trouv\u00e9 que l\u2019avortement \u00e9tait justifi\u00e9. Les articles qui mentionnent l\u2019article de S\u00e9verine sont peut-\u00eatre un group biaise, mais le soutien pour l\u2019avortement semble plus grand en 1890 qu\u2019en 2024. M\u00eame les articles contre l\u2019avortement sont moins dramatiques que ceux d\u2019aujourd\u2019hui, avec l\u2019exception de l\u2019article dans <em>L\u2019Esprit de la Femme<\/em> qui utilise le langage inflammatoire pour opposer l\u2019avortement dans un \u00e9cho des auteurs qui sont contre l\u2019avortement aujourd\u2019hui.&nbsp;&nbsp;<\/p>\n\n\n\n<p>La discussion d&#8217;adult\u00e8re dans plusieurs articles est aussi int\u00e9ressante, parce qu\u2019une des grandes raisons pour laquelle la femme \u00e0 Toulon a se fait avorter \u00e9tait parce qu\u2019elle n\u2019a pas voulait avoir l\u2019enfant de quelqu\u2019un qui n\u2019\u00e9tait pas son mari. Mais quand la conversation a commenc\u00e9 de tourner vers l\u2019avortement en g\u00e9n\u00e9ral, les auteurs ont continu\u00e9 de se focaliser sur l\u2019adult\u00e8re. Il y avait plusieurs points importants, comme l&#8217;id\u00e9e que les hommes ne sont pas punis pour l&#8217;adult\u00e8re dans le m\u00eame sens que des femmes, mais l&#8217;accent s\u00fbr l&#8217;adult\u00e8re a laiss\u00e9 ceux qui s&#8217;opposent \u00e0 l\u2019avortement lier l\u2019immoralit\u00e9 associe avec adult\u00e8re avec l\u2019avortement et le repr\u00e9senter comme immorale.\u00a0\u00a0<\/p>\n\n\n\n<p>Je suis d\u2019accord avec S\u00e9verine quand elle a dit que l\u2019attention que cette histoire a re\u00e7ue est excessif. \u00c0 la fin de la journ\u00e9e, c\u2019\u00e9tait la vie priv\u00e9e de deux familles et l\u2019attention nationale sur leurs vies n\u2019\u00e9tait pas n\u00e9cessaire. L\u2019avortement est un sujet important \u00e0 discuter, mais on peut le faire sans impliquer les gens ordinaires qui avaient la malchance d\u2019\u00eatre emprisonnes dans le cirque du media. S\u00e9verine a trait\u00e9 leur histoire avec compassion et a \u00e9crit des articles fort en d\u00e9fendant ses valeurs et les droits des femmes moins privil\u00e9gi\u00e9es qu\u2019elle-m\u00eame.&nbsp;<\/p>\n\n\n<ol class=\"wp-block-footnotes\"><li id=\"ca4e7674-f950-4988-be29-c2171191b671\"><a href=\"https:\/\/www-retronews-fr.libproxy.smith.edu\/journal\/le-petit-journal-supplement-du-dimanche\/10-janvier-1891\/82\/395625\/1?from=%2Fsearch%23sort%3Dscore%26publishedStart%3D1891-01-10%26publishedEnd%3D1891-01-10%26publishedBounds%3Dfrom%26indexedBounds%3Dfrom%26tfPublicationsOr%255B0%255D%3DLe%2520Petit%2520Journal.%2520Suppl%25C3%25A9ment%2520du%2520dimanche%26advancedUi%3Dtrue%26page%3D1%26searchIn%3Dall%26total%3D1&amp;index=0\">Le Petit Journal, 10 janvier 1891.<\/a> <a href=\"#ca4e7674-f950-4988-be29-c2171191b671-link\" aria-label=\"Jump to footnote reference 1\">\u21a9\ufe0e<\/a><\/li><li id=\"16e2bd14-49c9-4e11-a889-f3ca78a3582a\"><a href=\"https:\/\/theses.hal.science\/tel-04588731\">Lef\u00e8vre 2023.<\/a> <a href=\"#16e2bd14-49c9-4e11-a889-f3ca78a3582a-link\" aria-label=\"Jump to footnote reference 2\">\u21a9\ufe0e<\/a><\/li><li id=\"f2595cff-5f6b-4d45-86b6-097e8aa2c7bf\"><a href=\"https:\/\/www-retronews-fr.libproxy.smith.edu\/societe\/grands-articles\/2023\/02\/06\/droit-avortement-severine-1890\">Gil Blas, 4 novembre 1890.<\/a> <a href=\"#f2595cff-5f6b-4d45-86b6-097e8aa2c7bf-link\" aria-label=\"Jump to footnote reference 3\">\u21a9\ufe0e<\/a><\/li><li id=\"a20e5f2c-ad77-4f6e-acfe-7576af690431\"><a href=\"https:\/\/www-retronews-fr.libproxy.smith.edu\/journal\/le-courrier-de-l-est\/23-novembre-1890\/2131\/4775348\/3?from=%2Fsearch%23allTerms%3DJacqueline%2520avortement%26sort%3Dscore%26publishedStart%3D1890-11-05%26publishedEnd%3D1890-12-05%26publishedBounds%3Dfrom%26indexedBounds%3Dfrom%26slop%3D670%26advancedUi%3Dtrue%26page%3D1%26searchIn%3Dall%26total%3D7&amp;index=1\">Le Courrier de L&#8217;Est, 23 novembre 1890.<\/a> <a href=\"#a20e5f2c-ad77-4f6e-acfe-7576af690431-link\" aria-label=\"Jump to footnote reference 4\">\u21a9\ufe0e<\/a><\/li><li id=\"921de75b-2008-474f-bbda-cdab348cdaf8\"><a href=\"https:\/\/www-retronews-fr.libproxy.smith.edu\/journal\/la-france-de-bordeaux-et-du-sud-ouest\/21-novembre-1890\/1113\/3679641\/3?from=%2Fsearch%23allTerms%3DJacqueline%2520avortement%26sort%3Dscore%26publishedStart%3D1890-11-05%26publishedEnd%3D1890-12-05%26publishedBounds%3Dfrom%26indexedBounds%3Dfrom%26slop%3D670%26advancedUi%3Dtrue%26page%3D1%26searchIn%3Dall%26total%3D7&amp;index=0\">La France de Bordeaux et du Sud-Ouest, 21 novembre 1890.<\/a> <a href=\"#921de75b-2008-474f-bbda-cdab348cdaf8-link\" aria-label=\"Jump to footnote reference 5\">\u21a9\ufe0e<\/a><\/li><li id=\"0e8adc6d-f4db-4f82-8f39-113d8a5d7d1f\"><a href=\"https:\/\/www-retronews-fr.libproxy.smith.edu\/journal\/le-petit-caporal-1876-1923\/11-novembre-1890\/669\/1616195\/2?from=%2Fsearch%23allTerms%3DSeverine%2520avortement%26sort%3Dscore%26publishedStart%3D1890-11-05%26publishedEnd%3D1890-12-05%26publishedBounds%3Dfrom%26indexedBounds%3Dfrom%26slop%3D670%26advancedUi%3Dtrue%26page%3D1%26searchIn%3Dall%26total%3D12&amp;index=10\">Le Petit Caporal, 11 novembre 1890.<\/a> <a href=\"#0e8adc6d-f4db-4f82-8f39-113d8a5d7d1f-link\" aria-label=\"Jump to footnote reference 6\">\u21a9\ufe0e<\/a><\/li><li id=\"a6705d72-3023-4d6d-801d-5a998e52a586\"><a href=\"https:\/\/www-retronews-fr.libproxy.smith.edu\/journal\/l-ordre-de-paris\/11-novembre-1890\/1157\/4104589\/2?from=%2Fsearch%23allTerms%3DSeverine%2520avortement%26sort%3Dscore%26publishedStart%3D1890-11-05%26publishedEnd%3D1890-12-05%26publishedBounds%3Dfrom%26indexedBounds%3Dfrom%26slop%3D670%26advancedUi%3Dtrue%26page%3D1%26searchIn%3Dall%26total%3D12&amp;index=2\">L&#8217;Ordre de Paris, 11 novembre 1890.<\/a> <a href=\"#a6705d72-3023-4d6d-801d-5a998e52a586-link\" aria-label=\"Jump to footnote reference 7\">\u21a9\ufe0e<\/a><\/li><li id=\"1dfc1c44-ed8e-4a66-8528-a95ae4c881e1\"><a href=\"https:\/\/www-retronews-fr.libproxy.smith.edu\/journal\/l-egalite\/11-novembre-1890\/4060\/5386534\/1?from=%2Fsearch%23allTerms%3DSeverine%2520avortement%26sort%3Dscore%26publishedStart%3D1890-11-05%26publishedEnd%3D1890-12-05%26publishedBounds%3Dfrom%26indexedBounds%3Dfrom%26slop%3D670%26advancedUi%3Dtrue%26page%3D1%26searchIn%3Dall%26total%3D12&amp;index=9\">L&#8217;\u00c9galit\u00e9, 11 novembre 1890.<\/a> <a href=\"#1dfc1c44-ed8e-4a66-8528-a95ae4c881e1-link\" aria-label=\"Jump to footnote reference 8\">\u21a9\ufe0e<\/a><\/li><li id=\"bdc1d23c-b742-4272-a226-16fcbd6db85c\"><a href=\"https:\/\/www-retronews-fr.libproxy.smith.edu\/journal\/le-courrier-du-soir\/14-novembre-1890\/2137\/4404975\/2?from=%2Fsearch%23allTerms%3DSeverine%2520avortement%26sort%3Dscore%26publishedStart%3D1890-11-05%26publishedEnd%3D1890-12-05%26publishedBounds%3Dfrom%26indexedBounds%3Dfrom%26slop%3D670%26advancedUi%3Dtrue%26page%3D1%26searchIn%3Dall%26total%3D12&amp;index=5\">Le Courrier du Soir, 14 novembre 1890.<\/a> <a href=\"#bdc1d23c-b742-4272-a226-16fcbd6db85c-link\" aria-label=\"Jump to footnote reference 9\">\u21a9\ufe0e<\/a><\/li><li id=\"8d1b383d-93a7-4c9c-aac6-f1b64b305d01\"><a href=\"https:\/\/www-retronews-fr.libproxy.smith.edu\/journal\/le-parisien\/15-novembre-1890\/1161\/2910889\/2?from=%2Fsearch%23allTerms%3DSeverine%2520avortement%26sort%3Dscore%26publishedStart%3D1890-11-05%26publishedEnd%3D1890-12-05%26publishedBounds%3Dfrom%26indexedBounds%3Dfrom%26slop%3D670%26advancedUi%3Dtrue%26page%3D1%26searchIn%3Dall%26total%3D12&amp;index=4\">Le Parisien, 15 novembre 1890.<\/a> <a href=\"#8d1b383d-93a7-4c9c-aac6-f1b64b305d01-link\" aria-label=\"Jump to footnote reference 10\">\u21a9\ufe0e<\/a><\/li><li id=\"a3057267-8701-43a9-86bd-bfc0f7fed714\"><a href=\"https:\/\/www-retronews-fr.libproxy.smith.edu\/journal\/la-patrie-1841-1937\/28-novembre-1890\/2935\/4617498\/3?from=%2Fsearch%23allTerms%3DSeverine%2520avortement%26sort%3Dscore%26publishedStart%3D1890-11-05%26publishedEnd%3D1890-12-05%26publishedBounds%3Dfrom%26indexedBounds%3Dfrom%26slop%3D670%26advancedUi%3Dtrue%26page%3D1%26searchIn%3Dall%26total%3D12&amp;index=7\">La Patrie, 28 novembre 1890.<\/a> <a href=\"#a3057267-8701-43a9-86bd-bfc0f7fed714-link\" aria-label=\"Jump to footnote reference 11\">\u21a9\ufe0e<\/a><\/li><li id=\"19e11d27-4f81-468b-b06d-3ff5dbf35b32\"><a href=\"https:\/\/www-retronews-fr.libproxy.smith.edu\/journal\/l-egalite\/5-novembre-1890\/4060\/5386596\/2?from=%2Fsearch%23allTerms%3DSeverine%2520avortement%26sort%3Dscore%26publishedStart%3D1890-11-05%26publishedEnd%3D1890-12-05%26publishedBounds%3Dfrom%26indexedBounds%3Dfrom%26slop%3D670%26advancedUi%3Dtrue%26page%3D1%26searchIn%3Dall%26total%3D12&amp;index=1\">L&#8217;\u00c9galit\u00e9, 5 novembre 1890.<\/a> <a href=\"#19e11d27-4f81-468b-b06d-3ff5dbf35b32-link\" aria-label=\"Jump to footnote reference 12\">\u21a9\ufe0e<\/a><\/li><li id=\"675a8b94-ef79-4974-984b-a7d31881ab73\"><a href=\"https:\/\/www-retronews-fr.libproxy.smith.edu\/journal\/l-esprit-de-la-femme\/16-novembre-1890\/4530\/5623966\/3?from=%2Fsearch%23allTerms%3DSeverine%2520avortement%26sort%3Dscore%26publishedStart%3D1890-11-05%26publishedEnd%3D1890-12-05%26publishedBounds%3Dfrom%26indexedBounds%3Dfrom%26slop%3D670%26advancedUi%3Dtrue%26page%3D1%26searchIn%3Dall%26total%3D12&amp;index=0\">L&#8217;Esprit de la Femme, 16 novembre 1890.<\/a> <a href=\"#675a8b94-ef79-4974-984b-a7d31881ab73-link\" aria-label=\"Jump to footnote reference 13\">\u21a9\ufe0e<\/a><\/li><li id=\"8be2c1e6-6ad9-4324-b220-534e3064e8f6\"><a href=\"https:\/\/www-retronews-fr.libproxy.smith.edu\/journal\/la-souverainete-nationale\/12-novembre-1890\/1203\/2827667\/3?from=%2Fsearch%23allTerms%3DJacqueline%2520avortement%26sort%3Dscore%26publishedStart%3D1890-11-05%26publishedEnd%3D1890-12-05%26publishedBounds%3Dfrom%26indexedBounds%3Dfrom%26slop%3D670%26advancedUi%3Dtrue%26page%3D1%26searchIn%3Dall%26total%3D7&amp;index=3\">La Souverainet\u00e9 Nationale, 12 novembre 1890.<\/a> <a href=\"#8be2c1e6-6ad9-4324-b220-534e3064e8f6-link\" aria-label=\"Jump to footnote reference 14\">\u21a9\ufe0e<\/a><\/li><\/ol>","protected":false},"excerpt":{"rendered":"<p>Le Scandale&nbsp; En 1890, il y avait un scandale o\u00f9 une femme \u00e0 Toulon a se fait avorter. L\u2019histoire a devenu un moment tr\u00e8s grand dans la presse parce que le maire de Toulon et sa ma\u00eetresse (qui \u00e9tait mari\u00e9e avec un lieutenant de vaisseau) \u00e9taient accuses d\u2019avortement. Il \u00e9tait condamn\u00e9 \u00e0 cinq ans de&hellip; <a class=\"more-link\" href=\"https:\/\/sites.smith.edu\/frn372-fa24\/un-avortement-a-toulon-la-reponse-de-severine-et-les-avis-divers-2\/\">Continue reading <span class=\"screen-reader-text\">Un Avortement \u00c0 Toulon : La R\u00e9ponse de S\u00e9verine et Les Avis Divers\u00a0<\/span> <span class=\"meta-nav\" aria-hidden=\"true\">&rarr;<\/span><\/a><\/p>\n","protected":false},"author":5450,"featured_media":0,"comment_status":"closed","ping_status":"closed","sticky":false,"template":"","format":"standard","meta":{"footnotes":"[{\"id\":\"ca4e7674-f950-4988-be29-c2171191b671\",\"content\":\"<a href=\\\"https:\\\/\\\/www-retronews-fr.libproxy.smith.edu\\\/journal\\\/le-petit-journal-supplement-du-dimanche\\\/10-janvier-1891\\\/82\\\/395625\\\/1?from=%2Fsearch%23sort%3Dscore%26publishedStart%3D1891-01-10%26publishedEnd%3D1891-01-10%26publishedBounds%3Dfrom%26indexedBounds%3Dfrom%26tfPublicationsOr%255B0%255D%3DLe%2520Petit%2520Journal.%2520Suppl%25C3%25A9ment%2520du%2520dimanche%26advancedUi%3Dtrue%26page%3D1%26searchIn%3Dall%26total%3D1&amp;index=0\\\">Le Petit Journal, 10 janvier 1891.<\\\/a>\"},{\"id\":\"16e2bd14-49c9-4e11-a889-f3ca78a3582a\",\"content\":\"<a href=\\\"https:\\\/\\\/theses.hal.science\\\/tel-04588731\\\">Lef\\u00e8vre 2023.<\\\/a>\"},{\"id\":\"f2595cff-5f6b-4d45-86b6-097e8aa2c7bf\",\"content\":\"<a href=\\\"https:\\\/\\\/www-retronews-fr.libproxy.smith.edu\\\/societe\\\/grands-articles\\\/2023\\\/02\\\/06\\\/droit-avortement-severine-1890\\\">Gil Blas, 4 novembre 1890.<\\\/a>\"},{\"id\":\"a20e5f2c-ad77-4f6e-acfe-7576af690431\",\"content\":\"<a href=\\\"https:\\\/\\\/www-retronews-fr.libproxy.smith.edu\\\/journal\\\/le-courrier-de-l-est\\\/23-novembre-1890\\\/2131\\\/4775348\\\/3?from=%2Fsearch%23allTerms%3DJacqueline%2520avortement%26sort%3Dscore%26publishedStart%3D1890-11-05%26publishedEnd%3D1890-12-05%26publishedBounds%3Dfrom%26indexedBounds%3Dfrom%26slop%3D670%26advancedUi%3Dtrue%26page%3D1%26searchIn%3Dall%26total%3D7&amp;index=1\\\">Le Courrier de L'Est, 23 novembre 1890.<\\\/a>\"},{\"id\":\"921de75b-2008-474f-bbda-cdab348cdaf8\",\"content\":\"<a href=\\\"https:\\\/\\\/www-retronews-fr.libproxy.smith.edu\\\/journal\\\/la-france-de-bordeaux-et-du-sud-ouest\\\/21-novembre-1890\\\/1113\\\/3679641\\\/3?from=%2Fsearch%23allTerms%3DJacqueline%2520avortement%26sort%3Dscore%26publishedStart%3D1890-11-05%26publishedEnd%3D1890-12-05%26publishedBounds%3Dfrom%26indexedBounds%3Dfrom%26slop%3D670%26advancedUi%3Dtrue%26page%3D1%26searchIn%3Dall%26total%3D7&amp;index=0\\\">La France de Bordeaux et du Sud-Ouest, 21 novembre 1890.<\\\/a>\"},{\"id\":\"0e8adc6d-f4db-4f82-8f39-113d8a5d7d1f\",\"content\":\"<a href=\\\"https:\\\/\\\/www-retronews-fr.libproxy.smith.edu\\\/journal\\\/le-petit-caporal-1876-1923\\\/11-novembre-1890\\\/669\\\/1616195\\\/2?from=%2Fsearch%23allTerms%3DSeverine%2520avortement%26sort%3Dscore%26publishedStart%3D1890-11-05%26publishedEnd%3D1890-12-05%26publishedBounds%3Dfrom%26indexedBounds%3Dfrom%26slop%3D670%26advancedUi%3Dtrue%26page%3D1%26searchIn%3Dall%26total%3D12&amp;index=10\\\">Le Petit Caporal, 11 novembre 1890.<\\\/a>\"},{\"id\":\"a6705d72-3023-4d6d-801d-5a998e52a586\",\"content\":\"<a href=\\\"https:\\\/\\\/www-retronews-fr.libproxy.smith.edu\\\/journal\\\/l-ordre-de-paris\\\/11-novembre-1890\\\/1157\\\/4104589\\\/2?from=%2Fsearch%23allTerms%3DSeverine%2520avortement%26sort%3Dscore%26publishedStart%3D1890-11-05%26publishedEnd%3D1890-12-05%26publishedBounds%3Dfrom%26indexedBounds%3Dfrom%26slop%3D670%26advancedUi%3Dtrue%26page%3D1%26searchIn%3Dall%26total%3D12&amp;index=2\\\">L'Ordre de Paris, 11 novembre 1890.<\\\/a>\"},{\"id\":\"1dfc1c44-ed8e-4a66-8528-a95ae4c881e1\",\"content\":\"<a href=\\\"https:\\\/\\\/www-retronews-fr.libproxy.smith.edu\\\/journal\\\/l-egalite\\\/11-novembre-1890\\\/4060\\\/5386534\\\/1?from=%2Fsearch%23allTerms%3DSeverine%2520avortement%26sort%3Dscore%26publishedStart%3D1890-11-05%26publishedEnd%3D1890-12-05%26publishedBounds%3Dfrom%26indexedBounds%3Dfrom%26slop%3D670%26advancedUi%3Dtrue%26page%3D1%26searchIn%3Dall%26total%3D12&amp;index=9\\\">L'\\u00c9galit\\u00e9, 11 novembre 1890.<\\\/a>\"},{\"id\":\"bdc1d23c-b742-4272-a226-16fcbd6db85c\",\"content\":\"<a href=\\\"https:\\\/\\\/www-retronews-fr.libproxy.smith.edu\\\/journal\\\/le-courrier-du-soir\\\/14-novembre-1890\\\/2137\\\/4404975\\\/2?from=%2Fsearch%23allTerms%3DSeverine%2520avortement%26sort%3Dscore%26publishedStart%3D1890-11-05%26publishedEnd%3D1890-12-05%26publishedBounds%3Dfrom%26indexedBounds%3Dfrom%26slop%3D670%26advancedUi%3Dtrue%26page%3D1%26searchIn%3Dall%26total%3D12&amp;index=5\\\">Le Courrier du Soir, 14 novembre 1890.<\\\/a>\"},{\"id\":\"8d1b383d-93a7-4c9c-aac6-f1b64b305d01\",\"content\":\"<a href=\\\"https:\\\/\\\/www-retronews-fr.libproxy.smith.edu\\\/journal\\\/le-parisien\\\/15-novembre-1890\\\/1161\\\/2910889\\\/2?from=%2Fsearch%23allTerms%3DSeverine%2520avortement%26sort%3Dscore%26publishedStart%3D1890-11-05%26publishedEnd%3D1890-12-05%26publishedBounds%3Dfrom%26indexedBounds%3Dfrom%26slop%3D670%26advancedUi%3Dtrue%26page%3D1%26searchIn%3Dall%26total%3D12&amp;index=4\\\">Le Parisien, 15 novembre 1890.<\\\/a>\"},{\"id\":\"a3057267-8701-43a9-86bd-bfc0f7fed714\",\"content\":\"<a href=\\\"https:\\\/\\\/www-retronews-fr.libproxy.smith.edu\\\/journal\\\/la-patrie-1841-1937\\\/28-novembre-1890\\\/2935\\\/4617498\\\/3?from=%2Fsearch%23allTerms%3DSeverine%2520avortement%26sort%3Dscore%26publishedStart%3D1890-11-05%26publishedEnd%3D1890-12-05%26publishedBounds%3Dfrom%26indexedBounds%3Dfrom%26slop%3D670%26advancedUi%3Dtrue%26page%3D1%26searchIn%3Dall%26total%3D12&amp;index=7\\\">La Patrie, 28 novembre 1890.<\\\/a>\"},{\"id\":\"19e11d27-4f81-468b-b06d-3ff5dbf35b32\",\"content\":\"<a href=\\\"https:\\\/\\\/www-retronews-fr.libproxy.smith.edu\\\/journal\\\/l-egalite\\\/5-novembre-1890\\\/4060\\\/5386596\\\/2?from=%2Fsearch%23allTerms%3DSeverine%2520avortement%26sort%3Dscore%26publishedStart%3D1890-11-05%26publishedEnd%3D1890-12-05%26publishedBounds%3Dfrom%26indexedBounds%3Dfrom%26slop%3D670%26advancedUi%3Dtrue%26page%3D1%26searchIn%3Dall%26total%3D12&amp;index=1\\\">L'\\u00c9galit\\u00e9, 5 novembre 1890.<\\\/a>\"},{\"id\":\"675a8b94-ef79-4974-984b-a7d31881ab73\",\"content\":\"<a href=\\\"https:\\\/\\\/www-retronews-fr.libproxy.smith.edu\\\/journal\\\/l-esprit-de-la-femme\\\/16-novembre-1890\\\/4530\\\/5623966\\\/3?from=%2Fsearch%23allTerms%3DSeverine%2520avortement%26sort%3Dscore%26publishedStart%3D1890-11-05%26publishedEnd%3D1890-12-05%26publishedBounds%3Dfrom%26indexedBounds%3Dfrom%26slop%3D670%26advancedUi%3Dtrue%26page%3D1%26searchIn%3Dall%26total%3D12&amp;index=0\\\">L'Esprit de la Femme, 16 novembre 1890.<\\\/a>\"},{\"id\":\"8be2c1e6-6ad9-4324-b220-534e3064e8f6\",\"content\":\"<a href=\\\"https:\\\/\\\/www-retronews-fr.libproxy.smith.edu\\\/journal\\\/la-souverainete-nationale\\\/12-novembre-1890\\\/1203\\\/2827667\\\/3?from=%2Fsearch%23allTerms%3DJacqueline%2520avortement%26sort%3Dscore%26publishedStart%3D1890-11-05%26publishedEnd%3D1890-12-05%26publishedBounds%3Dfrom%26indexedBounds%3Dfrom%26slop%3D670%26advancedUi%3Dtrue%26page%3D1%26searchIn%3Dall%26total%3D7&amp;index=3\\\">La Souverainet\\u00e9 Nationale, 12 novembre 1890.<\\\/a>\"}]"},"categories":[14],"tags":[],"class_list":["post-3801","post","type-post","status-publish","format-standard","hentry","category-projet-final"],"_links":{"self":[{"href":"https:\/\/sites.smith.edu\/frn372-fa24\/wp-json\/wp\/v2\/posts\/3801","targetHints":{"allow":["GET"]}}],"collection":[{"href":"https:\/\/sites.smith.edu\/frn372-fa24\/wp-json\/wp\/v2\/posts"}],"about":[{"href":"https:\/\/sites.smith.edu\/frn372-fa24\/wp-json\/wp\/v2\/types\/post"}],"author":[{"embeddable":true,"href":"https:\/\/sites.smith.edu\/frn372-fa24\/wp-json\/wp\/v2\/users\/5450"}],"replies":[{"embeddable":true,"href":"https:\/\/sites.smith.edu\/frn372-fa24\/wp-json\/wp\/v2\/comments?post=3801"}],"version-history":[{"count":7,"href":"https:\/\/sites.smith.edu\/frn372-fa24\/wp-json\/wp\/v2\/posts\/3801\/revisions"}],"predecessor-version":[{"id":3951,"href":"https:\/\/sites.smith.edu\/frn372-fa24\/wp-json\/wp\/v2\/posts\/3801\/revisions\/3951"}],"wp:attachment":[{"href":"https:\/\/sites.smith.edu\/frn372-fa24\/wp-json\/wp\/v2\/media?parent=3801"}],"wp:term":[{"taxonomy":"category","embeddable":true,"href":"https:\/\/sites.smith.edu\/frn372-fa24\/wp-json\/wp\/v2\/categories?post=3801"},{"taxonomy":"post_tag","embeddable":true,"href":"https:\/\/sites.smith.edu\/frn372-fa24\/wp-json\/wp\/v2\/tags?post=3801"}],"curies":[{"name":"wp","href":"https:\/\/api.w.org\/{rel}","templated":true}]}}