{"id":3900,"date":"2024-12-09T11:37:42","date_gmt":"2024-12-09T16:37:42","guid":{"rendered":"https:\/\/sites.smith.edu\/frn372-fa24\/?p=3900"},"modified":"2024-12-09T11:37:42","modified_gmt":"2024-12-09T16:37:42","slug":"la-voix-des-sans-voix-severine-et-les-mineurs","status":"publish","type":"post","link":"https:\/\/sites.smith.edu\/frn372-fa24\/la-voix-des-sans-voix-severine-et-les-mineurs\/","title":{"rendered":"La voix des sans voix: S\u00e9v\u00e9rine et les mineurs"},"content":{"rendered":"\n<div class=\"wp-block-group is-nowrap is-layout-flex wp-container-core-group-is-layout-ad2f72ca wp-block-group-is-layout-flex\">\n<figure class=\"wp-block-image size-large is-resized\"><img loading=\"lazy\" decoding=\"async\" width=\"758\" height=\"1024\" src=\"https:\/\/sites.smith.edu\/frn372-fa24\/wp-content\/uploads\/sites\/1111\/2024\/12\/Mlle_Severine_Ecrivain___photographie_.Atelier_Nadar_btv1b532051538_1-758x1024.jpeg\" alt=\"\" class=\"wp-image-3912\" style=\"width:330px;height:auto\" srcset=\"https:\/\/sites.smith.edu\/frn372-fa24\/wp-content\/uploads\/sites\/1111\/2024\/12\/Mlle_Severine_Ecrivain___photographie_.Atelier_Nadar_btv1b532051538_1-758x1024.jpeg 758w, https:\/\/sites.smith.edu\/frn372-fa24\/wp-content\/uploads\/sites\/1111\/2024\/12\/Mlle_Severine_Ecrivain___photographie_.Atelier_Nadar_btv1b532051538_1-222x300.jpeg 222w, https:\/\/sites.smith.edu\/frn372-fa24\/wp-content\/uploads\/sites\/1111\/2024\/12\/Mlle_Severine_Ecrivain___photographie_.Atelier_Nadar_btv1b532051538_1-768x1038.jpeg 768w, https:\/\/sites.smith.edu\/frn372-fa24\/wp-content\/uploads\/sites\/1111\/2024\/12\/Mlle_Severine_Ecrivain___photographie_.Atelier_Nadar_btv1b532051538_1.jpeg 1024w\" sizes=\"auto, (max-width: 758px) 100vw, 758px\" \/><\/figure>\n\n\n\n<figure class=\"wp-block-image size-large is-resized\"><img loading=\"lazy\" decoding=\"async\" width=\"1024\" height=\"767\" src=\"https:\/\/sites.smith.edu\/frn372-fa24\/wp-content\/uploads\/sites\/1111\/2024\/12\/Coup_de_grisou_aux_mines_.Agence_de_btv1b9021117s_1-1024x767.jpeg\" alt=\"\" class=\"wp-image-3913\" style=\"width:562px;height:auto\" srcset=\"https:\/\/sites.smith.edu\/frn372-fa24\/wp-content\/uploads\/sites\/1111\/2024\/12\/Coup_de_grisou_aux_mines_.Agence_de_btv1b9021117s_1-1024x767.jpeg 1024w, https:\/\/sites.smith.edu\/frn372-fa24\/wp-content\/uploads\/sites\/1111\/2024\/12\/Coup_de_grisou_aux_mines_.Agence_de_btv1b9021117s_1-300x225.jpeg 300w, https:\/\/sites.smith.edu\/frn372-fa24\/wp-content\/uploads\/sites\/1111\/2024\/12\/Coup_de_grisou_aux_mines_.Agence_de_btv1b9021117s_1-768x575.jpeg 768w, https:\/\/sites.smith.edu\/frn372-fa24\/wp-content\/uploads\/sites\/1111\/2024\/12\/Coup_de_grisou_aux_mines_.Agence_de_btv1b9021117s_1.jpeg 1407w\" sizes=\"auto, (max-width: 1024px) 100vw, 1024px\" \/><\/figure>\n<\/div>\n\n\n\n<div class=\"h5p-content\" data-content-id=\"161\"><\/div>\n\n\n\n<h4 class=\"wp-block-heading\"><strong>Extraits et Sources<\/strong><\/h4>\n\n\n\n<ul class=\"wp-block-list\">\n<li>4 Articles originaux de S\u00e9v\u00e9rine publi\u00e9s dans <em>L\u2019\u00c9clair<\/em> en d\u00e9cembre 1891 sur la catastrophe de la mine \u00e0 Saint-\u00c9tienne.<\/li>\n\n\n\n<li>Articles contemporains consult\u00e9s via RetroNews, analysant la couverture m\u00e9diatique du drame et les r\u00e9actions aux \u00e9crits de S\u00e9v\u00e9rine. <\/li>\n<\/ul>\n\n\n\n<h4 class=\"wp-block-heading\"><strong>R\u00e9sum\u00e9 des Points Cl\u00e9s <\/strong>que portera mon analyse:<\/h4>\n\n\n\n<ul class=\"wp-block-list\">\n<li><strong>S\u00e9v\u00e9rine : une approche narrative et engag\u00e9e :<\/strong>\n<ul class=\"wp-block-list\">\n<li>S\u00e9v\u00e9rine humanise les victimes et donne une voix aux mineurs et leurs familles.<\/li>\n\n\n\n<li>Son style narratif m\u00eale descriptions poignantes et d\u00e9nonciation implicite des in\u00e9galit\u00e9s sociales.<\/li>\n<\/ul>\n<\/li>\n\n\n\n<li><strong>Un contraste avec la presse de l\u2019\u00e9poque :<\/strong>\n<ul class=\"wp-block-list\">\n<li>L\u00e0 o\u00f9 de nombreux articles contemporains se contentaient de rapporter des faits techniques (nombre de morts, causes de l\u2019effondrement), S\u00e9v\u00e9rine offre une lecture socio-politique qui interpelle les lecteurs.<\/li>\n\n\n\n<li>Cela la distingue comme une pionni\u00e8re du journalisme engag\u00e9, particuli\u00e8rement dans le traitement des questions ouvri\u00e8res.<\/li>\n<\/ul>\n<\/li>\n\n\n\n<li><strong>Impact et r\u00e9actions :<\/strong>\n<ul class=\"wp-block-list\">\n<li>Ses articles ont provoqu\u00e9 des d\u00e9bats intenses dans la presse, entre critiques et soutien.<\/li>\n\n\n\n<li>Ils ont \u00e9galement attir\u00e9 l\u2019attention sur les conditions de travail des mineurs, contribuant \u00e0 alimenter les discussions sur les r\u00e9formes sociales et politiques \u00e0 une \u00e9poque de lutte pour les droits des ouvriers.<\/li>\n<\/ul>\n<\/li>\n<\/ul>\n\n\n\n<h4 class=\"wp-block-heading\"><strong>Conclusions Provisoires :<\/strong><\/h4>\n\n\n\n<ul class=\"wp-block-list\">\n<li>S\u00e9v\u00e9rine illustre le pouvoir du journalisme engag\u00e9 pour influencer l\u2019opinion publique et les d\u00e9bats politiques.<\/li>\n\n\n\n<li>Son style innovant et sa voix unique restent des exemples frappants de l\u2019impact que peut avoir une plume engag\u00e9e dans la d\u00e9nonciation des in\u00e9galit\u00e9s sociales.<\/li>\n<\/ul>\n","protected":false},"excerpt":{"rendered":"<p>Extraits et Sources R\u00e9sum\u00e9 des Points Cl\u00e9s que portera mon analyse: Conclusions Provisoires :<\/p>\n","protected":false},"author":5749,"featured_media":0,"comment_status":"closed","ping_status":"closed","sticky":false,"template":"","format":"standard","meta":{"footnotes":""},"categories":[51,1],"tags":[],"class_list":["post-3900","post","type-post","status-publish","format-standard","hentry","category-presentation","category-uncategorized"],"_links":{"self":[{"href":"https:\/\/sites.smith.edu\/frn372-fa24\/wp-json\/wp\/v2\/posts\/3900","targetHints":{"allow":["GET"]}}],"collection":[{"href":"https:\/\/sites.smith.edu\/frn372-fa24\/wp-json\/wp\/v2\/posts"}],"about":[{"href":"https:\/\/sites.smith.edu\/frn372-fa24\/wp-json\/wp\/v2\/types\/post"}],"author":[{"embeddable":true,"href":"https:\/\/sites.smith.edu\/frn372-fa24\/wp-json\/wp\/v2\/users\/5749"}],"replies":[{"embeddable":true,"href":"https:\/\/sites.smith.edu\/frn372-fa24\/wp-json\/wp\/v2\/comments?post=3900"}],"version-history":[{"count":6,"href":"https:\/\/sites.smith.edu\/frn372-fa24\/wp-json\/wp\/v2\/posts\/3900\/revisions"}],"predecessor-version":[{"id":3918,"href":"https:\/\/sites.smith.edu\/frn372-fa24\/wp-json\/wp\/v2\/posts\/3900\/revisions\/3918"}],"wp:attachment":[{"href":"https:\/\/sites.smith.edu\/frn372-fa24\/wp-json\/wp\/v2\/media?parent=3900"}],"wp:term":[{"taxonomy":"category","embeddable":true,"href":"https:\/\/sites.smith.edu\/frn372-fa24\/wp-json\/wp\/v2\/categories?post=3900"},{"taxonomy":"post_tag","embeddable":true,"href":"https:\/\/sites.smith.edu\/frn372-fa24\/wp-json\/wp\/v2\/tags?post=3900"}],"curies":[{"name":"wp","href":"https:\/\/api.w.org\/{rel}","templated":true}]}}