{"id":3969,"date":"2024-12-16T20:55:26","date_gmt":"2024-12-17T01:55:26","guid":{"rendered":"https:\/\/sites.smith.edu\/frn372-fa24\/?p=3969"},"modified":"2025-01-05T15:02:53","modified_gmt":"2025-01-05T20:02:53","slug":"les-femmes-modernes-a-la-belle-epoque-la-presse","status":"publish","type":"post","link":"https:\/\/sites.smith.edu\/frn372-fa24\/les-femmes-modernes-a-la-belle-epoque-la-presse\/","title":{"rendered":"Les Femmes Modernes \u00e0 la Belle \u00c9poque : La Presse"},"content":{"rendered":"\n<h2 class=\"wp-block-heading\">La Belle \u00c9poque<\/h2>\n\n\n\n<p class=\"has-text-align-left\">La Belle \u00c9poque est une p\u00e9riode de la fin du XIXe si\u00e8cle, qui se situe g\u00e9n\u00e9ralement entre la fin de la guerre franco-prussienne en 1871 et le d\u00e9clenchement de la Premi\u00e8re Guerre mondiale en 1914. Mais en France, on pensait d&#8217;ailleurs que cette p\u00e9riode \u00e9tait ont commenc\u00e9 vers le milieu ou la fin des ann\u00e9es 1880 en raison des troubles politiques et des problemes \u00e9conomiques successives pendant les ann\u00e9es 70 et 80. La p\u00e9riode est caract\u00e9ris\u00e9e par la prosp\u00e9rit\u00e9 \u00e9conomique, des progr\u00e8s culturels et artistiques importants, l&#8217;innovation technologique et aussi un sentiment de paix relative \u00e0 travers le continent europ\u00e9en. Cette p\u00e9riode \u00e9tait consid\u00e9r\u00e9e comme un &#8220;\u00e2ge d\u2019or&#8221; par rapport aux ann\u00e9es de guerre suivantes.<\/p>\n\n\n\n<figure class=\"wp-block-image size-full is-resized\"><img loading=\"lazy\" decoding=\"async\" width=\"710\" height=\"551\" src=\"https:\/\/sites.smith.edu\/frn372-fa24\/wp-content\/uploads\/sites\/1111\/2024\/12\/1024px-Camille_Pissarro_-_Boulevard_Montmartre_-_Eremitage.jpg\" alt=\"\" class=\"wp-image-3976\" style=\"width:581px;height:auto\" srcset=\"https:\/\/sites.smith.edu\/frn372-fa24\/wp-content\/uploads\/sites\/1111\/2024\/12\/1024px-Camille_Pissarro_-_Boulevard_Montmartre_-_Eremitage.jpg 710w, https:\/\/sites.smith.edu\/frn372-fa24\/wp-content\/uploads\/sites\/1111\/2024\/12\/1024px-Camille_Pissarro_-_Boulevard_Montmartre_-_Eremitage-300x233.jpg 300w\" sizes=\"auto, (max-width: 710px) 100vw, 710px\" \/><figcaption class=\"wp-element-caption\"><a href=\"https:\/\/www.metmuseum.org\/art\/collection\/search\/437310\" data-type=\"link\" data-id=\"https:\/\/www.metmuseum.org\/art\/collection\/search\/437310\">Le Boulevard Montmartre, 1897, par Camille Pissarro<\/a><\/figcaption><\/figure>\n\n\n\n<figure class=\"wp-block-image size-large is-resized\"><img loading=\"lazy\" decoding=\"async\" width=\"1024\" height=\"807\" src=\"https:\/\/sites.smith.edu\/frn372-fa24\/wp-content\/uploads\/sites\/1111\/2024\/12\/Screen-Shot-2024-12-15-at-11.06.18-PM-1024x807.png\" alt=\"\" class=\"wp-image-4070\" style=\"width:531px;height:auto\" srcset=\"https:\/\/sites.smith.edu\/frn372-fa24\/wp-content\/uploads\/sites\/1111\/2024\/12\/Screen-Shot-2024-12-15-at-11.06.18-PM-1024x807.png 1024w, https:\/\/sites.smith.edu\/frn372-fa24\/wp-content\/uploads\/sites\/1111\/2024\/12\/Screen-Shot-2024-12-15-at-11.06.18-PM-300x236.png 300w, https:\/\/sites.smith.edu\/frn372-fa24\/wp-content\/uploads\/sites\/1111\/2024\/12\/Screen-Shot-2024-12-15-at-11.06.18-PM-768x605.png 768w, https:\/\/sites.smith.edu\/frn372-fa24\/wp-content\/uploads\/sites\/1111\/2024\/12\/Screen-Shot-2024-12-15-at-11.06.18-PM.png 1366w\" sizes=\"auto, (max-width: 1024px) 100vw, 1024px\" \/><figcaption class=\"wp-element-caption\"><a href=\"https:\/\/www.christies.com\/lot\/lot-6199655\/?intObjectID=6199655\"><em>Marchand de fleurs, la rue du Havre, Paris<\/em> par Louis Marie De Schryver (France, 1893)<\/a><\/figcaption><\/figure>\n\n\n\n<p><\/p>\n\n\n\n<p>La Belle \u00c9poque a \u00e9t\u00e9 une \u00e9poque de grands changements et d\u2019expansion pour les publications quotidiennes d\u2019information et la publicit\u00e9. Il y a eu un grand \u00e9panouissement artistique et litt\u00e9raire, notamment avec la mont\u00e9e de l&#8217;impressionnisme et de l&#8217;art moderne. La p\u00e9riode est marqu\u00e9e par des \u00e9v\u00e9nements marquants comme la construction de la Tour Eiffel, du m\u00e9tro de Paris et de l&#8217;Op\u00e9ra de Paris.<\/p>\n\n\n\n<p><\/p>\n\n\n\n<figure class=\"wp-block-image size-large is-resized\"><img loading=\"lazy\" decoding=\"async\" width=\"637\" height=\"1024\" src=\"https:\/\/sites.smith.edu\/frn372-fa24\/wp-content\/uploads\/sites\/1111\/2024\/12\/main-image-637x1024.jpg\" alt=\"\" class=\"wp-image-3972\" style=\"width:277px;height:auto\" srcset=\"https:\/\/sites.smith.edu\/frn372-fa24\/wp-content\/uploads\/sites\/1111\/2024\/12\/main-image-637x1024.jpg 637w, https:\/\/sites.smith.edu\/frn372-fa24\/wp-content\/uploads\/sites\/1111\/2024\/12\/main-image-187x300.jpg 187w, https:\/\/sites.smith.edu\/frn372-fa24\/wp-content\/uploads\/sites\/1111\/2024\/12\/main-image.jpg 746w\" sizes=\"auto, (max-width: 637px) 100vw, 637px\" \/><figcaption class=\"wp-element-caption\"><a href=\"https:\/\/www.metmuseum.org\/art\/collection\/search\/333990\" data-type=\"link\" data-id=\"https:\/\/www.metmuseum.org\/art\/collection\/search\/333990\"><em>Moulin Rouge: La Goulue<\/em>, un affiche par<em> <\/em>Henri de Toulouse-Lautrec<\/a><\/figcaption><\/figure>\n\n\n\n<figure class=\"wp-block-image size-full is-resized\"><img loading=\"lazy\" decoding=\"async\" width=\"646\" height=\"889\" src=\"https:\/\/sites.smith.edu\/frn372-fa24\/wp-content\/uploads\/sites\/1111\/2024\/12\/eiffel-tower-poster.jpg\" alt=\"\" class=\"wp-image-3973\" style=\"width:272px;height:auto\" srcset=\"https:\/\/sites.smith.edu\/frn372-fa24\/wp-content\/uploads\/sites\/1111\/2024\/12\/eiffel-tower-poster.jpg 646w, https:\/\/sites.smith.edu\/frn372-fa24\/wp-content\/uploads\/sites\/1111\/2024\/12\/eiffel-tower-poster-218x300.jpg 218w\" sizes=\"auto, (max-width: 646px) 100vw, 646px\" \/><figcaption class=\"wp-element-caption\"><a href=\"https:\/\/www.huffpost.com\/entry\/eiffel-tower-opens-paris-exposition-universelle-of-1889-photos_n_3222363\" data-type=\"link\" data-id=\"https:\/\/www.huffpost.com\/entry\/eiffel-tower-opens-paris-exposition-universelle-of-1889-photos_n_3222363\">Affiche pour l&#8217;exposition de la tour Eiffel<\/a> (1889)<\/figcaption><\/figure>\n\n\n\n<figure class=\"wp-block-image size-large is-resized\"><img loading=\"lazy\" decoding=\"async\" width=\"721\" height=\"1024\" src=\"https:\/\/sites.smith.edu\/frn372-fa24\/wp-content\/uploads\/sites\/1111\/2024\/12\/Grand_globe_celeste_Exposition_Universelle_._btv1b9016679w-721x1024.jpg\" alt=\"\" class=\"wp-image-4071\" style=\"width:379px;height:auto\" srcset=\"https:\/\/sites.smith.edu\/frn372-fa24\/wp-content\/uploads\/sites\/1111\/2024\/12\/Grand_globe_celeste_Exposition_Universelle_._btv1b9016679w-721x1024.jpg 721w, https:\/\/sites.smith.edu\/frn372-fa24\/wp-content\/uploads\/sites\/1111\/2024\/12\/Grand_globe_celeste_Exposition_Universelle_._btv1b9016679w-211x300.jpg 211w, https:\/\/sites.smith.edu\/frn372-fa24\/wp-content\/uploads\/sites\/1111\/2024\/12\/Grand_globe_celeste_Exposition_Universelle_._btv1b9016679w-768x1091.jpg 768w, https:\/\/sites.smith.edu\/frn372-fa24\/wp-content\/uploads\/sites\/1111\/2024\/12\/Grand_globe_celeste_Exposition_Universelle_._btv1b9016679w.jpg 1024w\" sizes=\"auto, (max-width: 721px) 100vw, 721px\" \/><figcaption class=\"wp-element-caption\"><a href=\"https:\/\/gallica.bnf.fr\/ark:\/12148\/btv1b9016679w.r=exposition+universelle+1900.langEN\" data-type=\"link\" data-id=\"https:\/\/gallica.bnf.fr\/ark:\/12148\/btv1b9016679w.r=exposition+universelle+1900.langEN\">Grand globe c\u00e9leste. Exposition Universelle de 1900<\/a><\/figcaption><\/figure>\n\n\n\n<p><\/p>\n\n\n\n<h2 class=\"wp-block-heading\">\u00c9v\u00e9nements Notables de la Belle \u00c9poque<\/h2>\n\n\n\n<p>        Les \u00e9v\u00e9nements \u00e9num\u00e9r\u00e9s ci-dessous se sont produits entre 1871 &#8211; 1914 et sont soit fran\u00e7ais, soit &#8220;adjacents \u00e0 la France&#8221; (pertinents pour la France).<\/p>\n\n\n\n<ul class=\"wp-block-list\">\n<li>1871: La Commune de Paris<\/li>\n\n\n\n<li>1877: La reine Victoria est proclam\u00e9e imp\u00e9ratrice des Indes <\/li>\n\n\n\n<li>1881: Libert\u00e9 de la presse <\/li>\n\n\n\n<li>1883: La campagne du Tonkin; pour occuper le nord du Vietnam.<\/li>\n\n\n\n<li>1884: Les lois Naquet<\/li>\n\n\n\n<li>1885: Louis Pasteur et \u00c9mile Roux d\u00e9veloppent le vaccin contre la rage<\/li>\n\n\n\n<li>1886: La campagne du Tonkin se termine par une victoire fran\u00e7aise.<\/li>\n\n\n\n<li>1887: L&#8217;Indochine fran\u00e7aise est \u00e9tablie.<\/li>\n\n\n\n<li>1889: La tour Eiffel est achev\u00e9e \u00e0 Paris pour l&#8217;Exposition Universelle de Paris de 1889.<\/li>\n\n\n\n<li>1893: La guerre franco-siamoise; l&#8217;annexion du Laos actuel \u00e0 l&#8217;Indochine fran\u00e7aise.<\/li>\n\n\n\n<li>1894: L&#8217;affaire Dreyfus commence.<\/li>\n\n\n\n<li>1898: La guerre hispano-am\u00e9ricaine, se terminant par le trait\u00e9 de Paris.<\/li>\n\n\n\n<li>1900: L&#8217;Exposition Universelle de Paris<\/li>\n\n\n\n<li>1903: The first Tour de France is held <\/li>\n\n\n\n<li>1906: La r\u00e9solution de l&#8217;affaire Dreyfus<\/li>\n\n\n\n<li>1910: Crue de la Seine.<\/li>\n\n\n\n<li>1914: L&#8217;archiduc Ferdinand d&#8217;Autriche est assassin\u00e9s, d\u00e9clenchant la Premi\u00e8re Guerre mondiale.<\/li>\n<\/ul>\n\n\n\n<h2 class=\"wp-block-heading\">Belle \u00c9poque et La Presse F\u00e9minine<\/h2>\n\n\n\n<figure class=\"wp-block-image size-large is-resized\"><img loading=\"lazy\" decoding=\"async\" width=\"687\" height=\"1024\" src=\"https:\/\/sites.smith.edu\/frn372-fa24\/wp-content\/uploads\/sites\/1111\/2024\/12\/Palais_de_lIndustrie_aout-novembre_1892_.Forain_Jean-Louis_btv1b9012003f-687x1024.jpg\" alt=\"\" class=\"wp-image-3979\" style=\"width:399px;height:auto\" srcset=\"https:\/\/sites.smith.edu\/frn372-fa24\/wp-content\/uploads\/sites\/1111\/2024\/12\/Palais_de_lIndustrie_aout-novembre_1892_.Forain_Jean-Louis_btv1b9012003f-687x1024.jpg 687w, https:\/\/sites.smith.edu\/frn372-fa24\/wp-content\/uploads\/sites\/1111\/2024\/12\/Palais_de_lIndustrie_aout-novembre_1892_.Forain_Jean-Louis_btv1b9012003f-201x300.jpg 201w, https:\/\/sites.smith.edu\/frn372-fa24\/wp-content\/uploads\/sites\/1111\/2024\/12\/Palais_de_lIndustrie_aout-novembre_1892_.Forain_Jean-Louis_btv1b9012003f-768x1145.jpg 768w, https:\/\/sites.smith.edu\/frn372-fa24\/wp-content\/uploads\/sites\/1111\/2024\/12\/Palais_de_lIndustrie_aout-novembre_1892_.Forain_Jean-Louis_btv1b9012003f.jpg 1024w\" sizes=\"auto, (max-width: 687px) 100vw, 687px\" \/><figcaption class=\"wp-element-caption\"><a href=\"https:\/\/gallica.bnf.fr\/ark:\/12148\/btv1b9012003f.r=femme%20femme?rk=21459;2#\" data-type=\"link\" data-id=\"https:\/\/gallica.bnf.fr\/ark:\/12148\/btv1b9012003f.r=femme%20femme?rk=21459;2#\">Palais de l&#8217;Industrie, ao\u00fbt-novembre [1892] &#8211; Exposition des Arts f\u00e9minins &#8211; La Parisienne du Si\u00e8cle. Affiche de Jean-Louis Forain<\/a><\/figcaption><\/figure>\n\n\n\n<p>\u00c0 la Belle \u00c9poque, les publications grand public ont commenc\u00e9 \u00e0 d\u00e9crire les femmes comme des personnes capables. Cela a contribu\u00e9 \u00e0 commencer \u00e0 normaliser l\u2019id\u00e9e de l\u2019\u00e9galit\u00e9 intellectuelle des femmes avec les hommes. Les femmes se sont davantage impliqu\u00e9es dans des domaines tels que les arts, la litt\u00e9rature et la mode. Les femmes ont jou\u00e9 un r\u00f4le essentiel dans l\u2019\u00e9laboration du paysage culturel.<\/p>\n\n\n\n<figure class=\"wp-block-image size-full is-resized\"><img loading=\"lazy\" decoding=\"async\" width=\"710\" height=\"448\" src=\"https:\/\/sites.smith.edu\/frn372-fa24\/wp-content\/uploads\/sites\/1111\/2024\/12\/1280px-Ladies_safety_bicycles1889.jpg\" alt=\"\" class=\"wp-image-3977\" style=\"width:537px;height:auto\" srcset=\"https:\/\/sites.smith.edu\/frn372-fa24\/wp-content\/uploads\/sites\/1111\/2024\/12\/1280px-Ladies_safety_bicycles1889.jpg 710w, https:\/\/sites.smith.edu\/frn372-fa24\/wp-content\/uploads\/sites\/1111\/2024\/12\/1280px-Ladies_safety_bicycles1889-300x189.jpg 300w\" sizes=\"auto, (max-width: 710px) 100vw, 710px\" \/><figcaption class=\"wp-element-caption\"><a href=\"https:\/\/www.mayfairgallery.com\/blog\/belle-epoque-guide-age-beauty\/\" data-type=\"link\" data-id=\"https:\/\/www.mayfairgallery.com\/blog\/belle-epoque-guide-age-beauty\/\">V\u00e9lo de s\u00e9curit\u00e9 pour dames de 1889 &#8211; dot\u00e9 d&#8217;un cadre d\u00e9coup\u00e9 pour accueillir des robes longues et d&#8217;une cha\u00eene m\u00e9canique<\/a><\/figcaption><\/figure>\n\n\n\n<figure class=\"wp-block-image size-large is-resized\"><img loading=\"lazy\" decoding=\"async\" width=\"714\" height=\"1024\" src=\"https:\/\/sites.smith.edu\/frn372-fa24\/wp-content\/uploads\/sites\/1111\/2024\/12\/main-image-1-714x1024.jpg\" alt=\"\" class=\"wp-image-4073\" style=\"width:414px;height:auto\" srcset=\"https:\/\/sites.smith.edu\/frn372-fa24\/wp-content\/uploads\/sites\/1111\/2024\/12\/main-image-1-714x1024.jpg 714w, https:\/\/sites.smith.edu\/frn372-fa24\/wp-content\/uploads\/sites\/1111\/2024\/12\/main-image-1-209x300.jpg 209w, https:\/\/sites.smith.edu\/frn372-fa24\/wp-content\/uploads\/sites\/1111\/2024\/12\/main-image-1-768x1101.jpg 768w, https:\/\/sites.smith.edu\/frn372-fa24\/wp-content\/uploads\/sites\/1111\/2024\/12\/main-image-1.jpg 837w\" sizes=\"auto, (max-width: 714px) 100vw, 714px\" \/><figcaption class=\"wp-element-caption\"><a href=\"https:\/\/www.metmuseum.org\/art\/collection\/search\/399310\" data-type=\"link\" data-id=\"https:\/\/www.metmuseum.org\/art\/collection\/search\/399310\">Une dame en costume de chasse avec une dame en costume de marche sur un chemin de montagne de <em>La Mode Illustr\u00e9e<\/em>, (Ad\u00e8le-Ana\u00efs Toudouze, 1881)<\/a><\/figcaption><\/figure>\n\n\n\n<figure class=\"wp-block-image size-full is-resized\"><img loading=\"lazy\" decoding=\"async\" width=\"778\" height=\"1024\" src=\"https:\/\/sites.smith.edu\/frn372-fa24\/wp-content\/uploads\/sites\/1111\/2024\/12\/1_qCfrm_GcyfPChZpSWvwQdQ.jpg\" alt=\"\" class=\"wp-image-4075\" style=\"width:390px;height:auto\" srcset=\"https:\/\/sites.smith.edu\/frn372-fa24\/wp-content\/uploads\/sites\/1111\/2024\/12\/1_qCfrm_GcyfPChZpSWvwQdQ.jpg 778w, https:\/\/sites.smith.edu\/frn372-fa24\/wp-content\/uploads\/sites\/1111\/2024\/12\/1_qCfrm_GcyfPChZpSWvwQdQ-228x300.jpg 228w, https:\/\/sites.smith.edu\/frn372-fa24\/wp-content\/uploads\/sites\/1111\/2024\/12\/1_qCfrm_GcyfPChZpSWvwQdQ-768x1011.jpg 768w\" sizes=\"auto, (max-width: 778px) 100vw, 778px\" \/><figcaption class=\"wp-element-caption\"><a href=\"https:\/\/medium.com\/high-museum-of-art\/la-vie-en-robe-a-spotlight-on-turn-of-the-century-paris-fashion-f259b384839e\" data-type=\"link\" data-id=\"https:\/\/medium.com\/high-museum-of-art\/la-vie-en-robe-a-spotlight-on-turn-of-the-century-paris-fashion-f259b384839e\"><em>Imprimerie Lithographique: Travaux d\u2019Art Boisselet<\/em>. par Lef\u00e8vre en 1897. Haut Mus\u00e9e d&#8217;Art<\/a><\/figcaption><\/figure>\n\n\n\n<p>Cette p\u00e9riode voit l&#8217;essor des revues f\u00e9minins promouvant un nouveau mod\u00e8le de f\u00e9minit\u00e9 et d&#8217;ind\u00e9pendance. Beaucoup de ces revues et journals ont contribu\u00e9 \u00e0 cr\u00e9er un nouveau mod\u00e8le de f\u00e9minit\u00e9 \u00e0 la fois ind\u00e9pendant et moderne, tout en conservant des aspects de la f\u00e9minit\u00e9. Ces revues proposaient une version diff\u00e9rente du f\u00e9minisme par rapport \u00e0 l&#8217;id\u00e9al de la &#8220;la Nouvelle Femme&#8221; (New-World Women), consid\u00e9r\u00e9 principalement comme une importation britannique, et une suffragette.<\/p>\n\n\n\n<p>Ces deux id\u00e9aux \u00e9taient souvent vus et repr\u00e9sent\u00e9s comme des femmes abandonnant leur f\u00e9minit\u00e9. Plut\u00f4t, ces nouveaux m\u00e9dias pr\u00e9sentaient la &#8220;femme moderne&#8221; comme une personne capable de forger sa propre vie ind\u00e9pendante tout en conservant les aspects traditionnels de la f\u00e9minit\u00e9. Ces revues ne plaidaient pas pour une r\u00e9forme du code civil fran\u00e7ais ni pour le droit de vote des femmes. Ces revues visaient plut\u00f4t \u00e0 exposer les Fran\u00e7aises \u00e0 la litt\u00e9rature, \u00e0 encourager l\u2019\u00e9criture et \u00e0 leur inculquer une certaine capacit\u00e9 d\u2019action personnelle.<\/p>\n\n\n\n<figure class=\"wp-block-image size-large is-resized\"><img loading=\"lazy\" decoding=\"async\" width=\"739\" height=\"1024\" src=\"https:\/\/sites.smith.edu\/frn372-fa24\/wp-content\/uploads\/sites\/1111\/2024\/12\/Les_Belles_images__bpt6k961152b_6-739x1024.jpeg\" alt=\"\" class=\"wp-image-3981\" style=\"width:479px;height:auto\" srcset=\"https:\/\/sites.smith.edu\/frn372-fa24\/wp-content\/uploads\/sites\/1111\/2024\/12\/Les_Belles_images__bpt6k961152b_6-739x1024.jpeg 739w, https:\/\/sites.smith.edu\/frn372-fa24\/wp-content\/uploads\/sites\/1111\/2024\/12\/Les_Belles_images__bpt6k961152b_6-217x300.jpeg 217w, https:\/\/sites.smith.edu\/frn372-fa24\/wp-content\/uploads\/sites\/1111\/2024\/12\/Les_Belles_images__bpt6k961152b_6-768x1064.jpeg 768w, https:\/\/sites.smith.edu\/frn372-fa24\/wp-content\/uploads\/sites\/1111\/2024\/12\/Les_Belles_images__bpt6k961152b_6-1109x1536.jpeg 1109w, https:\/\/sites.smith.edu\/frn372-fa24\/wp-content\/uploads\/sites\/1111\/2024\/12\/Les_Belles_images__bpt6k961152b_6-1478x2048.jpeg 1478w, https:\/\/sites.smith.edu\/frn372-fa24\/wp-content\/uploads\/sites\/1111\/2024\/12\/Les_Belles_images__bpt6k961152b_6-scaled.jpeg 1848w\" sizes=\"auto, (max-width: 739px) 100vw, 739px\" \/><figcaption class=\"wp-element-caption\"><a href=\"https:\/\/gallica.bnf.fr\/ark:\/12148\/bpt6k961152b\/f4.item.r=suffragette%20suffragette\" data-type=\"link\" data-id=\"https:\/\/gallica.bnf.fr\/ark:\/12148\/bpt6k961152b\/f4.item.r=suffragette%20suffragette\">Une bande dessin\u00e9e avec une caricature de suffragette; <em>Les Belles Image<\/em> pg 4, Jan. 22 1914<\/a><\/figcaption><\/figure>\n\n\n\n<figure class=\"wp-block-image size-full\"><img loading=\"lazy\" decoding=\"async\" width=\"386\" height=\"500\" src=\"https:\/\/sites.smith.edu\/frn372-fa24\/wp-content\/uploads\/sites\/1111\/2024\/12\/cmcf_a_720433_o_f0002g.jpg\" alt=\"\" class=\"wp-image-4072\" srcset=\"https:\/\/sites.smith.edu\/frn372-fa24\/wp-content\/uploads\/sites\/1111\/2024\/12\/cmcf_a_720433_o_f0002g.jpg 386w, https:\/\/sites.smith.edu\/frn372-fa24\/wp-content\/uploads\/sites\/1111\/2024\/12\/cmcf_a_720433_o_f0002g-232x300.jpg 232w\" sizes=\"auto, (max-width: 386px) 100vw, 386px\" \/><figcaption class=\"wp-element-caption\"><a href=\"https:\/\/www.tandfonline.com\/doi\/full\/10.1080\/09639489.2012.720433#d1e365\" data-type=\"link\" data-id=\"https:\/\/www.tandfonline.com\/doi\/full\/10.1080\/09639489.2012.720433#d1e365\">Caricature des suffragettes, Bing et Sigle, 1909<\/a><\/figcaption><\/figure>\n\n\n\n<h1 class=\"wp-block-heading\"><em>La Fronde<\/em><\/h1>\n\n\n\n<p>Lanc\u00e9 par Marguerite Durand en 1897, <em>La Fronde<\/em> fut le premier journal fran\u00e7ais enti\u00e8rement dirig\u00e9 par des femmes. La Fronde est comparable \u00e0 la plupart des autres quotidiens de l&#8217;\u00e9poque. Il contient des articles sur des sujets tels que la finance, la politique, et les feuilletons, y compris les conditions de travail, droits de citoyennet\u00e9, et l\u2019\u00e9galit\u00e9 salariale. Mais ce qui le distingue, c&#8217;est que le journal est produit par un personnel exclusivement f\u00e9minin. Parmi les auteurs, on retrouve des \u00e9crivaines, des profs et l&#8217;\u0153uvre de S\u00e9verine. La Fronde d\u00e9fend la cause dreyfusarde et fut publi\u00e9e jusqu&#8217;en 1903. <\/p>\n\n\n\n<figure class=\"wp-block-image size-large is-resized\"><img loading=\"lazy\" decoding=\"async\" width=\"733\" height=\"1024\" src=\"https:\/\/sites.smith.edu\/frn372-fa24\/wp-content\/uploads\/sites\/1111\/2024\/12\/Madame_Marguerite_Durand_feministe_francaise_.Agence_Rol_btv1b6913959s-733x1024.jpg\" alt=\"\" class=\"wp-image-4065\" style=\"width:323px;height:auto\" srcset=\"https:\/\/sites.smith.edu\/frn372-fa24\/wp-content\/uploads\/sites\/1111\/2024\/12\/Madame_Marguerite_Durand_feministe_francaise_.Agence_Rol_btv1b6913959s-733x1024.jpg 733w, https:\/\/sites.smith.edu\/frn372-fa24\/wp-content\/uploads\/sites\/1111\/2024\/12\/Madame_Marguerite_Durand_feministe_francaise_.Agence_Rol_btv1b6913959s-215x300.jpg 215w, https:\/\/sites.smith.edu\/frn372-fa24\/wp-content\/uploads\/sites\/1111\/2024\/12\/Madame_Marguerite_Durand_feministe_francaise_.Agence_Rol_btv1b6913959s-768x1073.jpg 768w, https:\/\/sites.smith.edu\/frn372-fa24\/wp-content\/uploads\/sites\/1111\/2024\/12\/Madame_Marguerite_Durand_feministe_francaise_.Agence_Rol_btv1b6913959s.jpg 1024w\" sizes=\"auto, (max-width: 733px) 100vw, 733px\" \/><figcaption class=\"wp-element-caption\"><a href=\"https:\/\/gallica.bnf.fr\/ark:\/12148\/btv1b6913959s#\" data-type=\"link\" data-id=\"https:\/\/gallica.bnf.fr\/ark:\/12148\/btv1b6913959s#\">Fondatrice de <em>La Fronde<\/em>, Marguerite Durand<\/a><\/figcaption><\/figure>\n\n\n\n<p>D&#8217;autres journaux critiquent la pr\u00e9sence des femmes, remettant souvent en question leur capacit\u00e9 \u00e0 aborder des sujets qu&#8217;elles consid\u00e8rent comme sp\u00e9cifiquement masculins, comme la guerre.<em> La Fronde <\/em>a \u00e9t\u00e9 largement critiqu\u00e9e comme militante f\u00e9ministe. Aussi, lancer un journal en pleine affaire Dreyfus \u00e9tait un d\u00e9fi pour Durand, d&#8217;autant plus que le journal \u00e9tait financ\u00e9 par un banquier juif.<\/p>\n\n\n\n<blockquote class=\"wp-block-quote is-layout-flow wp-block-quote-is-layout-flow\">\n<p>&#8220;Plus de distinction entre celle de rue et celle de foyer: la femme tout court, l&#8217;espece feminine&#8221;<\/p>\n<cite><a href=\"https:\/\/www-retronews-fr.libproxy.smith.edu\/journal\/la-fronde\/9-decembre-1897\/829\/2506307\/1\" data-type=\"link\" data-id=\"https:\/\/www-retronews-fr.libproxy.smith.edu\/journal\/la-fronde\/9-decembre-1897\/829\/2506307\/1\">La Fronde, 9 d\u00e9cembre 1897 (1st issue), Marie Anne De Bovat &#8220;Menageres ou Courtisanes&#8221;<\/a><\/cite><\/blockquote>\n\n\n\n<blockquote class=\"wp-block-quote is-layout-flow wp-block-quote-is-layout-flow\">\n<p>&#8220;Qu&#8217;on laisse aussi les femmes ordonner leur vie \u00e1 leur guise et \u00e1 leur risques, le plus honn\u00eatement possible&#8221;<\/p>\n<cite><a href=\"https:\/\/www-retronews-fr.libproxy.smith.edu\/journal\/la-fronde\/9-decembre-1897\/829\/2506307\/1\" data-type=\"link\" data-id=\"https:\/\/www-retronews-fr.libproxy.smith.edu\/journal\/la-fronde\/9-decembre-1897\/829\/2506307\/1\">La Fronde, 9 d\u00e9cembre 1897 (1st issue), Marie Anne De Bovat &#8220;Menageres ou Courtisanes&#8221;<\/a><\/cite><\/blockquote>\n\n\n<div class=\"h5p-content\" data-content-id=\"157\"><\/div>\n\n\n\n<blockquote class=\"wp-block-quote is-layout-flow wp-block-quote-is-layout-flow\">\n<p>&#8220;Pourquoi j\u2019ai fond\u00e9 ce journal ? nous dit Mme Marguerite Durand ; le voici. L\u2019an dernier, j\u2019assistais aux s\u00e9ances du congr\u00e8s f\u00e9ministe de Paris [..] Je fus fort surprise de voir l\u00e0 des femmes, qui avaient des id\u00e9es bonnes, de grandes qualit\u00e9s et du c\u0153ur, et je fus prise pour elles d\u2019une vive sympathie. Je r\u00e9fl\u00e9chis alors que ces femmes, que les th\u00e9ories qu\u2019elles d\u00e9fendaient pas toujours tr\u00e8s habilement, il est vrai, n\u2019\u00e9taient pas connues du public, qui se faisait sur les unes et sur les autres des id\u00e9es fausses.&#8221;<\/p>\n<cite>Le Temps, 7 Dec. 1897, pg 3\/4<\/cite><\/blockquote>\n\n\n\n<blockquote class=\"wp-block-quote is-layout-flow wp-block-quote-is-layout-flow\">\n<p>&#8220;Nous ne cherchons pas \u00e0 prendre votre place, nous voulons notre place \u00e0 c\u00f4t\u00e9 de vous.&#8221;<\/p>\n<cite>La Fronde, 11 mars 1899, pg 1\/6<\/cite><\/blockquote>\n\n\n\n<p><\/p>\n\n\n<div class=\"h5p-content\" data-content-id=\"182\"><\/div>\n\n\n\n<p>Le titre, <em>La Fronde,<\/em> fait r\u00e9f\u00e9rence \u00e0 la r\u00e9bellion de la Fronde de 1648 \u00e0 1653 contre la monarchie en France. La tradition du &#8220;frondeur&#8221; au sein du journalisme d\u00e9rive de cette r\u00e9bellion. L\u2019allusion dans le titre s\u2019aligne sur la notion &#8220;frondeur&#8221; selon laquelle les groupes marginalis\u00e9s ont le droit de s\u2019engager dans des dialogues sur des questions importantes. Bien qu&#8217;\u00e0 l&#8217;\u00e9poque de la parution de ce journal, fronder ait une connotation qui impliquait une attaque contre l&#8217;establishment patriarcal par la satire. Les chroniques de S\u00e9verine &#8220;Notes d&#8217;une Frondeuse&#8221; semblent \u00eatre une tentative de r\u00e9duire l&#8217;\u00e9cart entre le mode de vie de la haute soci\u00e9t\u00e9 de Durand et la privation sociale et l&#8217;in\u00e9galit\u00e9 entre les sexes que connaissaient la plupart des autres femmes en France \u00e0 cette \u00e9poque.<\/p>\n\n\n\n<p><em>La Fronde<\/em> exploite le stigmate de la f\u00e9minit\u00e9 pour justifier l&#8217;existence et le raisonnement. Le journal \u00e9tait charg\u00e9 d&#8217;impliquer les femmes dans les questions non domestiques, de r\u00e9forme sociale et d&#8217;activisme. <em>La Fronde<\/em> a favoris\u00e9 le concept selon lequel les femmes \u00e9taient bien inform\u00e9es et avaient des opinions sur des questions et des sph\u00e8res traditionnellement masculines. Il a \u00e9galement activement critiqu\u00e9 les repr\u00e9sentations inexactes des femmes dans la litt\u00e9rature et les m\u00e9dias.<\/p>\n\n\n\n<figure class=\"wp-block-image size-full is-resized\"><img loading=\"lazy\" decoding=\"async\" width=\"810\" height=\"455\" src=\"https:\/\/sites.smith.edu\/frn372-fa24\/wp-content\/uploads\/sites\/1111\/2024\/12\/Composing_room_of_La_Fronde_in_1898.png\" alt=\"\" class=\"wp-image-4076\" style=\"width:509px;height:auto\" srcset=\"https:\/\/sites.smith.edu\/frn372-fa24\/wp-content\/uploads\/sites\/1111\/2024\/12\/Composing_room_of_La_Fronde_in_1898.png 810w, https:\/\/sites.smith.edu\/frn372-fa24\/wp-content\/uploads\/sites\/1111\/2024\/12\/Composing_room_of_La_Fronde_in_1898-300x169.png 300w, https:\/\/sites.smith.edu\/frn372-fa24\/wp-content\/uploads\/sites\/1111\/2024\/12\/Composing_room_of_La_Fronde_in_1898-768x431.png 768w\" sizes=\"auto, (max-width: 810px) 100vw, 810px\" \/><figcaption class=\"wp-element-caption\"><a href=\"https:\/\/commons.wikimedia.org\/wiki\/File:Composing_room_of_La_Fronde_in_1898.png\" data-type=\"link\" data-id=\"https:\/\/commons.wikimedia.org\/wiki\/File:Composing_room_of_La_Fronde_in_1898.png\">Salle de composition de La Fronde de The Sketch, Vol. XXI, n\u00b0 262, 2 f\u00e9vrier 1898, pg 59<\/a><\/figcaption><\/figure>\n\n\n\n<h1 class=\"wp-block-heading\">Les Revues F\u00e9minine <\/h1>\n\n\n\n<p>La Belle \u00c9poque a vu l&#8217;essor des publications f\u00e9minines traitant de sujets tels que la mode, l&#8217;entretien m\u00e9nager et le f\u00e9minisme. Outre le format de journal typique de <em>La Fronde<\/em>, deux revues notables ont \u00e9t\u00e9 produits et distribu\u00e9s au cours de la derni\u00e8re partie de la p\u00e9riode; <em>Femina<\/em> et <em>La Vie Heureuse<\/em>. Pus de presse ont commenc\u00e9 \u00e0 aborder des sujets traditionnellement tabous tant pour les femmes que pour la presse en g\u00e9n\u00e9ral, comme le divorce (ou le mariage) et l&#8217;\u00e9quilibre entre vie professionnelle et vie priv\u00e9e. D&#8217;autres extraits de ces revues concernaient des femmes qui conduisaient, des femmes faisant du sport, ou des femmes qui travaillent. Il y avait de nombreuses publicit\u00e9s, particuli\u00e8rement destin\u00e9es aux femmes, qui pr\u00e9sentaient des \u00e9quipements d&#8217;exercice, des v\u00eatements et des articles plus li\u00e9s \u00e0 la beaut\u00e9.<\/p>\n\n\n\n<p>Avant ces publications, les femmes \u00e9crivains \u00e9taient souvent d\u00e9crites comme \u00e9gocentriques ou n\u00e9gligeant les institutions soci\u00e9tales comme la famille. <em>Femina<\/em> et <em>La Vie Heureuse<\/em> visaient \u00e0 communiquer que les femmes pouvaient \u00eatre plus que des m\u00e8res et des \u00e9pouses, tout en tirant une profonde satisfaction d&#8217;avoir une famille. Ces revues pr\u00e9sentaient les femmes comme des individus capables. Faire cela dans une publication plus grand public a contribu\u00e9 \u00e0 normaliser l\u2019id\u00e9e selon laquelle les femmes sont intellectuellement \u00e9gales aux hommes.<\/p>\n\n\n\n<figure class=\"wp-block-image size-full is-resized\"><img loading=\"lazy\" decoding=\"async\" width=\"440\" height=\"620\" src=\"https:\/\/sites.smith.edu\/frn372-fa24\/wp-content\/uploads\/sites\/1111\/2024\/12\/440px-Femina_1901-1.jpg\" alt=\"\" class=\"wp-image-3970\" style=\"width:326px;height:auto\" srcset=\"https:\/\/sites.smith.edu\/frn372-fa24\/wp-content\/uploads\/sites\/1111\/2024\/12\/440px-Femina_1901-1.jpg 440w, https:\/\/sites.smith.edu\/frn372-fa24\/wp-content\/uploads\/sites\/1111\/2024\/12\/440px-Femina_1901-1-213x300.jpg 213w\" sizes=\"auto, (max-width: 440px) 100vw, 440px\" \/><figcaption class=\"wp-element-caption\">Couverture du premier num\u00e9ro de <em>Femina<\/em> du 1er janvier 1901, magazine fran\u00e7ais publi\u00e9 \u00e0 Paris<\/figcaption><\/figure>\n\n\n\n<p>1er num\u00e9ro de La Vie Heureuse, publi\u00e9 le 15 octobre 1902:<\/p>\n\n\n<div class=\"h5p-content\" data-content-id=\"197\"><\/div>\n\n\n\n<p>&#8230;<\/p>\n\n\n\n<p>Ces 2 publications rejettent le f\u00e9minisme de <em>La Fronde<\/em> et choisissent de cr\u00e9er un mod\u00e8le de femme ind\u00e9pendante et moderne qui conserve n\u00e9anmoins sa f\u00e9minit\u00e9. C\u2019est ce qu\u2019on appelle parfois le f\u00e9minisme litt\u00e9raire Belle \u00c9poque. La centre persistant des revues sur les t\u00e2ches m\u00e9nag\u00e8res, la famille et la beaut\u00e9 visait \u00e0 diversifier les perspectives de leurs lecteurs vers une notion plus discr\u00e8te de l&#8217;identit\u00e9 f\u00e9minine. Ces revues proposaient des perspectives diff\u00e9rentes sans remettre en cause les valeurs d\u00e9fendues par nombre de leurs lecteurs. L&#8217;image des femmes pr\u00e9sent\u00e9e par ces revues est celle o\u00f9 les femmes non seulement respectaient les r\u00e8gles soci\u00e9tales de prendre soin de leur famille. Mais d\u00e9fiaient \u00e9galement ces r\u00f4les traditionnels en faisant du sport et en explorant s\u00e9rieusement le monde professionnel.<\/p>\n\n\n\n<blockquote class=\"wp-block-quote is-layout-flow wp-block-quote-is-layout-flow\">\n<p>&#8220;&#8230; <em>Femina<\/em> and <em>La Vie Heureuse<\/em> performed \u201cimaginative work\u201d by offering an \u201cairbrushed view of the present\u201d that expanded what the \u201cdear readers\u201d might expect of themselves.&#8221;<\/p>\n<cite><a href=\"https:\/\/www.tandfonline.com\/doi\/full\/10.1080\/09699082.2014.957377\" data-type=\"link\" data-id=\"https:\/\/www.tandfonline.com\/doi\/full\/10.1080\/09699082.2014.957377\">Holmes, D. Having It All in the Belle Epoque: How French Women\u2019s Magazines Invented the Modern Woman. Women\u2019s Writing<\/a><\/cite><\/blockquote>\n\n\n\n<h2 class=\"wp-block-heading\"><em>Femina<\/em><\/h2>\n\n\n\n<p><em>Femina<\/em> a \u00e9t\u00e9 l\u2019un des deux premiers revues photographiques destin\u00e9s aux femmes publi\u00e9s bimensuellement de 1901 \u00e0 1917. C\u2019\u00e9tait sous-titr\u00e9 comme \u201cLa revue id\u00e9ale de la femme et de la jeune fille\u201d. Le revue s\u2019adressait aux lectrices de la bourgeoisie. Ce revue pr\u00e9sentait un m\u00e9lange de reportages sur la mode, les arts et l&#8217;actualit\u00e9, avec une couverture des loisirs comme le sport et des conseils de professionnels en mati\u00e8re de d\u00e9coration d&#8217;int\u00e9rieur. Il pr\u00e9sentait le profil de femmes c\u00e9l\u00e8bres; auteurs, actrices, etc. et incluaient des publicit\u00e9s de d\u00e9taillants et de fabricants de luxe couvrant environ cinq pages de chaque num\u00e9ro. Les illustrations et les images \u00e9taient le principal attrait du revue. Contrairement \u00e0 <em>La Fronde<\/em>, <em>Femina<\/em> n\u2019a pas \u00e9t\u00e9 r\u00e9alis\u00e9 dans l\u2019intention d\u2019\u00eatre une presse f\u00e9ministe mais plut\u00f4t un revue f\u00e9minin. La strat\u00e9gie de son cr\u00e9ateur, Pierre Lafitte, s&#8217;est inspir\u00e9e d&#8217;une publication anglaise similaire.<\/p>\n\n\n\n<div data-wp-interactive=\"core\/file\" class=\"wp-block-file\"><object data-wp-bind--hidden=\"!state.hasPdfPreview\" hidden class=\"wp-block-file__embed\" data=\"https:\/\/sites.smith.edu\/frn372-fa24\/wp-content\/uploads\/sites\/1111\/2025\/01\/Femina.pdf\" type=\"application\/pdf\" style=\"width:100%;height:600px\" aria-label=\"Embed of Femina publie sur 1 Janvier 1902: avec des sujets comme femmes nobles, la rue, mode, fabrication de poup\u00e9es, etc..\"><\/object><a id=\"wp-block-file--media-fbd91faf-45c2-4b86-a36f-af8e6ba2304e\" href=\"https:\/\/sites.smith.edu\/frn372-fa24\/wp-content\/uploads\/sites\/1111\/2025\/01\/Femina.pdf\">Femina publie sur 1 Janvier 1902: avec des sujets comme femmes nobles, la rue, mode, fabrication de poup\u00e9es, etc.<\/a><a href=\"https:\/\/sites.smith.edu\/frn372-fa24\/wp-content\/uploads\/sites\/1111\/2025\/01\/Femina.pdf\" class=\"wp-block-file__button wp-element-button\" download aria-describedby=\"wp-block-file--media-fbd91faf-45c2-4b86-a36f-af8e6ba2304e\">Download<\/a><\/div>\n\n\n\n<div data-wp-interactive=\"core\/file\" class=\"wp-block-file\"><object data-wp-bind--hidden=\"!state.hasPdfPreview\" hidden class=\"wp-block-file__embed\" data=\"https:\/\/sites.smith.edu\/frn372-fa24\/wp-content\/uploads\/sites\/1111\/2024\/12\/Europeana.eu-2048208-europeana_fashion_localID_europeana_fashion_FEM_jaargang_06_19061015localID_europeana_fashion_FEM_jaargang_06_19061015-f7a9707e15d880afa732745261ee17a6.pdf\" type=\"application\/pdf\" style=\"width:100%;height:600px\" aria-label=\"Embed of Femina publie sur 15 Oct. 1906: parle de solidarite, mode, po\u00e9sie, etc.\"><\/object><a id=\"wp-block-file--media-6483a881-0968-42db-b2b8-656d1391af83\" href=\"https:\/\/sites.smith.edu\/frn372-fa24\/wp-content\/uploads\/sites\/1111\/2024\/12\/Europeana.eu-2048208-europeana_fashion_localID_europeana_fashion_FEM_jaargang_06_19061015localID_europeana_fashion_FEM_jaargang_06_19061015-f7a9707e15d880afa732745261ee17a6.pdf\">Femina publie sur 15 Oct. 1906: parle de solidarite, mode, po\u00e9sie, etc<\/a><a href=\"https:\/\/sites.smith.edu\/frn372-fa24\/wp-content\/uploads\/sites\/1111\/2024\/12\/Europeana.eu-2048208-europeana_fashion_localID_europeana_fashion_FEM_jaargang_06_19061015localID_europeana_fashion_FEM_jaargang_06_19061015-f7a9707e15d880afa732745261ee17a6.pdf\" class=\"wp-block-file__button wp-element-button\" download aria-describedby=\"wp-block-file--media-6483a881-0968-42db-b2b8-656d1391af83\">Download<\/a><\/div>\n\n\n\n<figure class=\"wp-block-image size-large is-resized\"><img loading=\"lazy\" decoding=\"async\" width=\"781\" height=\"1024\" src=\"https:\/\/sites.smith.edu\/frn372-fa24\/wp-content\/uploads\/sites\/1111\/2024\/12\/tennis-1908-781x1024.jpg\" alt=\"\" class=\"wp-image-4098\" style=\"width:456px;height:auto\" srcset=\"https:\/\/sites.smith.edu\/frn372-fa24\/wp-content\/uploads\/sites\/1111\/2024\/12\/tennis-1908-781x1024.jpg 781w, https:\/\/sites.smith.edu\/frn372-fa24\/wp-content\/uploads\/sites\/1111\/2024\/12\/tennis-1908-229x300.jpg 229w, https:\/\/sites.smith.edu\/frn372-fa24\/wp-content\/uploads\/sites\/1111\/2024\/12\/tennis-1908-768x1006.jpg 768w, https:\/\/sites.smith.edu\/frn372-fa24\/wp-content\/uploads\/sites\/1111\/2024\/12\/tennis-1908-1172x1536.jpg 1172w, https:\/\/sites.smith.edu\/frn372-fa24\/wp-content\/uploads\/sites\/1111\/2024\/12\/tennis-1908-1563x2048.jpg 1563w, https:\/\/sites.smith.edu\/frn372-fa24\/wp-content\/uploads\/sites\/1111\/2024\/12\/tennis-1908-scaled.jpg 1954w\" sizes=\"auto, (max-width: 781px) 100vw, 781px\" \/><figcaption class=\"wp-element-caption\">Couverture de 1908 montrant une femme jouant au tennis.<\/figcaption><\/figure>\n\n\n\n<figure class=\"wp-block-image size-full\"><img loading=\"lazy\" decoding=\"async\" width=\"400\" height=\"550\" src=\"https:\/\/sites.smith.edu\/frn372-fa24\/wp-content\/uploads\/sites\/1111\/2024\/12\/30164617922.jpg\" alt=\"\" class=\"wp-image-4097\" srcset=\"https:\/\/sites.smith.edu\/frn372-fa24\/wp-content\/uploads\/sites\/1111\/2024\/12\/30164617922.jpg 400w, https:\/\/sites.smith.edu\/frn372-fa24\/wp-content\/uploads\/sites\/1111\/2024\/12\/30164617922-218x300.jpg 218w\" sizes=\"auto, (max-width: 400px) 100vw, 400px\" \/><\/figure>\n\n\n\n<p>Femina publie sur 15 Jan. 1910: parle de chasse, mode, livres, femmes nobles, etc<\/p>\n\n\n\n<p><\/p>\n\n\n<div class=\"h5p-content\" data-content-id=\"203\"><\/div>\n\n\n\n<figure class=\"wp-block-image size-large is-resized\"><img loading=\"lazy\" decoding=\"async\" width=\"843\" height=\"1024\" src=\"https:\/\/sites.smith.edu\/frn372-fa24\/wp-content\/uploads\/sites\/1111\/2024\/12\/bowler3-1-843x1024.jpg\" alt=\"\" class=\"wp-image-4099\" style=\"width:326px;height:auto\" srcset=\"https:\/\/sites.smith.edu\/frn372-fa24\/wp-content\/uploads\/sites\/1111\/2024\/12\/bowler3-1-843x1024.jpg 843w, https:\/\/sites.smith.edu\/frn372-fa24\/wp-content\/uploads\/sites\/1111\/2024\/12\/bowler3-1-247x300.jpg 247w, https:\/\/sites.smith.edu\/frn372-fa24\/wp-content\/uploads\/sites\/1111\/2024\/12\/bowler3-1-768x933.jpg 768w, https:\/\/sites.smith.edu\/frn372-fa24\/wp-content\/uploads\/sites\/1111\/2024\/12\/bowler3-1-1264x1536.jpg 1264w, https:\/\/sites.smith.edu\/frn372-fa24\/wp-content\/uploads\/sites\/1111\/2024\/12\/bowler3-1.jpg 1508w\" sizes=\"auto, (max-width: 843px) 100vw, 843px\" \/><figcaption class=\"wp-element-caption\">Couverture de 1911 montrant une femme jouant au bowling.<\/figcaption><\/figure>\n\n\n\n<h2 class=\"wp-block-heading\"><em>La Vie Heureuse <\/em><\/h2>\n\n\n\n<p><em>La Vie Heureuse<\/em> est un autre des deux premiers revues photographiques destin\u00e9s aux lectrices. Publi\u00e9 mensuellement de 1902 \u00e0 1917, il \u00e9tait sous-titr\u00e9 &#8220;revue f\u00e9minin universel illustr\u00e9&#8221;. Ce revue a \u00e9t\u00e9 initialement publi\u00e9 sous forme de contenu litt\u00e9raire, aristocratique, \u00e9litiste et culturel destin\u00e9 aux lectrices aristocratiques. Il a \u00e9galement \u00e9t\u00e9 \u00e9crit en partie par des \u00e9crivaines f\u00e9minines, comme la c\u00e9l\u00e8bre po\u00e9tesse Anna de Noailles. Quelques num\u00e9ros plus tard dans sa production, le revue adopte un ton plus l\u00e9ger, sur le mod\u00e8le de son concurrent <em>Femina<\/em>. Le sous-titre dispara\u00eet du revue, la couverture devient moins formelle et pr\u00e9sente alors \u00e0 nouveau des reproductions photographiques de portraits de femmes en couverture. Le revue aborde \u00e9galement des sujets alors g\u00e9n\u00e9ralement r\u00e9serv\u00e9s aux hommes; donc des sujets comme le sport f\u00e9minin, les automobilistes, et la p\u00eache. <\/p>\n\n\n\n<p>3\u00e8me num\u00e9ro de <em>LVH<\/em> premi\u00e8re couverture avec un portrait. Parle de femmes de l\u2019\u00e9lite culturelle, d\u2019actrices, de r\u00e9volutionnaires, de chats, etc.:<\/p>\n\n\n\n<p><\/p>\n\n\n<div class=\"h5p-content\" data-content-id=\"198\"><\/div>\n\n\n\n<figure class=\"wp-block-image size-full is-resized\"><img loading=\"lazy\" decoding=\"async\" width=\"710\" height=\"960\" src=\"https:\/\/sites.smith.edu\/frn372-fa24\/wp-content\/uploads\/sites\/1111\/2024\/12\/Screen-Shot-2024-12-16-at-3.54.24-PM.png\" alt=\"\" class=\"wp-image-4087\" style=\"width:354px;height:auto\" srcset=\"https:\/\/sites.smith.edu\/frn372-fa24\/wp-content\/uploads\/sites\/1111\/2024\/12\/Screen-Shot-2024-12-16-at-3.54.24-PM.png 710w, https:\/\/sites.smith.edu\/frn372-fa24\/wp-content\/uploads\/sites\/1111\/2024\/12\/Screen-Shot-2024-12-16-at-3.54.24-PM-222x300.png 222w\" sizes=\"auto, (max-width: 710px) 100vw, 710px\" \/><figcaption class=\"wp-element-caption\"><a href=\"https:\/\/www-retronews-fr.libproxy.smith.edu\/journal\/la-vie-heureuse\/15-nov-1904\/2081\/4946662\/12\" data-type=\"link\" data-id=\"https:\/\/www-retronews-fr.libproxy.smith.edu\/journal\/la-vie-heureuse\/15-nov-1904\/2081\/4946662\/12\">Num\u00e9ro LVH publi\u00e9 le 15 novembre 1904, page 12\/36, repr\u00e9sentant des images de femmes chassant.<\/a><\/figcaption><\/figure>\n\n\n\n<figure class=\"wp-block-image size-full is-resized\"><img loading=\"lazy\" decoding=\"async\" width=\"710\" height=\"960\" src=\"https:\/\/sites.smith.edu\/frn372-fa24\/wp-content\/uploads\/sites\/1111\/2024\/12\/Screen-Shot-2024-12-16-at-3.54.24-PM-1.png\" alt=\"\" class=\"wp-image-4088\" style=\"width:436px;height:auto\" srcset=\"https:\/\/sites.smith.edu\/frn372-fa24\/wp-content\/uploads\/sites\/1111\/2024\/12\/Screen-Shot-2024-12-16-at-3.54.24-PM-1.png 710w, https:\/\/sites.smith.edu\/frn372-fa24\/wp-content\/uploads\/sites\/1111\/2024\/12\/Screen-Shot-2024-12-16-at-3.54.24-PM-1-222x300.png 222w\" sizes=\"auto, (max-width: 710px) 100vw, 710px\" \/><figcaption class=\"wp-element-caption\"><a href=\"https:\/\/www-retronews-fr.libproxy.smith.edu\/journal\/la-vie-heureuse\/15-oct-1904\/2081\/4947006\/7\" data-type=\"link\" data-id=\"https:\/\/www-retronews-fr.libproxy.smith.edu\/journal\/la-vie-heureuse\/15-oct-1904\/2081\/4947006\/7\">Num\u00e9ro LVH publi\u00e9 le 15 octobre 1904, page 7\/37, montrant des images de femmes p\u00eachant.<\/a><\/figcaption><\/figure>\n\n\n\n<p>Num\u00e9ro <em>LVH<\/em> publi\u00e9 le 15 f\u00e9vrier 1908. Parle des femmes de la haute soci\u00e9t\u00e9 (princesse, noble), de la mode, des conditions de travail, des sports d&#8217;hiver, etc.:<\/p>\n\n\n\n<p><\/p>\n\n\n<div class=\"h5p-content\" data-content-id=\"199\"><\/div>\n\n\n\n<figure class=\"wp-block-image size-full is-resized\"><img loading=\"lazy\" decoding=\"async\" width=\"728\" height=\"996\" src=\"https:\/\/sites.smith.edu\/frn372-fa24\/wp-content\/uploads\/sites\/1111\/2024\/12\/Screen-Shot-2024-12-16-at-4.16.30-PM.png\" alt=\"\" class=\"wp-image-4091\" style=\"width:430px;height:auto\" srcset=\"https:\/\/sites.smith.edu\/frn372-fa24\/wp-content\/uploads\/sites\/1111\/2024\/12\/Screen-Shot-2024-12-16-at-4.16.30-PM.png 728w, https:\/\/sites.smith.edu\/frn372-fa24\/wp-content\/uploads\/sites\/1111\/2024\/12\/Screen-Shot-2024-12-16-at-4.16.30-PM-219x300.png 219w\" sizes=\"auto, (max-width: 728px) 100vw, 728px\" \/><figcaption class=\"wp-element-caption\"><a href=\"https:\/\/www-retronews-fr.libproxy.smith.edu\/journal\/la-vie-heureuse\/15-dec-1910\/2081\/4946826\/41\" data-type=\"link\" data-id=\"https:\/\/www-retronews-fr.libproxy.smith.edu\/journal\/la-vie-heureuse\/15-dec-1910\/2081\/4946826\/41\">Num\u00e9ro LVH publi\u00e9 le 15 d\u00e9cembre 1910, p. 41\/74, montrant des bijoux et des v\u00eatements de femmes de cultures non europ\u00e9ennes.<\/a><\/figcaption><\/figure>\n\n\n\n<p>Num\u00e9ro <em>LVH<\/em> publi\u00e9 le 15 f\u00e9vrier 1913. Parle de sports d&#8217;hiver, de po\u00e9sie, de chaussures (sportives ou formelles), d&#8217;art, de th\u00e9\u00e2tre, etc:<\/p>\n\n\n\n<p><\/p>\n\n\n<div class=\"h5p-content\" data-content-id=\"200\"><\/div>\n\n\n\n<p>En 1906,<em> La Vie Heureuse<\/em> publie un suppl\u00e9ment \u00e0 la revue intitul\u00e9 <em>Le Conseil des femmes : journal de tous les emplois, carri\u00e8res et professions qui permettent aux femmes de se perfectionner ou de gagner leur vie<\/em>. En 1917, <em>La Vie Heureuse<\/em> est vendue aux producteurs de <em>Femina<\/em> et les deux revues fusionnent, puis le titre <em>Femina<\/em> est conserv\u00e9.<\/p>\n\n\n\n<p>En 1904, tous les r\u00e9dacteurs de la revue d\u00e9cident de former un jury pour d\u00e9cerner <em>Le Prix La Vie Heureuse<\/em> \u00e0 Myriam Harry en r\u00e9action au prix Goncourt; o\u00f9 Harry s&#8217;est vu refuser le prix Goncourt en raison du refus des membres du jury Goncourt de lui d\u00e9cerner alors qu&#8217;Harry \u00e9tait le favori pour le prix. Plus tard, Hachette (\u00e9diteur <em>LVH<\/em>) et Pierre Lafitte (\u00e9diteur <em>Femina<\/em>) ont collabor\u00e9 pour que ce prix perdure. Il devient prix Femina-Vie Heureuse en 1918 puis prix Femina \u00e0 partir de 1922.<\/p>\n\n\n\n<p><\/p>\n\n\n<div class=\"h5p-content\" data-content-id=\"202\"><\/div>\n\n\n\n<h1 class=\"wp-block-heading\">Les Conclusions<\/h1>\n\n\n\n<p>La presse f\u00e9minine de la Belle \u00c9poque a contribu\u00e9 \u00e0 d\u00e9finir un nouveau mod\u00e8le de f\u00e9minit\u00e9 et \u00e0 \u00e9largir le r\u00f4le des femmes dans la soci\u00e9t\u00e9. Le f\u00e9minisme a \u00e9t\u00e9 explor\u00e9 \u00e0 la fois dans un format &#8220;militant&#8221; ext\u00e9rieur, comme on le voit dans <em>La Fronde<\/em>. <em>Femina<\/em> et <em>La Vie Heureuse<\/em> ont introduit une perspective pragmatique mais progressiste dans la vie de femmes qui ne se sont peut-\u00eatre jamais consid\u00e9r\u00e9es comme politiques. Les femmes qui se d\u00e9tournaient de l\u2019id\u00e9al f\u00e9ministe explor\u00e9 dans <em>La Fronde<\/em> auraient probablement pu trouver une communaut\u00e9 plus attrayante cr\u00e9\u00e9e par ces publications. <\/p>\n\n\n\n<p>Ces revues ont chang\u00e9 la fa\u00e7on dont leurs lecteurs se percevaient. Ils ont cr\u00e9\u00e9 un espace permettant \u00e0 ces femmes d&#8217;\u00e9tablir une identit\u00e9 en dehors du foyer et ont contribu\u00e9 \u00e0 donner une plateforme aux femmes qui ont choisi de faire conna\u00eetre leurs contributions intellectuelles et professionnelles. Les femmes \u00e9tant d\u00e9crites comme des personnes comp\u00e9tentes dans ces revues, le f\u00e9minisme explor\u00e9 \u00e0 travers ces repr\u00e9sentations a contribu\u00e9 \u00e0 normaliser les femmes dans les publications grand public, renfor\u00e7ant ainsi l&#8217;id\u00e9e selon laquelle les femmes sont intellectuellement \u00e9gales aux hommes. \u00c0 leur tour, on pense que les nouvelles perspectives apport\u00e9es par cette forme de presse ont contribu\u00e9 \u00e0 jeter les bases des droits et de l&#8217;inclusion des femmes &#8211; comme les femmes \u00e0 l&#8217;Acad\u00e9mie fran\u00e7aise ou le droit de vote.<\/p>\n\n\n\n<h2 class=\"wp-block-heading\">Les Ouvrages Cit\u00e9s:<\/h2>\n\n\n\n<ul class=\"wp-block-list\">\n<li><a href=\"https:\/\/www-retronews-fr.libproxy.smith.edu\/histoire-de-la-presse\/interview\/2023\/07\/21\/femmes-journalistes-therenty\">https:\/\/www-retronews-fr.libproxy.smith.edu\/histoire-de-la-presse\/interview\/2023\/07\/21\/femmes-journalistes-therenty<\/a><\/li>\n\n\n\n<li><a href=\"https:\/\/www-retronews-fr.libproxy.smith.edu\/histoire-de-la-presse\/echo-de-presse\/2018\/10\/04\/les-bas-bleus-les-femmes-de-lettres-face-la\">https:\/\/www-retronews-fr.libproxy.smith.edu\/histoire-de-la-presse\/echo-de-presse\/2018\/10\/04\/les-bas-bleus-les-femmes-de-lettres-face-la<\/a><\/li>\n\n\n\n<li><a href=\"https:\/\/muse.jhu.edu\/pub\/1\/article\/264172\/pdf\">https:\/\/muse.jhu.edu\/pub\/1\/article\/264172\/pdf<\/a><\/li>\n\n\n\n<li><a href=\"https:\/\/nassaumuseum.org\/wp-content\/uploads\/2021\/05\/Belle-%C3%89poque-Timeline-History.pdf\">https:\/\/nassaumuseum.org\/wp-content\/uploads\/2021\/05\/Belle-%C3%89poque-Timeline-History.pdf<\/a><\/li>\n\n\n\n<li><a href=\"https:\/\/www.retronews.fr\/titre-de-presse\/vie-heureuse\">https:\/\/www.retronews.fr\/titre-de-presse\/vie-heureuse<\/a><\/li>\n\n\n\n<li><a href=\"https:\/\/www.tandfonline.com\/doi\/full\/10.1080\/09699082.2014.957377\">https:\/\/www.tandfonline.com\/doi\/full\/10.1080\/09699082.2014.957377<\/a><\/li>\n\n\n\n<li><a href=\"https:\/\/www.mayfairgallery.com\/blog\/belle-epoque-guide-age-beauty\/ \">https:\/\/www.mayfairgallery.com\/blog\/belle-epoque-guide-age-beauty\/ <\/a><\/li>\n\n\n\n<li><a href=\"https:\/\/www.offbeatfrance.com\/belle-epoque-in-france.html\">https:\/\/www.offbeatfrance.com\/belle-epoque-in-france.html<\/a><\/li>\n\n\n\n<li><a href=\"https:\/\/blogs.loc.gov\/international-collections\/2018\/07\/vive-le-fminisme-french-women-in-the-belle-poque\/\">https:\/\/blogs.loc.gov\/international-collections\/2018\/07\/vive-le-fminisme-french-women-in-the-belle-poque\/<\/a><\/li>\n\n\n\n<li><a href=\"https:\/\/www-retronews-fr.libproxy.smith.edu\/journaux\/long-format\/2018\/04\/23\/la-creation-du-journal-la-fronde-en-1897-par-marguerite-durand\">https:\/\/www-retronews-fr.libproxy.smith.edu\/journaux\/long-format\/2018\/04\/23\/la-creation-du-journal-la-fronde-en-1897-par-marguerite-durand<\/a><\/li>\n\n\n\n<li><a href=\"https:\/\/www-retronews-fr.libproxy.smith.edu\/societe\/grands-articles\/2023\/08\/10\/marguerite-durand-travail-egal-salaire-egal\">https:\/\/www-retronews-fr.libproxy.smith.edu\/societe\/grands-articles\/2023\/08\/10\/marguerite-durand-travail-egal-salaire-egal<\/a><\/li>\n\n\n\n<li><a href=\"https:\/\/www.connexionfrance.com\/news\/la-fronde-frances-first-newspaper-run-entirely-by-women\/447325\">https:\/\/www.connexionfrance.com\/news\/la-fronde-frances-first-newspaper-run-entirely-by-women\/447325<\/a><\/li>\n\n\n\n<li><a href=\"https:\/\/www.soclabo.org\/index.php\/laboratorium\/article\/view\/669\/1894\">https:\/\/www.soclabo.org\/index.php\/laboratorium\/article\/view\/669\/1894<\/a><\/li>\n\n\n\n<li><a href=\"https:\/\/www.europeana.eu\/en\/stories\/femina-magazine\">https:\/\/www.europeana.eu\/en\/stories\/femina-magazine<\/a><\/li>\n\n\n\n<li><a href=\"https:\/\/www-retronews-fr.libproxy.smith.edu\/titre-de-presse\/femina\">https:\/\/www-retronews-fr.libproxy.smith.edu\/titre-de-presse\/femina<\/a><\/li>\n\n\n\n<li><a href=\"https:\/\/fr.wikipedia.org\/wiki\/La_Vie_heureuse_(revue)\">https:\/\/fr.wikipedia.org\/wiki\/La_Vie_heureuse_(revue)<\/a><\/li>\n<\/ul>\n","protected":false},"excerpt":{"rendered":"<p>La Belle \u00c9poque La Belle \u00c9poque est une p\u00e9riode de la fin du XIXe si\u00e8cle, qui se situe g\u00e9n\u00e9ralement entre la fin de la guerre franco-prussienne en 1871 et le d\u00e9clenchement de la Premi\u00e8re Guerre mondiale en 1914. Mais en France, on pensait d&#8217;ailleurs que cette p\u00e9riode \u00e9tait ont commenc\u00e9 vers le milieu ou la&hellip; <a class=\"more-link\" href=\"https:\/\/sites.smith.edu\/frn372-fa24\/les-femmes-modernes-a-la-belle-epoque-la-presse\/\">Continue reading <span class=\"screen-reader-text\">Les Femmes Modernes \u00e0 la Belle \u00c9poque : La Presse<\/span> <span class=\"meta-nav\" aria-hidden=\"true\">&rarr;<\/span><\/a><\/p>\n","protected":false},"author":5545,"featured_media":0,"comment_status":"closed","ping_status":"closed","sticky":false,"template":"","format":"standard","meta":{"footnotes":""},"categories":[14],"tags":[],"class_list":["post-3969","post","type-post","status-publish","format-standard","hentry","category-projet-final"],"_links":{"self":[{"href":"https:\/\/sites.smith.edu\/frn372-fa24\/wp-json\/wp\/v2\/posts\/3969","targetHints":{"allow":["GET"]}}],"collection":[{"href":"https:\/\/sites.smith.edu\/frn372-fa24\/wp-json\/wp\/v2\/posts"}],"about":[{"href":"https:\/\/sites.smith.edu\/frn372-fa24\/wp-json\/wp\/v2\/types\/post"}],"author":[{"embeddable":true,"href":"https:\/\/sites.smith.edu\/frn372-fa24\/wp-json\/wp\/v2\/users\/5545"}],"replies":[{"embeddable":true,"href":"https:\/\/sites.smith.edu\/frn372-fa24\/wp-json\/wp\/v2\/comments?post=3969"}],"version-history":[{"count":48,"href":"https:\/\/sites.smith.edu\/frn372-fa24\/wp-json\/wp\/v2\/posts\/3969\/revisions"}],"predecessor-version":[{"id":4272,"href":"https:\/\/sites.smith.edu\/frn372-fa24\/wp-json\/wp\/v2\/posts\/3969\/revisions\/4272"}],"wp:attachment":[{"href":"https:\/\/sites.smith.edu\/frn372-fa24\/wp-json\/wp\/v2\/media?parent=3969"}],"wp:term":[{"taxonomy":"category","embeddable":true,"href":"https:\/\/sites.smith.edu\/frn372-fa24\/wp-json\/wp\/v2\/categories?post=3969"},{"taxonomy":"post_tag","embeddable":true,"href":"https:\/\/sites.smith.edu\/frn372-fa24\/wp-json\/wp\/v2\/tags?post=3969"}],"curies":[{"name":"wp","href":"https:\/\/api.w.org\/{rel}","templated":true}]}}