{"id":4154,"date":"2024-12-18T15:07:43","date_gmt":"2024-12-18T20:07:43","guid":{"rendered":"https:\/\/sites.smith.edu\/frn372-fa24\/?p=4154"},"modified":"2024-12-18T15:08:33","modified_gmt":"2024-12-18T20:08:33","slug":"journalisme-engage-severine-et-les-mineurs","status":"publish","type":"post","link":"https:\/\/sites.smith.edu\/frn372-fa24\/journalisme-engage-severine-et-les-mineurs\/","title":{"rendered":"Journalisme engag\u00e9 : S\u00e9v\u00e9rine et les mineurs"},"content":{"rendered":"\n<h4 class=\"wp-block-heading\">Au Pays du Grisou<\/h4>\n\n\n\n<p><code><div class=\"h5p-content\" data-content-id=\"214\"><\/div><\/code><\/p>\n\n\n\n<p>S\u00e9verine, journaliste engag\u00e9e, se distingue par son style \u00e9motionnel et immersif dans sa s\u00e9rie d\u2019articles publi\u00e9e <span style=\"text-decoration: underline\">en d\u00e9cembre 1891 dans <em>L\u2019\u00c9clair<\/em><\/span>, relatant la catastrophe mini\u00e8re de Saint-\u00c9tienne. Son \u00e9criture, \u00e0 la fois poignante et critique, transcende le simple reportage pour devenir un acte politique et humanitaire. En alliant narration immersive, engagement personnel et critique sociale, S\u00e9verine r\u00e9ussit \u00e0 \u00e9veiller l\u2019empathie et \u00e0 stimuler les consciences de ses lecteurs.<\/p>\n\n\n\n<p><\/p>\n\n\n\n<h3 class=\"wp-block-heading\">Style narratif et technique journalistique<\/h3>\n\n\n\n<p>S\u00e9verine adopte un style narratif immersif qui plonge ses lecteurs au c\u0153ur de la trag\u00e9die. Ses descriptions saisissantes rendent la catastrophe palpable. Elle n\u2019h\u00e9site pas \u00e0 utiliser des <strong>images frappantes<\/strong> :<\/p>\n\n\n\n<div class=\"wp-block-group\"><div class=\"wp-block-group__inner-container is-layout-constrained wp-block-group-is-layout-constrained\">\n<ul class=\"wp-block-list\">\n<li><strong>Les corps et les chevaux <\/strong>: \u00ab Cinquante-six hommes, cinquante-six chevaux. On emporte les hommes \u00e0 l\u2019h\u00f4pital du Soleil; on d\u00e9p\u00e8ce les chevaux que l\u2019on remonte quartier par quartier. \u00bb Cette juxtaposition entre les victimes humaines et animales souligne l\u2019inhumanit\u00e9 des conditions de travail.<\/li>\n\n\n\n<li><strong>Le chaos et la lutte des secouristes <\/strong>: \u00ab Lors de la premi\u00e8re tentative de descente \u00e0 20 m\u00e8tres de profondeur, il avait fallu s\u2019arr\u00eater, faire remonter la cage sous peine d\u2019asphyxie. \u00bb Ici, elle d\u00e9crit l\u2019impuissance des sauveteurs face \u00e0 l\u2019ampleur de la catastrophe.<\/li>\n\n\n\n<li><strong>L\u2019image des cadavres \u00e0 l\u2019h\u00f4pital <\/strong>: \u00ab Ils sont allong\u00e9s \u00e0 la file, tout habill\u00e9s, leur num\u00e9ro d\u2019ordre \u00e9pingl\u00e9 sur la poitrine, sur une couche de paille. \u00bb Cette image macabre donne une dignit\u00e9 aust\u00e8re aux mineurs tout en soulignant l\u2019ampleur de la perte humaine.<\/li>\n\n\n\n<li><strong>Les sc\u00e8nes des fun\u00e9railles collectives <\/strong>: Dans un autre article, elle \u00e9voque les \u00ab cinquante et un cercueils align\u00e9s sous un ciel pluvieux, escort\u00e9s par des familles bris\u00e9es. \u00bb Cette description amplifie l\u2019impact \u00e9motionnel et le sentiment d\u2019une trag\u00e9die collective.<\/li>\n<\/ul>\n<\/div><\/div>\n\n\n\n<p>L\u2019usage du pronom personnel \u00ab je \u00bb renforce la proximit\u00e9 avec le lecteur. S\u00e9verine s\u2019implique dans le r\u00e9cit, cr\u00e9ant un lien \u00e9motionnel direct :<\/p>\n\n\n\n<ul class=\"wp-block-list\">\n<li><strong>Participation active <\/strong>: \u00ab De ce cort\u00e8ge-l\u00e0, je serai. \u00bb Elle ne se contente pas d\u2019observer ; elle prend part \u00e0 la douleur collective des familles.<\/li>\n\n\n\n<li><strong>Engagement moral<\/strong>: \u00ab Nous ressortons de l\u2019h\u00f4pital le c\u0153ur chavir\u00e9. \u00bb Par cet usage du pluriel inclusif, elle inclut le lecteur dans l\u2019exp\u00e9rience v\u00e9cue.<\/li>\n\n\n\n<li><strong>R\u00e9cit direct et \u00e9motionnel <\/strong>: \u00ab J\u2019interroge Colombet, tandis qu\u2019au grand trot la voiture nous emm\u00e8ne vers le treuil. \u00bb Cette phrase illustre comment elle emm\u00e8ne les lecteurs avec elle sur le terrain.<\/li>\n<\/ul>\n\n\n\n<p>Son style oscille entre des phrases longues, riches en d\u00e9tails, et des phrases courtes, abruptes, qui cr\u00e9ent un rythme dramatique et maintiennent la tension :<\/p>\n\n\n\n<ul class=\"wp-block-list\">\n<li><strong>Phrases longues pour le d\u00e9tail<\/strong>: \u00ab Une lampe \u00e0 reflets de phare \u00e9claire ce terrifiant spectacle, ce naufrage de tant d\u2019existences, cette flotte de barques \u00e0 couvercles en route pour l\u2019\u00e9ternit\u00e9. \u00bb Les d\u00e9tails amplifient l\u2019impact visuel et \u00e9motionnel.<\/li>\n\n\n\n<li><strong>Phrases courtes pour la tension <\/strong>: \u00ab Enfin, quand on croyait tout fini, il a fallu se mettre \u00e0 allonger le c\u00e2ble\u2026 \u00bb La bri\u00e8vet\u00e9 de ces phrases exprime la fatigue et l\u2019urgence.<\/li>\n\n\n\n<li><strong>Le d\u00e9tail qui choque <\/strong>: Elle \u00e9crit dans l&#8217;article du 11 d\u00e9cembre le passage : \u00ab Sous la pluie battante, on voyait des enfants au visage grave, d\u00e9j\u00e0 orphelins, tenant la main de m\u00e8res en deuil. \u00bb Ces observations humanisent encore davantage les sc\u00e8nes d\u00e9crites.<\/li>\n<\/ul>\n\n\n\n<h3 class=\"wp-block-heading\">Comparaison avec d\u2019autres articles<\/h3>\n\n\n\n<p>En parall\u00e8le, les journaux contemporains, comme Le Cri du Peuple, Le Petit Clermontois, et Le Radical abordent \u00e9galement la catastrophe de mani\u00e8re tr\u00e8s diff\u00e9rente. Ces publications s\u2019attachent principalement \u00e0 des faits bruts, des statistiques et des explications techniques, souvent d\u00e9nu\u00e9es de l\u2019\u00e9motion et de l\u2019introspection que S\u00e9verine insuffle \u00e0 ses r\u00e9cits.<\/p>\n\n\n\n<ul class=\"wp-block-list\">\n<li><strong>Le Soleil<\/strong>: Ce journal propose une analyse technique du grisou, expliquant en d\u00e9tail ses propri\u00e9t\u00e9s chimiques et les causes possibles de l\u2019explosion. Bien que ces informations soient \u00e9ducatives, elles laissent peu de place \u00e0 la narration des exp\u00e9riences humaines des mineurs ou de leurs familles.<\/li>\n\n\n\n<li><strong>Le Cri du Peuple<\/strong>: L\u2019article exprime une indignation claire contre les conditions de travail des mineurs, en d\u00e9non\u00e7ant les propri\u00e9taires de mines comme responsables directs des catastrophes. Cependant, il manque de d\u00e9tails immersifs, comme dans cette phrase : \u00ab La responsabilit\u00e9 des propri\u00e9taires de mines est donc bien enti\u00e8re ; toutes les catastrophes leur incombent uniquement. \u00bb Cette d\u00e9claration forte manque de r\u00e9cits individuels pour renforcer l\u2019impact \u00e9motionnel.<\/li>\n\n\n\n<li><strong>Le Petit Clermontois<\/strong>: Cet article met en avant des descriptions techniques, comme l\u2019importance des lampes de s\u00fbret\u00e9 et des ventilateurs, mais en restant \u00e9loign\u00e9 des drames humains. Par exemple, il discute des solutions technologiques en d\u00e9clarant : \u00ab Il y a donc mieux \u00e0 faire, et pour sauvegarder des milliers d\u2019existences, il faut \u00eatre pr\u00eats \u00e0 tous les sacrifices. \u00bb L\u2019emphase est mise sur les am\u00e9liorations techniques sans explorer la souffrance imm\u00e9diate des familles.<\/li>\n\n\n\n<li><strong>Le Radical<\/strong>: Tout en d\u00e9non\u00e7ant les n\u00e9gligences des propri\u00e9taires de mines, <em>Le Radical<\/em> reste g\u00e9n\u00e9raliste, avec des critiques comme : \u00ab Encore le grisou et son terrifiant cort\u00e8ge de victimes. Ce sinistre bassin houiller de la Loire augmente chaque ann\u00e9e son sanglant martyrologe. \u00bb Le ton est critique mais ne plonge pas dans des r\u00e9cits individuels, pr\u00e9f\u00e9rant une vue d\u2019ensemble des trag\u00e9dies.<\/li>\n<\/ul>\n\n\n\n<p>En revanche, S\u00e9verine adopte une approche profond\u00e9ment humaniste et \u00e9motionnelle. Elle ne se contente pas de rapporter les faits ; elle les transforme en une exp\u00e9rience v\u00e9cue pour ses lecteurs. Par exemple, alors que <em>Le Soleil<\/em> se concentre sur les d\u00e9tails techniques des effets chimiques du grisou, S\u00e9verine d\u00e9crit les cadavres align\u00e9s \u00e0 l\u2019h\u00f4pital, plongeant ses lecteurs dans la r\u00e9alit\u00e9 brutale de la trag\u00e9die.<\/p>\n\n\n\n<h3 class=\"wp-block-heading\">Un journalisme efficace<\/h3>\n\n\n\n<p>L\u2019efficacit\u00e9 du journalisme d\u00e9pend de son objectif. Si l\u2019objectif est d\u2019informer de mani\u00e8re technique et objective, les articles comme ceux de <em>Le Soleil<\/em> ou <em>La Presse<\/em> remplissent leur r\u00f4le en fournissant des explications d\u00e9taill\u00e9es sur les causes et les cons\u00e9quences du grisou. Cependant, pour \u00e9veiller l\u2019empathie et provoquer un changement social, le style de S\u00e9verine s\u2019av\u00e8re bien plus puissant.<\/p>\n\n\n\n<p>Elle donne une voix aux mineurs et \u00e0 leurs familles, d\u00e9peignant leur douleur et leur dignit\u00e9 avec un respect et une compassion qui manquent dans les articles plus techniques. Son approche transforme une trag\u00e9die locale en un plaidoyer universel contre les in\u00e9galit\u00e9s sociales et les conditions de travail indignes.<\/p>\n\n\n\n<h3 class=\"wp-block-heading\">Impact \u00e9motionnel et politique<\/h3>\n\n\n\n<p>L\u2019\u00e9criture de S\u00e9verine suscite des r\u00e9actions \u00e9motionnelles fortes. Les sc\u00e8nes d\u2019adieu, telles que \u00ab Sous la pluie, dans l\u2019ombre, des femmes se tiennent le front appuy\u00e9\u2026 \u00bb, capturent la douleur collective et forcent les lecteurs \u00e0 ressentir l\u2019ampleur de la trag\u00e9die.<\/p>\n\n\n\n<p>En m\u00eame temps, elle d\u00e9nonce les structures sociales qui perp\u00e9tuent ces injustices, appelant \u00e0 une r\u00e9flexion sur les conditions de vie des ouvriers. En montrant la n\u00e9gligence des patrons et des autorit\u00e9s, elle transforme le r\u00e9cit en un plaidoyer pour la dignit\u00e9 humaine.<\/p>\n\n\n\n<p>Elle conclut l\u2019un de ses articles en appelant \u00e0 un changement syst\u00e9mique, \u00e9crivant : \u00ab Ces hommes ne sont pas morts pour rien si nous pouvons tirer des le\u00e7ons et emp\u00eacher que cela ne se r\u00e9p\u00e8te. \u00bb Ce ton militant illustre sa volont\u00e9 d\u2019utiliser son travail journalistique pour provoquer un changement.<\/p>\n\n\n\n<h3 class=\"wp-block-heading\">Conclusion<\/h3>\n\n\n\n<p>Les \u00e9crits de S\u00e9verine sur la catastrophe de Saint-\u00c9tienne incarnent l\u2019essence du journalisme engag\u00e9. Par son style immersif, ses critiques sociales et son appel \u00e0 l\u2019empathie, elle transcende le simple reportage pour devenir une actrice du changement. Son travail illustre l\u2019importance de donner une voix \u00e0 ceux qui en sont priv\u00e9s, rappelant que le journalisme peut \u00eatre un outil puissant de justice sociale.<\/p>\n\n\n\n<h3 class=\"wp-block-heading\">Citations (sur RetroNews):<\/h3>\n\n\n\n<ol class=\"wp-block-list\">\n<li><a href=\"https:\/\/www-retronews-fr.libproxy.smith.edu\/journal\/l-eclair\/9-decembre-1891\/2539\/4128423\/1?from=%2Fsearch%23allTerms%3Dgrisou%26sort%3Dscore%26publishedStart%3D1891-12-09%26publishedEnd%3D1891-12-13%26publishedBounds%3Dfrom%26indexedBounds%3Dfrom%26tfPublicationsOr%255B0%255D%3DL%2527%25C3%2589clair%26advancedUi%3Dtrue%26page%3D1%26searchIn%3Dall%26total%3D8&amp;index=0\">S\u00e9verine. &#8220;Au pays du grisou.&#8221; <em>L&#8217;\u00c9clair<\/em>, 9 December 1891.<\/a><\/li>\n\n\n\n<li><a href=\"https:\/\/www-retronews-fr.libproxy.smith.edu\/journal\/l-eclair\/10-decembre-1891\/2539\/4128429\/1?from=%2Fsearch%23allTerms%3Dgrisou%26sort%3Dscore%26publishedStart%3D1891-12-09%26publishedEnd%3D1891-12-13%26publishedBounds%3Dfrom%26indexedBounds%3Dfrom%26tfPublicationsOr%255B0%255D%3DL%2527%25C3%2589clair%26advancedUi%3Dtrue%26page%3D1%26searchIn%3Dall%26total%3D8&amp;index=1\">S\u00e9verine. &#8220;Au pays du grisou.&#8221; <em>L&#8217;\u00c9clair<\/em>, 10 December 1891.<\/a><\/li>\n\n\n\n<li><a href=\"https:\/\/www-retronews-fr.libproxy.smith.edu\/journal\/l-eclair\/11-decembre-1891\/2539\/4128431\/2?from=%2Fsearch%23allTerms%3Dgrisou%26sort%3Dscore%26publishedStart%3D1891-12-09%26publishedEnd%3D1891-12-13%26publishedBounds%3Dfrom%26indexedBounds%3Dfrom%26tfPublicationsOr%255B0%255D%3DL%2527%25C3%2589clair%26advancedUi%3Dtrue%26page%3D1%26searchIn%3Dall%26total%3D8&amp;index=3\">S\u00e9verine. &#8220;Au pays du grisou.&#8221; <em>L&#8217;\u00c9clair<\/em>, 11 December 1891.<\/a><\/li>\n\n\n\n<li><a href=\"https:\/\/www-retronews-fr.libproxy.smith.edu\/journal\/l-eclair\/12-decembre-1891\/2539\/4128433\/1?from=%2Fsearch%23allTerms%3Dgrisou%26sort%3Dscore%26publishedStart%3D1891-12-09%26publishedEnd%3D1891-12-13%26publishedBounds%3Dfrom%26indexedBounds%3Dfrom%26tfPublicationsOr%255B0%255D%3DL%2527%25C3%2589clair%26advancedUi%3Dtrue%26page%3D1%26searchIn%3Dall%26total%3D8&amp;index=2\">S\u00e9verine. &#8220;Au pays du grisou.&#8221; <em>L&#8217;\u00c9clair<\/em>, 12 December 1891.<\/a><\/li>\n\n\n\n<li>&#8220;La catastrophe de Saint-\u00c9tienne.&#8221; <em>Le Soleil<\/em>, 9 December 1891.<\/li>\n\n\n\n<li>&#8220;S\u00e9curit\u00e9 dans les mines.&#8221; <em>Le Petit Clermontois<\/em>, 11 December 1891.&#8221;Encore une trag\u00e9die mini\u00e8re.&#8221;<\/li>\n\n\n\n<li><em>Le Radical<\/em>, 11 December 1891.&#8221;Quelle tristesse!&#8221; <em>Le Cri du Peuple<\/em>, 14 December 1891.<\/li>\n<\/ol>\n","protected":false},"excerpt":{"rendered":"<p>Au Pays du Grisou S\u00e9verine, journaliste engag\u00e9e, se distingue par son style \u00e9motionnel et immersif dans sa s\u00e9rie d\u2019articles publi\u00e9e en d\u00e9cembre 1891 dans L\u2019\u00c9clair, relatant la catastrophe mini\u00e8re de Saint-\u00c9tienne. Son \u00e9criture, \u00e0 la fois poignante et critique, transcende le simple reportage pour devenir un acte politique et humanitaire. En alliant narration immersive, engagement&hellip; <a class=\"more-link\" href=\"https:\/\/sites.smith.edu\/frn372-fa24\/journalisme-engage-severine-et-les-mineurs\/\">Continue reading <span class=\"screen-reader-text\">Journalisme engag\u00e9 : S\u00e9v\u00e9rine et les mineurs<\/span> <span class=\"meta-nav\" aria-hidden=\"true\">&rarr;<\/span><\/a><\/p>\n","protected":false},"author":5749,"featured_media":0,"comment_status":"closed","ping_status":"closed","sticky":false,"template":"","format":"standard","meta":{"footnotes":""},"categories":[14],"tags":[],"class_list":["post-4154","post","type-post","status-publish","format-standard","hentry","category-projet-final"],"_links":{"self":[{"href":"https:\/\/sites.smith.edu\/frn372-fa24\/wp-json\/wp\/v2\/posts\/4154","targetHints":{"allow":["GET"]}}],"collection":[{"href":"https:\/\/sites.smith.edu\/frn372-fa24\/wp-json\/wp\/v2\/posts"}],"about":[{"href":"https:\/\/sites.smith.edu\/frn372-fa24\/wp-json\/wp\/v2\/types\/post"}],"author":[{"embeddable":true,"href":"https:\/\/sites.smith.edu\/frn372-fa24\/wp-json\/wp\/v2\/users\/5749"}],"replies":[{"embeddable":true,"href":"https:\/\/sites.smith.edu\/frn372-fa24\/wp-json\/wp\/v2\/comments?post=4154"}],"version-history":[{"count":2,"href":"https:\/\/sites.smith.edu\/frn372-fa24\/wp-json\/wp\/v2\/posts\/4154\/revisions"}],"predecessor-version":[{"id":4224,"href":"https:\/\/sites.smith.edu\/frn372-fa24\/wp-json\/wp\/v2\/posts\/4154\/revisions\/4224"}],"wp:attachment":[{"href":"https:\/\/sites.smith.edu\/frn372-fa24\/wp-json\/wp\/v2\/media?parent=4154"}],"wp:term":[{"taxonomy":"category","embeddable":true,"href":"https:\/\/sites.smith.edu\/frn372-fa24\/wp-json\/wp\/v2\/categories?post=4154"},{"taxonomy":"post_tag","embeddable":true,"href":"https:\/\/sites.smith.edu\/frn372-fa24\/wp-json\/wp\/v2\/tags?post=4154"}],"curies":[{"name":"wp","href":"https:\/\/api.w.org\/{rel}","templated":true}]}}