{"id":4225,"date":"2024-12-18T15:49:37","date_gmt":"2024-12-18T20:49:37","guid":{"rendered":"https:\/\/sites.smith.edu\/frn372-fa24\/?p=4225"},"modified":"2024-12-18T15:49:37","modified_gmt":"2024-12-18T20:49:37","slug":"le-paulois-eveille-portrait-dun-paris-qui-suffoque-sous-le-poids-de-ses-ambitions","status":"publish","type":"post","link":"https:\/\/sites.smith.edu\/frn372-fa24\/le-paulois-eveille-portrait-dun-paris-qui-suffoque-sous-le-poids-de-ses-ambitions\/","title":{"rendered":"Le Paulois Eveill\u00e9: Portrait d\u2019un Paris qui suffoque sous le poids de ses ambitions"},"content":{"rendered":"\n<p>Maupassant ne pouvait mieux choisir qu\u2019un pseudonyme \u00e9vocateur tel que <em>Bel-Ami<\/em> pour son roman phare. Cet ouvrage, que j\u2019ai d\u00e9vor\u00e9 dans le vacarme de Paris, m\u2019a laiss\u00e9e oscillant entre admiration pour la plume de l\u2019auteur et r\u00e9pulsion pour son tableau de notre soci\u00e9t\u00e9. Les critiques sont partag\u00e9es, comme j\u2019ai pu le constater dans les colonnes des journaux tels que <em>Le Gaulois<\/em> et <em>Gil Blas<\/em>. Certains saluent son talent ind\u00e9niable, tandis que d\u2019autres d\u00e9noncent l\u2019intensit\u00e9 de son naturalisme, cr\u00e9ant un portrait aussi intense qu\u2019il en devient un miroir d\u00e9rangeant de notre \u00e9poque\u200b. Ce commentaire rejoint mon propre malaise : est-il n\u00e9cessaire de peindre le vice avec autant de d\u00e9tails pour le d\u00e9noncer ? En tant qu\u2019enfant du Sud-Ouest, attach\u00e9e aux valeurs de simplicit\u00e9 et d\u2019authenticit\u00e9, je me demande si ce roman n\u2019incarne pas justement ce que Maupassant critique : l\u2019app\u00e2t du gain et l\u2019opportunisme, m\u00eame dans les hautes sph\u00e8res litt\u00e9raires.<\/p>\n\n\n\n<p>Au c\u0153ur du r\u00e9cit se trouve Georges Duroy, ou plut\u00f4t Bel-Ami, ce s\u00e9ducteur implacable qui, par le biais de ses conqu\u00eates f\u00e9minines et de sa ruse, escalade les \u00e9chelons du journalisme parisien. D\u00e8s ses d\u00e9buts modestes, il manipule et charme son entourage, \u00e0 commencer par Mme Forestier, qui lui offre non seulement un acc\u00e8s au m\u00e9tier mais aussi ses premiers articles. Maupassant ne fait preuve d\u2019aucune cl\u00e9mence envers son personnage. Bel-Ami est un opportuniste qui, bien qu\u2019ironique et charismatique, manque cruellement de conscience morale. En somme, un reflet cru de ce que la soci\u00e9t\u00e9, dans sa qu\u00eate de succ\u00e8s rapide, peut produire.<\/p>\n\n\n\n<p>Dans <em>Gil Blas<\/em>, Maupassant lui-m\u00eame r\u00e9pond aux critiques en affirmant que <em>Bel-Ami<\/em> n\u2019est pas une attaque contre toute la presse, mais une exploration d\u2019un milieu interlope o\u00f9 la corruption r\u00e8gne\u200b. Pourtant, en lisant cette d\u00e9fense, je m\u2019interroge sur la fronti\u00e8re entre la critique sociale et l\u2019encouragement implicite. Car si le vice triomphe si facilement dans les pages du roman, qu\u2019est-ce que cela dit de notre propre lutte contre ces forces ?<\/p>\n\n\n\n<p>\u00c0 travers Duroy, Maupassant explore un Paris rong\u00e9 par l\u2019ambition et la soif de pouvoir, une ville o\u00f9 les principes de respect et d\u2019\u00e9thique semblent rel\u00e9gu\u00e9s au second plan. Cela me rappelle l\u2019\u0153uvre de Balzac, notamment <em>Illusions perdues<\/em>, o\u00f9 le jeune Lucien de Rubempr\u00e9, bien que talentueux, succombe aux m\u00eames travers d\u2019un monde o\u00f9 tout s\u2019ach\u00e8te. Mais l\u00e0 o\u00f9 Balzac laisse entrevoir une r\u00e9demption ou du moins un espoir pour ses personnages, Maupassant, lui, semble d\u00e9clarer que la corruption est omnipr\u00e9sente et difficile \u00e0 surmonter.<\/p>\n\n\n\n<p>\u00c0 ceux qui louent <em>Bel-Ami<\/em> comme une critique audacieuse, je r\u00e9ponds : le courage ne r\u00e9side-t-il pas aussi dans la recherche d\u2019un \u00e9quilibre entre v\u00e9rit\u00e9 et inspiration ? Si nous voulons construire une soci\u00e9t\u00e9 o\u00f9 le respect de la nature humaine peut s\u2019\u00e9panouir, peut-\u00eatre devons-nous aussi exiger des auteurs qu\u2019ils montrent, non seulement les t\u00e9n\u00e8bres, mais aussi une lumi\u00e8re, aussi fragile soit-elle.<\/p>\n\n\n\n<p>Ainsi, malgr\u00e9 ma reconnaissance pour le talent de Maupassant, je m\u2019interroge : <em>Bel-Ami<\/em> est-il une \u0153uvre qui appelle \u00e0 l\u2019\u00e9veil des consciences ou simplement un tableau o\u00f9 le spectateur, fascin\u00e9 par l\u2019horreur, reste fig\u00e9 dans l\u2019inaction ? Il appartient \u00e0 chacun de d\u00e9cider. Quant \u00e0 moi, dans mon combat contre les injustices, je choisis de r\u00eaver d\u2019un monde o\u00f9 la plume peut transformer la boue en espoir.<\/p>\n","protected":false},"excerpt":{"rendered":"<p>Maupassant ne pouvait mieux choisir qu\u2019un pseudonyme \u00e9vocateur tel que Bel-Ami pour son roman phare. Cet ouvrage, que j\u2019ai d\u00e9vor\u00e9 dans le vacarme de Paris, m\u2019a laiss\u00e9e oscillant entre admiration pour la plume de l\u2019auteur et r\u00e9pulsion pour son tableau de notre soci\u00e9t\u00e9. Les critiques sont partag\u00e9es, comme j\u2019ai pu le constater dans les colonnes&hellip; <a class=\"more-link\" href=\"https:\/\/sites.smith.edu\/frn372-fa24\/le-paulois-eveille-portrait-dun-paris-qui-suffoque-sous-le-poids-de-ses-ambitions\/\">Continue reading <span class=\"screen-reader-text\">Le Paulois Eveill\u00e9: Portrait d\u2019un Paris qui suffoque sous le poids de ses ambitions<\/span> <span class=\"meta-nav\" aria-hidden=\"true\">&rarr;<\/span><\/a><\/p>\n","protected":false},"author":5749,"featured_media":0,"comment_status":"closed","ping_status":"closed","sticky":false,"template":"","format":"standard","meta":{"footnotes":""},"categories":[44],"tags":[],"class_list":["post-4225","post","type-post","status-publish","format-standard","hentry","category-chroniqueiii"],"_links":{"self":[{"href":"https:\/\/sites.smith.edu\/frn372-fa24\/wp-json\/wp\/v2\/posts\/4225","targetHints":{"allow":["GET"]}}],"collection":[{"href":"https:\/\/sites.smith.edu\/frn372-fa24\/wp-json\/wp\/v2\/posts"}],"about":[{"href":"https:\/\/sites.smith.edu\/frn372-fa24\/wp-json\/wp\/v2\/types\/post"}],"author":[{"embeddable":true,"href":"https:\/\/sites.smith.edu\/frn372-fa24\/wp-json\/wp\/v2\/users\/5749"}],"replies":[{"embeddable":true,"href":"https:\/\/sites.smith.edu\/frn372-fa24\/wp-json\/wp\/v2\/comments?post=4225"}],"version-history":[{"count":1,"href":"https:\/\/sites.smith.edu\/frn372-fa24\/wp-json\/wp\/v2\/posts\/4225\/revisions"}],"predecessor-version":[{"id":4226,"href":"https:\/\/sites.smith.edu\/frn372-fa24\/wp-json\/wp\/v2\/posts\/4225\/revisions\/4226"}],"wp:attachment":[{"href":"https:\/\/sites.smith.edu\/frn372-fa24\/wp-json\/wp\/v2\/media?parent=4225"}],"wp:term":[{"taxonomy":"category","embeddable":true,"href":"https:\/\/sites.smith.edu\/frn372-fa24\/wp-json\/wp\/v2\/categories?post=4225"},{"taxonomy":"post_tag","embeddable":true,"href":"https:\/\/sites.smith.edu\/frn372-fa24\/wp-json\/wp\/v2\/tags?post=4225"}],"curies":[{"name":"wp","href":"https:\/\/api.w.org\/{rel}","templated":true}]}}