{"id":621,"date":"2024-02-09T12:38:09","date_gmt":"2024-02-09T17:38:09","guid":{"rendered":"https:\/\/sites.smith.edu\/frn372-sp24\/?p=621"},"modified":"2024-10-02T09:52:35","modified_gmt":"2024-10-02T13:52:35","slug":"le-roman-feuilleton","status":"publish","type":"post","link":"https:\/\/sites.smith.edu\/frn372-fa24\/le-roman-feuilleton\/","title":{"rendered":"Le roman-feuilleton, la publicit\u00e9, la vie quotidienne"},"content":{"rendered":"\n<p><a href=\"https:\/\/drive.google.com\/drive\/folders\/14IIlkW_O1NSd4Kzu5gUScFXf39XroTHV?usp=sharing\" data-type=\"link\" data-id=\"https:\/\/drive.google.com\/drive\/folders\/14IIlkW_O1NSd4Kzu5gUScFXf39XroTHV?usp=sharing\" target=\"_blank\" rel=\"noreferrer noopener\">Affiches pour romans-feuilletons (fichier avec images)<\/a><\/p>\n\n\n\n<blockquote class=\"wp-block-quote has-small-font-size is-layout-flow wp-block-quote-is-layout-flow\">\n<p style=\"font-size:16px\">On ne s&#8217;abonne plus \u00e0 un journal \u00e0 cause de son opinion semblable \u00e0 la sienne; on s&#8217;y abonne, toutes couleurs indiff\u00e9rentes, suivant que le <strong>feuilleton<\/strong> est plus ou moins amusant.<\/p>\n<cite>Un d\u00e9put\u00e9 en 1845, cit\u00e9 dans Palmer,&nbsp;<em>Des petits journaux aux grandes agences<\/em>, p. 2<\/cite><\/blockquote>\n\n\n\n<blockquote class=\"wp-block-quote has-small-font-size is-layout-flow wp-block-quote-is-layout-flow\">\n<p style=\"font-size:16px\">Le \u00ab <strong>feuilleton<\/strong> \u00bb d\u2019un journal, c\u2019est avant tout une rubrique qui se situe en bas de page \u2013 et pas forc\u00e9ment de la premi\u00e8re \u2013 d\u2019un quotidien et qui est s\u00e9par\u00e9e du reste du texte (en g\u00e9n\u00e9ral plus s\u00e9rieux et politique) par une fine ligne. Cet \u00e9l\u00e9ment, \u00e9galement appel\u00e9 \u00ab <strong>rez-de-chauss\u00e9e <\/strong>\u00bb, est un des premiers rubricages clairs dans la presse de l\u2019\u00e9poque (il se d\u00e9veloppe dans les ann\u00e9es 1830). Il est d\u2019abord consacr\u00e9 \u00e0 des textes de \u00ab Vari\u00e9t\u00e9s \u00bb et autres \u00ab Revues \u00bb : on y trouve surtout de la critique litt\u00e9raire, artistique et dramatique. Th\u00e9ophile Gautier et Alexandre Dumas, par exemple, en \u00e9crivent beaucoup.<\/p>\n\n\n\n<p style=\"font-size:16px\">Au cours du si\u00e8cle, l\u2019utilisation de cette rubrique se sp\u00e9cialise : on y fait para\u00eetre des extraits litt\u00e9raires, puis des romans dans leur totalit\u00e9, publi\u00e9s par tranches, en parall\u00e8le d\u2019articles de critique.<\/p>\n\n\n\n<p style=\"font-size:16px\">Le <strong>roman-feuilleton<\/strong> est alors caract\u00e9ris\u00e9 par une <strong>publication morcel\u00e9e<\/strong>, par la mention \u00ab \u00c0 suivre \u00bb ou encore \u00ab La suite \u00e0 demain \u00bb et par sa localisation dans la section \u00ab feuilleton \u00bb du quotidien. En m\u00eame temps qu\u2019il se d\u00e9veloppe, le genre se normalise.<\/p>\n\n\n\n<p style=\"font-size:16px\">Certains textes sont \u00e9crits sp\u00e9cifiquement pour ce mode de publication : souvent longs, ce sont des romans populaires qui exploitent le suspens des interruptions programm\u00e9es, et n\u2019h\u00e9sitent pas \u00e0 ajouter des p\u00e9rip\u00e9ties, \u00e0 r\u00e9utiliser des personnages d\u2019un roman \u00e0 l\u2019autre, afin de conserver l\u2019attention des lecteurs : Alexandre Dumas et ses mousquetaires, <strong>Eug\u00e8ne Sue<\/strong> avec <strong>Les Myst\u00e8res de Paris <\/strong>ou encore Ponson du Terrail et ses nombreux romans o\u00f9 l\u2019on retrouve Rocambole, en sont d\u2019excellents exemples.<\/p>\n<cite><a rel=\"noreferrer noopener\" href=\"https:\/\/gallica.bnf.fr\/blog\/28102020\/le-roman-feuilleton-quest-ce-que-cest?mode=desktop\" target=\"_blank\">Le roman-feuilleton, qu&#8217;est-ce que c&#8217;est?<\/a>&nbsp;(Blog de Gallica)<\/cite><\/blockquote>\n\n\n\n<h2 class=\"wp-block-heading\">Le roman-feuilleton et la vie quotidienne<\/h2>\n\n\n\n<h3 class=\"wp-block-heading\">Qui lisait quoi dans le journal? Comment lisait-on? Quel rapport \u00e0 la vie quotidienne? Voici ce qu&#8217;en disait des Fran\u00e7aises qui \u00e9taient jeunes vers 1900 :<\/h3>\n\n\n\n<blockquote class=\"wp-block-quote has-small-font-size is-layout-flow wp-block-quote-is-layout-flow\">\n<p style=\"font-size:16px\">\u2014 Ma m\u00e8re, comme toutes les dames, elle lisait moins le journal que mon p\u00e8re. Les femmes ne s&#8217;int\u00e9ressaient pas \u00e0 la politique ; elles lisaient les faits divers, les proc\u00e8s, les choses comme \u00e7a. (Femme n\u00e9e \u00e0 Paris en 1893 ; p\u00e8re vendeur au Bon March\u00e9, m\u00e8re sans profession).<\/p>\n\n\n\n<p style=\"font-size:16px\">\u2014 Bien s\u00fbr que oui ! Ma m\u00e8re lisait le feuilleton; comme toutes&nbsp;les femmes, \u00e7a l&#8217;int\u00e9ressait ! (Femme n\u00e9e en 1888 dans un bourg&nbsp;agricole des Vosges; p\u00e8re employ\u00e9 des chemins de fer, m\u00e8re sans&nbsp;profession.)<\/p>\n\n\n\n<p style=\"font-size:16px\">\u2014 Tous les matins, on d\u00e9posait \u00e0 notre porte le&nbsp;<em>Matin<\/em>. Mon p\u00e8re&nbsp;le lisait \u00e0 fond, apr\u00e8s le repas de midi. Mais il ne lisait pas le feuilleton,&nbsp;oh non ! S\u00fbrement pas ! Ma m\u00e8re, elle aussi, lisait le journal&nbsp;mais elle ne se passionnait pas pour la politique; ce qu&#8217;elle&nbsp;lisait, bien s\u00fbr, c&#8217;\u00e9tait le feuilleton. (Femme n\u00e9e en 1897 \u00e0 Paris;&nbsp;p\u00e8re petit entrepreneur en ma\u00e7onnerie, m\u00e8re sans profession.)<\/p>\n\n\n\n<p style=\"font-size:16px\">\u2014 La voisine de mes parents ne savait pas lire. Tous les soirs elle&nbsp;appelait ma m\u00e8re en criant : \u00abVenez, venez donc!\u00bb, pour qu&#8217;elle&nbsp;vienne lui lire son feuilleton. (Homme n\u00e9 en 1888 dans un bourg&nbsp;de l&#8217;Ard\u00e8che ; m\u00e8re scolaris\u00e9e.)<\/p>\n\n\n\n<p style=\"font-size:16px\">\u2014 Ma m\u00e8re savait \u00e0 peine lire. Alors tous les soirs, elle me disait :&nbsp;\u00abEh bien ! Tu ne me le lis pas, aujourd&#8217;hui, le feuilleton?\u00bb&nbsp;(Femme n\u00e9e \u00e0 Paris en 1900; parents \u00e9migr\u00e9s de l&#8217;Auvergne; m\u00e8re&nbsp;femme de m\u00e9nage.)<\/p>\n\n\n\n<p style=\"font-size:16px\">\u2014 Ma m\u00e8re d\u00e9coupait le feuilleton, bien s\u00fbr ! Elle le reliait aussi:&nbsp;c&#8217;\u00e9t\u00e0it une femme tr\u00e8s ordonn\u00e9e. (Femme n\u00e9e en 1899 \u00e0 Pans; pere&nbsp;jardinier de la ville de Paris, m\u00e8re sans profession.)<\/p>\n<cite>Propos recueillis dans Anne-Marie Thiesse,&nbsp;<em>Le roman du quotidien<\/em><\/cite><\/blockquote>\n\n\n\n<h3 class=\"wp-block-heading\">Relier les romans-feuilletons et les livraisons<\/h3>\n\n\n\n<figure class=\"wp-block-gallery has-nested-images columns-default is-cropped wp-block-gallery-1 is-layout-flex wp-block-gallery-is-layout-flex\">\n<figure data-wp-context=\"{&quot;imageId&quot;:&quot;69ee3458df242&quot;}\" data-wp-interactive=\"core\/image\" data-wp-key=\"69ee3458df242\" class=\"wp-block-image size-large wp-lightbox-container\"><img loading=\"lazy\" decoding=\"async\" width=\"633\" height=\"1024\" data-wp-class--hide=\"state.isContentHidden\" data-wp-class--show=\"state.isContentVisible\" data-wp-init=\"callbacks.setButtonStyles\" data-wp-on--click=\"actions.showLightbox\" data-wp-on--load=\"callbacks.setButtonStyles\" data-wp-on-window--resize=\"callbacks.setButtonStyles\" data-id=\"2869\" src=\"https:\/\/sites.smith.edu\/frn372-fa24\/wp-content\/uploads\/sites\/1111\/2024\/10\/Journal-des-Voyages-relie-@matthletourneux-633x1024.jpeg\" alt=\"\" class=\"wp-image-2869\" srcset=\"https:\/\/sites.smith.edu\/frn372-fa24\/wp-content\/uploads\/sites\/1111\/2024\/10\/Journal-des-Voyages-relie-@matthletourneux-633x1024.jpeg 633w, https:\/\/sites.smith.edu\/frn372-fa24\/wp-content\/uploads\/sites\/1111\/2024\/10\/Journal-des-Voyages-relie-@matthletourneux-185x300.jpeg 185w, https:\/\/sites.smith.edu\/frn372-fa24\/wp-content\/uploads\/sites\/1111\/2024\/10\/Journal-des-Voyages-relie-@matthletourneux-768x1242.jpeg 768w, https:\/\/sites.smith.edu\/frn372-fa24\/wp-content\/uploads\/sites\/1111\/2024\/10\/Journal-des-Voyages-relie-@matthletourneux-950x1536.jpeg 950w, https:\/\/sites.smith.edu\/frn372-fa24\/wp-content\/uploads\/sites\/1111\/2024\/10\/Journal-des-Voyages-relie-@matthletourneux-1266x2048.jpeg 1266w, https:\/\/sites.smith.edu\/frn372-fa24\/wp-content\/uploads\/sites\/1111\/2024\/10\/Journal-des-Voyages-relie-@matthletourneux-scaled.jpeg 1583w\" sizes=\"auto, (max-width: 633px) 100vw, 633px\" \/><button\n\t\t\tclass=\"lightbox-trigger\"\n\t\t\ttype=\"button\"\n\t\t\taria-haspopup=\"dialog\"\n\t\t\taria-label=\"Enlarge\"\n\t\t\tdata-wp-init=\"callbacks.initTriggerButton\"\n\t\t\tdata-wp-on--click=\"actions.showLightbox\"\n\t\t\tdata-wp-style--right=\"state.imageButtonRight\"\n\t\t\tdata-wp-style--top=\"state.imageButtonTop\"\n\t\t>\n\t\t\t<svg xmlns=\"http:\/\/www.w3.org\/2000\/svg\" width=\"12\" height=\"12\" fill=\"none\" viewBox=\"0 0 12 12\">\n\t\t\t\t<path fill=\"#fff\" d=\"M2 0a2 2 0 0 0-2 2v2h1.5V2a.5.5 0 0 1 .5-.5h2V0H2Zm2 10.5H2a.5.5 0 0 1-.5-.5V8H0v2a2 2 0 0 0 2 2h2v-1.5ZM8 12v-1.5h2a.5.5 0 0 0 .5-.5V8H12v2a2 2 0 0 1-2 2H8Zm2-12a2 2 0 0 1 2 2v2h-1.5V2a.5.5 0 0 0-.5-.5H8V0h2Z\" \/>\n\t\t\t<\/svg>\n\t\t<\/button><figcaption class=\"wp-element-caption\">Le Journal des Voyages<\/figcaption><\/figure>\n\n\n\n<figure data-wp-context=\"{&quot;imageId&quot;:&quot;69ee3458df7ab&quot;}\" data-wp-interactive=\"core\/image\" data-wp-key=\"69ee3458df7ab\" class=\"wp-block-image size-large wp-lightbox-container\"><img loading=\"lazy\" decoding=\"async\" width=\"649\" height=\"1024\" data-wp-class--hide=\"state.isContentHidden\" data-wp-class--show=\"state.isContentVisible\" data-wp-init=\"callbacks.setButtonStyles\" data-wp-on--click=\"actions.showLightbox\" data-wp-on--load=\"callbacks.setButtonStyles\" data-wp-on-window--resize=\"callbacks.setButtonStyles\" data-id=\"2873\" src=\"https:\/\/sites.smith.edu\/frn372-fa24\/wp-content\/uploads\/sites\/1111\/2024\/10\/Petit-Francais-illustre-relie-@matthletourneux-649x1024.jpeg\" alt=\"\" class=\"wp-image-2873\" srcset=\"https:\/\/sites.smith.edu\/frn372-fa24\/wp-content\/uploads\/sites\/1111\/2024\/10\/Petit-Francais-illustre-relie-@matthletourneux-649x1024.jpeg 649w, https:\/\/sites.smith.edu\/frn372-fa24\/wp-content\/uploads\/sites\/1111\/2024\/10\/Petit-Francais-illustre-relie-@matthletourneux-190x300.jpeg 190w, https:\/\/sites.smith.edu\/frn372-fa24\/wp-content\/uploads\/sites\/1111\/2024\/10\/Petit-Francais-illustre-relie-@matthletourneux-768x1211.jpeg 768w, https:\/\/sites.smith.edu\/frn372-fa24\/wp-content\/uploads\/sites\/1111\/2024\/10\/Petit-Francais-illustre-relie-@matthletourneux-974x1536.jpeg 974w, https:\/\/sites.smith.edu\/frn372-fa24\/wp-content\/uploads\/sites\/1111\/2024\/10\/Petit-Francais-illustre-relie-@matthletourneux-1299x2048.jpeg 1299w, https:\/\/sites.smith.edu\/frn372-fa24\/wp-content\/uploads\/sites\/1111\/2024\/10\/Petit-Francais-illustre-relie-@matthletourneux-scaled.jpeg 1623w\" sizes=\"auto, (max-width: 649px) 100vw, 649px\" \/><button\n\t\t\tclass=\"lightbox-trigger\"\n\t\t\ttype=\"button\"\n\t\t\taria-haspopup=\"dialog\"\n\t\t\taria-label=\"Enlarge\"\n\t\t\tdata-wp-init=\"callbacks.initTriggerButton\"\n\t\t\tdata-wp-on--click=\"actions.showLightbox\"\n\t\t\tdata-wp-style--right=\"state.imageButtonRight\"\n\t\t\tdata-wp-style--top=\"state.imageButtonTop\"\n\t\t>\n\t\t\t<svg xmlns=\"http:\/\/www.w3.org\/2000\/svg\" width=\"12\" height=\"12\" fill=\"none\" viewBox=\"0 0 12 12\">\n\t\t\t\t<path fill=\"#fff\" d=\"M2 0a2 2 0 0 0-2 2v2h1.5V2a.5.5 0 0 1 .5-.5h2V0H2Zm2 10.5H2a.5.5 0 0 1-.5-.5V8H0v2a2 2 0 0 0 2 2h2v-1.5ZM8 12v-1.5h2a.5.5 0 0 0 .5-.5V8H12v2a2 2 0 0 1-2 2H8Zm2-12a2 2 0 0 1 2 2v2h-1.5V2a.5.5 0 0 0-.5-.5H8V0h2Z\" \/>\n\t\t\t<\/svg>\n\t\t<\/button><figcaption class=\"wp-element-caption\">Le Petit Fran\u00e7ais illustr\u00e9<\/figcaption><\/figure>\n\n\n\n<figure data-wp-context=\"{&quot;imageId&quot;:&quot;69ee3458dfd8b&quot;}\" data-wp-interactive=\"core\/image\" data-wp-key=\"69ee3458dfd8b\" class=\"wp-block-image size-large wp-lightbox-container\"><img loading=\"lazy\" decoding=\"async\" width=\"1024\" height=\"908\" data-wp-class--hide=\"state.isContentHidden\" data-wp-class--show=\"state.isContentVisible\" data-wp-init=\"callbacks.setButtonStyles\" data-wp-on--click=\"actions.showLightbox\" data-wp-on--load=\"callbacks.setButtonStyles\" data-wp-on-window--resize=\"callbacks.setButtonStyles\" data-id=\"2870\" src=\"https:\/\/sites.smith.edu\/frn372-fa24\/wp-content\/uploads\/sites\/1111\/2024\/10\/LAs-des-Boy-Scouts-relie-@matthletourneux-1024x908.jpeg\" alt=\"\" class=\"wp-image-2870\" srcset=\"https:\/\/sites.smith.edu\/frn372-fa24\/wp-content\/uploads\/sites\/1111\/2024\/10\/LAs-des-Boy-Scouts-relie-@matthletourneux-1024x908.jpeg 1024w, https:\/\/sites.smith.edu\/frn372-fa24\/wp-content\/uploads\/sites\/1111\/2024\/10\/LAs-des-Boy-Scouts-relie-@matthletourneux-300x266.jpeg 300w, https:\/\/sites.smith.edu\/frn372-fa24\/wp-content\/uploads\/sites\/1111\/2024\/10\/LAs-des-Boy-Scouts-relie-@matthletourneux-768x681.jpeg 768w, https:\/\/sites.smith.edu\/frn372-fa24\/wp-content\/uploads\/sites\/1111\/2024\/10\/LAs-des-Boy-Scouts-relie-@matthletourneux-1536x1362.jpeg 1536w, https:\/\/sites.smith.edu\/frn372-fa24\/wp-content\/uploads\/sites\/1111\/2024\/10\/LAs-des-Boy-Scouts-relie-@matthletourneux-2048x1816.jpeg 2048w\" sizes=\"auto, (max-width: 1024px) 100vw, 1024px\" \/><button\n\t\t\tclass=\"lightbox-trigger\"\n\t\t\ttype=\"button\"\n\t\t\taria-haspopup=\"dialog\"\n\t\t\taria-label=\"Enlarge\"\n\t\t\tdata-wp-init=\"callbacks.initTriggerButton\"\n\t\t\tdata-wp-on--click=\"actions.showLightbox\"\n\t\t\tdata-wp-style--right=\"state.imageButtonRight\"\n\t\t\tdata-wp-style--top=\"state.imageButtonTop\"\n\t\t>\n\t\t\t<svg xmlns=\"http:\/\/www.w3.org\/2000\/svg\" width=\"12\" height=\"12\" fill=\"none\" viewBox=\"0 0 12 12\">\n\t\t\t\t<path fill=\"#fff\" d=\"M2 0a2 2 0 0 0-2 2v2h1.5V2a.5.5 0 0 1 .5-.5h2V0H2Zm2 10.5H2a.5.5 0 0 1-.5-.5V8H0v2a2 2 0 0 0 2 2h2v-1.5ZM8 12v-1.5h2a.5.5 0 0 0 .5-.5V8H12v2a2 2 0 0 1-2 2H8Zm2-12a2 2 0 0 1 2 2v2h-1.5V2a.5.5 0 0 0-.5-.5H8V0h2Z\" \/>\n\t\t\t<\/svg>\n\t\t<\/button><figcaption class=\"wp-element-caption\">L&#8217;As des Boy Scouts<\/figcaption><\/figure>\n\n\n\n<figure data-wp-context=\"{&quot;imageId&quot;:&quot;69ee3458e0303&quot;}\" data-wp-interactive=\"core\/image\" data-wp-key=\"69ee3458e0303\" class=\"wp-block-image size-large wp-lightbox-container\"><img loading=\"lazy\" decoding=\"async\" width=\"788\" height=\"1024\" data-wp-class--hide=\"state.isContentHidden\" data-wp-class--show=\"state.isContentVisible\" data-wp-init=\"callbacks.setButtonStyles\" data-wp-on--click=\"actions.showLightbox\" data-wp-on--load=\"callbacks.setButtonStyles\" data-wp-on-window--resize=\"callbacks.setButtonStyles\" data-id=\"2871\" src=\"https:\/\/sites.smith.edu\/frn372-fa24\/wp-content\/uploads\/sites\/1111\/2024\/10\/LIntrepide-reliee-@matthletourneux-788x1024.jpeg\" alt=\"\" class=\"wp-image-2871\" srcset=\"https:\/\/sites.smith.edu\/frn372-fa24\/wp-content\/uploads\/sites\/1111\/2024\/10\/LIntrepide-reliee-@matthletourneux-788x1024.jpeg 788w, https:\/\/sites.smith.edu\/frn372-fa24\/wp-content\/uploads\/sites\/1111\/2024\/10\/LIntrepide-reliee-@matthletourneux-231x300.jpeg 231w, https:\/\/sites.smith.edu\/frn372-fa24\/wp-content\/uploads\/sites\/1111\/2024\/10\/LIntrepide-reliee-@matthletourneux-768x998.jpeg 768w, https:\/\/sites.smith.edu\/frn372-fa24\/wp-content\/uploads\/sites\/1111\/2024\/10\/LIntrepide-reliee-@matthletourneux-1182x1536.jpeg 1182w, https:\/\/sites.smith.edu\/frn372-fa24\/wp-content\/uploads\/sites\/1111\/2024\/10\/LIntrepide-reliee-@matthletourneux-1576x2048.jpeg 1576w, https:\/\/sites.smith.edu\/frn372-fa24\/wp-content\/uploads\/sites\/1111\/2024\/10\/LIntrepide-reliee-@matthletourneux-scaled.jpeg 1970w\" sizes=\"auto, (max-width: 788px) 100vw, 788px\" \/><button\n\t\t\tclass=\"lightbox-trigger\"\n\t\t\ttype=\"button\"\n\t\t\taria-haspopup=\"dialog\"\n\t\t\taria-label=\"Enlarge\"\n\t\t\tdata-wp-init=\"callbacks.initTriggerButton\"\n\t\t\tdata-wp-on--click=\"actions.showLightbox\"\n\t\t\tdata-wp-style--right=\"state.imageButtonRight\"\n\t\t\tdata-wp-style--top=\"state.imageButtonTop\"\n\t\t>\n\t\t\t<svg xmlns=\"http:\/\/www.w3.org\/2000\/svg\" width=\"12\" height=\"12\" fill=\"none\" viewBox=\"0 0 12 12\">\n\t\t\t\t<path fill=\"#fff\" d=\"M2 0a2 2 0 0 0-2 2v2h1.5V2a.5.5 0 0 1 .5-.5h2V0H2Zm2 10.5H2a.5.5 0 0 1-.5-.5V8H0v2a2 2 0 0 0 2 2h2v-1.5ZM8 12v-1.5h2a.5.5 0 0 0 .5-.5V8H12v2a2 2 0 0 1-2 2H8Zm2-12a2 2 0 0 1 2 2v2h-1.5V2a.5.5 0 0 0-.5-.5H8V0h2Z\" \/>\n\t\t\t<\/svg>\n\t\t<\/button><figcaption class=\"wp-element-caption\">L&#8217;Intr\u00e9pide<\/figcaption><\/figure>\n\n\n\n<figure data-wp-context=\"{&quot;imageId&quot;:&quot;69ee3458e08ae&quot;}\" data-wp-interactive=\"core\/image\" data-wp-key=\"69ee3458e08ae\" class=\"wp-block-image size-large wp-lightbox-container\"><img loading=\"lazy\" decoding=\"async\" width=\"713\" height=\"1024\" data-wp-class--hide=\"state.isContentHidden\" data-wp-class--show=\"state.isContentVisible\" data-wp-init=\"callbacks.setButtonStyles\" data-wp-on--click=\"actions.showLightbox\" data-wp-on--load=\"callbacks.setButtonStyles\" data-wp-on-window--resize=\"callbacks.setButtonStyles\" data-id=\"2872\" src=\"https:\/\/sites.smith.edu\/frn372-fa24\/wp-content\/uploads\/sites\/1111\/2024\/10\/LIntrepide-reliee-2-@matthletourneux-713x1024.jpeg\" alt=\"\" class=\"wp-image-2872\" srcset=\"https:\/\/sites.smith.edu\/frn372-fa24\/wp-content\/uploads\/sites\/1111\/2024\/10\/LIntrepide-reliee-2-@matthletourneux-713x1024.jpeg 713w, https:\/\/sites.smith.edu\/frn372-fa24\/wp-content\/uploads\/sites\/1111\/2024\/10\/LIntrepide-reliee-2-@matthletourneux-209x300.jpeg 209w, https:\/\/sites.smith.edu\/frn372-fa24\/wp-content\/uploads\/sites\/1111\/2024\/10\/LIntrepide-reliee-2-@matthletourneux-768x1103.jpeg 768w, https:\/\/sites.smith.edu\/frn372-fa24\/wp-content\/uploads\/sites\/1111\/2024\/10\/LIntrepide-reliee-2-@matthletourneux-1069x1536.jpeg 1069w, https:\/\/sites.smith.edu\/frn372-fa24\/wp-content\/uploads\/sites\/1111\/2024\/10\/LIntrepide-reliee-2-@matthletourneux-1426x2048.jpeg 1426w, https:\/\/sites.smith.edu\/frn372-fa24\/wp-content\/uploads\/sites\/1111\/2024\/10\/LIntrepide-reliee-2-@matthletourneux-scaled.jpeg 1782w\" sizes=\"auto, (max-width: 713px) 100vw, 713px\" \/><button\n\t\t\tclass=\"lightbox-trigger\"\n\t\t\ttype=\"button\"\n\t\t\taria-haspopup=\"dialog\"\n\t\t\taria-label=\"Enlarge\"\n\t\t\tdata-wp-init=\"callbacks.initTriggerButton\"\n\t\t\tdata-wp-on--click=\"actions.showLightbox\"\n\t\t\tdata-wp-style--right=\"state.imageButtonRight\"\n\t\t\tdata-wp-style--top=\"state.imageButtonTop\"\n\t\t>\n\t\t\t<svg xmlns=\"http:\/\/www.w3.org\/2000\/svg\" width=\"12\" height=\"12\" fill=\"none\" viewBox=\"0 0 12 12\">\n\t\t\t\t<path fill=\"#fff\" d=\"M2 0a2 2 0 0 0-2 2v2h1.5V2a.5.5 0 0 1 .5-.5h2V0H2Zm2 10.5H2a.5.5 0 0 1-.5-.5V8H0v2a2 2 0 0 0 2 2h2v-1.5ZM8 12v-1.5h2a.5.5 0 0 0 .5-.5V8H12v2a2 2 0 0 1-2 2H8Zm2-12a2 2 0 0 1 2 2v2h-1.5V2a.5.5 0 0 0-.5-.5H8V0h2Z\" \/>\n\t\t\t<\/svg>\n\t\t<\/button><figcaption class=\"wp-element-caption\">L&#8217;Intr\u00e9pide<\/figcaption><\/figure>\n<\/figure>\n\n\n\n<p><a href=\"https:\/\/x.com\/matthletourneux\/status\/1351512671456264193?s=61\" target=\"_blank\" rel=\"noreferrer noopener\">Voir ces exemples de feuilletons reli\u00e9s ici<\/a>.<\/p>\n\n\n\n<hr class=\"wp-block-separator has-alpha-channel-opacity\" \/>\n\n\n\n<h2 class=\"wp-block-heading\">La r\u00e9clame (voir le <a href=\"https:\/\/sites.smith.edu\/frn372-fa24\/lexique-de-la-presse\/\" data-type=\"post\" data-id=\"240\" target=\"_blank\" rel=\"noreferrer noopener\">Lexique<\/a>) et la critique litt\u00e9raire<\/h2>\n\n\n\n<p>Voici un commentaire int\u00e9ressant d&#8217;un critique litt\u00e9raire en 1884:<\/p>\n\n\n\n<p><code><div class=\"h5p-content\" data-content-id=\"58\"><\/div><\/code><\/p>\n\n\n\n<p>Ici on apprend que les nouveaux livres arrivent aux r\u00e9dactions des journaux avec des r\u00e9clames toutes faites coll\u00e9es \u00e0 l&#8217;int\u00e9rieur du livre \u2013 il suffit de les copier !<\/p>\n","protected":false},"excerpt":{"rendered":"<p>Affiches pour romans-feuilletons (fichier avec images) On ne s&#8217;abonne plus \u00e0 un journal \u00e0 cause de son opinion semblable \u00e0 la sienne; on s&#8217;y abonne, toutes couleurs indiff\u00e9rentes, suivant que le feuilleton est plus ou moins amusant. Un d\u00e9put\u00e9 en 1845, cit\u00e9 dans Palmer,&nbsp;Des petits journaux aux grandes agences, p. 2 Le \u00ab feuilleton \u00bb&hellip; <a class=\"more-link\" href=\"https:\/\/sites.smith.edu\/frn372-fa24\/le-roman-feuilleton\/\">Continue reading <span class=\"screen-reader-text\">Le roman-feuilleton, la publicit\u00e9, la vie quotidienne<\/span> <span class=\"meta-nav\" aria-hidden=\"true\">&rarr;<\/span><\/a><\/p>\n","protected":false},"author":4992,"featured_media":0,"comment_status":"open","ping_status":"closed","sticky":false,"template":"","format":"standard","meta":{"footnotes":""},"categories":[5,6,9],"tags":[],"class_list":["post-621","post","type-post","status-publish","format-standard","hentry","category-ressources","category-supplements","category-unite2"],"_links":{"self":[{"href":"https:\/\/sites.smith.edu\/frn372-fa24\/wp-json\/wp\/v2\/posts\/621","targetHints":{"allow":["GET"]}}],"collection":[{"href":"https:\/\/sites.smith.edu\/frn372-fa24\/wp-json\/wp\/v2\/posts"}],"about":[{"href":"https:\/\/sites.smith.edu\/frn372-fa24\/wp-json\/wp\/v2\/types\/post"}],"author":[{"embeddable":true,"href":"https:\/\/sites.smith.edu\/frn372-fa24\/wp-json\/wp\/v2\/users\/4992"}],"replies":[{"embeddable":true,"href":"https:\/\/sites.smith.edu\/frn372-fa24\/wp-json\/wp\/v2\/comments?post=621"}],"version-history":[{"count":2,"href":"https:\/\/sites.smith.edu\/frn372-fa24\/wp-json\/wp\/v2\/posts\/621\/revisions"}],"predecessor-version":[{"id":2875,"href":"https:\/\/sites.smith.edu\/frn372-fa24\/wp-json\/wp\/v2\/posts\/621\/revisions\/2875"}],"wp:attachment":[{"href":"https:\/\/sites.smith.edu\/frn372-fa24\/wp-json\/wp\/v2\/media?parent=621"}],"wp:term":[{"taxonomy":"category","embeddable":true,"href":"https:\/\/sites.smith.edu\/frn372-fa24\/wp-json\/wp\/v2\/categories?post=621"},{"taxonomy":"post_tag","embeddable":true,"href":"https:\/\/sites.smith.edu\/frn372-fa24\/wp-json\/wp\/v2\/tags?post=621"}],"curies":[{"name":"wp","href":"https:\/\/api.w.org\/{rel}","templated":true}]}}