{"id":625,"date":"2024-02-09T12:44:31","date_gmt":"2024-02-09T17:44:31","guid":{"rendered":"https:\/\/sites.smith.edu\/frn372-sp24\/?p=625"},"modified":"2024-10-04T14:21:41","modified_gmt":"2024-10-04T18:21:41","slug":"balzac-la-presse-les-illusions-perdues","status":"publish","type":"post","link":"https:\/\/sites.smith.edu\/frn372-fa24\/balzac-la-presse-les-illusions-perdues\/","title":{"rendered":"Balzac, la presse, les Illusions perdues"},"content":{"rendered":"<div class=\"wp-block-image\">\n<figure class=\"aligncenter size-large is-resized\"><img loading=\"lazy\" decoding=\"async\" width=\"1024\" height=\"1019\" src=\"https:\/\/sites.smith.edu\/frn372-fa24\/wp-content\/uploads\/sites\/1111\/2024\/02\/image_gilbert_charles_balzac_ecrivant_bal_716_1047837-scaled-e1709233198779-1024x1019.jpg\" alt=\"Balzac en robe de moine est juch\u00e9 sur des \u00e9chasses, il regarde par-dessus le &quot;mur de la vie priv\u00e9e&quot; et prend des notes.\" class=\"wp-image-1087\" style=\"width:400px\" srcset=\"https:\/\/sites.smith.edu\/frn372-fa24\/wp-content\/uploads\/sites\/1111\/2024\/02\/image_gilbert_charles_balzac_ecrivant_bal_716_1047837-scaled-e1709233198779-1024x1019.jpg 1024w, https:\/\/sites.smith.edu\/frn372-fa24\/wp-content\/uploads\/sites\/1111\/2024\/02\/image_gilbert_charles_balzac_ecrivant_bal_716_1047837-scaled-e1709233198779-300x300.jpg 300w, https:\/\/sites.smith.edu\/frn372-fa24\/wp-content\/uploads\/sites\/1111\/2024\/02\/image_gilbert_charles_balzac_ecrivant_bal_716_1047837-scaled-e1709233198779-150x150.jpg 150w, https:\/\/sites.smith.edu\/frn372-fa24\/wp-content\/uploads\/sites\/1111\/2024\/02\/image_gilbert_charles_balzac_ecrivant_bal_716_1047837-scaled-e1709233198779-768x765.jpg 768w, https:\/\/sites.smith.edu\/frn372-fa24\/wp-content\/uploads\/sites\/1111\/2024\/02\/image_gilbert_charles_balzac_ecrivant_bal_716_1047837-scaled-e1709233198779-1536x1529.jpg 1536w, https:\/\/sites.smith.edu\/frn372-fa24\/wp-content\/uploads\/sites\/1111\/2024\/02\/image_gilbert_charles_balzac_ecrivant_bal_716_1047837-scaled-e1709233198779.jpg 1808w\" sizes=\"auto, (max-width: 1024px) 100vw, 1024px\" \/><figcaption class=\"wp-element-caption\">Gilbert-Martin, Charles, gravure, 1868 : &#8220;Balzac \u00e9crivant de nos jours les Sc\u00e8nes de la vie priv\u00e9e&#8221;.  Planche grav\u00e9e d&#8217;apr\u00e8s un dessin de Cham pour &#8220;Nos jeux et nos ris&#8221;, 1868. Collection de la Maison de Balzac.<\/figcaption><\/figure>\n<\/div>\n\n\n<h2 class=\"wp-block-heading\">Introduction au roman<\/h2>\n\n\n\n<blockquote class=\"wp-block-quote has-small-font-size is-layout-flow wp-block-quote-is-layout-flow\">\n<p style=\"font-size:16px\">Ce roman sur l\u2019ambition litt\u00e9raire et le monde impitoyable de la presse est aujourd\u2019hui consid\u00e9r\u00e9 comme un des chefs-d\u2019\u0153uvre de Balzac. Lui-m\u00eame le consid\u00e9rait comme \u00ab&nbsp;l&#8217;\u0153uvre capitale dans l&#8217;\u0153uvre&nbsp;\u00bb. De nombreux personnages de&nbsp;<em>La Com\u00e9die humaine<\/em>&nbsp;s\u2019y croisent, le roman \u00e9tant \u00e0 la charni\u00e8re des&nbsp;<em>Sc\u00e8nes de la vie parisiennes<\/em>&nbsp;et des&nbsp;<em>Sc\u00e8nes de la vie de province<\/em>. Le h\u00e9ros Lucien vit tour \u00e0 tour \u00e0 Angoul\u00eame et \u00e0 Paris. Mais les contemporains de Balzac l\u2019ont d\u2019abord lu sous la forme de trois romans, publi\u00e9s s\u00e9par\u00e9ment en&nbsp;1837 (<em>Illusions perdues<\/em>), <strong>1839 (<em>Un grand homme de province \u00e0 Paris<\/em>)<\/strong> et 1843 (<em>\u00c8ve et David<\/em>).<\/p>\n<cite><a href=\"https:\/\/gallica.bnf.fr\/essentiels\/balzac\/illusions-perdues\" data-type=\"link\" data-id=\"https:\/\/gallica.bnf.fr\/essentiels\/balzac\/illusions-perdues\" target=\"_blank\" rel=\"noreferrer noopener\">BnF Essentiels<\/a><\/cite><\/blockquote>\n\n\n\n<blockquote class=\"wp-block-quote has-small-font-size is-layout-flow wp-block-quote-is-layout-flow\">\n<p style=\"font-size:16px\">Nos deux h\u00e9ros, le&nbsp;<strong>beau po\u00e8te Lucien de Rubempr\u00e9<\/strong>&nbsp;[<em>note de la prof : nos extraits se concentrent sur Lucien<\/em>] et&nbsp;son ami l\u2019inventeur-imprimeur David S\u00e9chard, sont jeunes, talentueux, id\u00e9alistes mais sans argent. Ils aiment la litt\u00e9rature et caressent l\u2019espoir de \u00ab&nbsp;s\u2019y faire un nom et une fortune&nbsp;\u00bb.<\/p>\n\n\n\n<p style=\"font-size:16px\">Soutenu financi\u00e8rement par David, l\u2019ambitieux Lucien quitte Angoul\u00eame aux c\u00f4t\u00e9s de Mme de Bargeton, sa protectrice, pour faire ses d\u00e9buts litt\u00e9raires \u00e0 Paris. <strong>Il y d\u00e9couvre les s\u00e9ductions et les dangers de la soci\u00e9t\u00e9 parisienne, la \u00ab&nbsp;r\u00e9alit\u00e9 d\u00e9sesp\u00e9rante&nbsp;\u00bb de la presse et l\u2019impitoyable milieu du journalisme, les coulisses du th\u00e9\u00e2tre et les transactions mesquines de la librairie (l\u2019\u00e9dition)<\/strong>. Son succ\u00e8s est aussi fulgurant que fragile&nbsp;et l\u00e0 o\u00f9 un Rastignac r\u00e9ussit, Rubempr\u00e9 tr\u00e9buche et succombe face aux jaloux et aux intrigants.<\/p>\n\n\n\n<p style=\"font-size:16px\">Aussi, la chute de Lucien est-elle \u00e0 la hauteur de ses illusions. Les dettes s\u2019accumulent et les revers&nbsp;se succ\u00e8dent&nbsp;: ses amis l\u2019abandonnent, l\u2019actrice Coralie, sa jeune ma\u00eetresse, meurt de chagrin dans ses bras, et Lucien, accul\u00e9, d\u00e9tourne l\u2019argent de David qu\u2019il compromet, et ruine sa famille.<\/p>\n<cite><a href=\"https:\/\/www.radiofrance.fr\/franceculture\/podcasts\/serie-illusions-perdues-d-honore-de-balzac\" target=\"_blank\" rel=\"noreferrer noopener\">France Culture<\/a><\/cite><\/blockquote>\n\n\n\n<hr class=\"wp-block-separator has-alpha-channel-opacity is-style-dots\" \/>\n\n\n\n<h3 class=\"wp-block-heading\">Sainte-Beuve \u00e0 propos de la deuxi\u00e8me partie des <em>Illusions perdues <\/em>(celle dont nous lisons un extrait) :<\/h3>\n\n\n\n<blockquote class=\"wp-block-quote has-small-font-size is-layout-flow wp-block-quote-is-layout-flow\">\n<p style=\"font-size:16px\">Ce qui&nbsp;est certain (et en r\u00e9duisant&nbsp;toujours notre point de vue), c&#8217;est&nbsp;que<strong> la moralit\u00e9 litt\u00e9raire&nbsp;de la presse&nbsp;en g\u00e9n\u00e9ral&nbsp;a baiss\u00e9&nbsp;depuis lors d&#8217;un cran<\/strong>. Si l&#8217;on peignait&nbsp;au&nbsp;complet&nbsp;le d\u00e9tail de ces&nbsp;m\u0153urs, on ne le croirait pas. <strong>M. de&nbsp;Balzac a rassembl\u00e9, derni\u00e8rement, beaucoup de&nbsp;ces&nbsp;vilainies&nbsp;dans un&nbsp;roman qui&nbsp;a pour titre&nbsp;<\/strong><em><strong>un&nbsp;<\/strong><\/em><strong><em>Grand Homme de<\/em>&nbsp;<em>Province<\/em><\/strong>,<em>&nbsp;<\/em>mais&nbsp;en les&nbsp;env\u00e9loppant&nbsp;de&nbsp;son fantastique ordinaire: comme dernier trait qu&#8217;il&nbsp;a omis, toutes&nbsp;ces r\u00e9v\u00e9lations&nbsp;curieuses&nbsp;ne l&#8217;ont pas brouill\u00e9&nbsp;avec les&nbsp;gens en question, d\u00e8s&nbsp;que leurs int\u00e9r\u00eats&nbsp;sont redevenus communs.<\/p>\n<cite>Sainte-Beuve, De la litt\u00e9rature&nbsp;industrielle, p. 684<\/cite><\/blockquote>\n\n\n\n<h2 class=\"wp-block-heading\">Les personnages<\/h2>\n\n\n\n<ul class=\"wp-block-list\">\n<li><strong>Lucien Chardon \/ de Rubempr\u00e9<\/strong> : jeune po\u00e8te et \u00e9crivain de province qui vient tenter ses chances \u00e0 Paris<\/li>\n\n\n\n<li>D&#8217;Arthez, Fulgence, Chrestien, Giraud, etc. : jeunes \u00e9crivains du \u00ab<strong>C\u00e9nacle<\/strong>\u00bb, un groupe litt\u00e9raire ; idealistes, ils d\u00e9daignent le commerce et le journalisme et croient en \u00abl&#8217;art pour l&#8217;art\u00bb<\/li>\n\n\n\n<li><strong>Finot<\/strong> : un directeur de journal<\/li>\n\n\n\n<li><strong>\u00c9tienne Lousteau<\/strong> : un journaliste<\/li>\n\n\n\n<li><strong>Raoul Nathan<\/strong> : un po\u00e8te et \u00e9crivain, tour \u00e0 tour ami et rival de Lucien<\/li>\n\n\n\n<li><strong>Dauriat<\/strong> : un libraire\/\u00e9diteur (il publie des libres)<\/li>\n<\/ul>\n\n\n\n<h3 class=\"wp-block-heading\">Lucien&nbsp;\u00e0 Paris<\/h3>\n\n\n\n<p>La r\u00e9action de Lucien quand Madame de Bargeton, sa ma\u00eetresse, l&#8217;invite \u00e0 Paris :<\/p>\n\n\n\n<blockquote class=\"wp-block-quote has-small-font-size is-layout-flow wp-block-quote-is-layout-flow\">\n<p style=\"font-size:16px\">Lucien, h\u00e9b\u00e9t\u00e9 par le rapide coup d\u2019\u0153il qu\u2019il jeta sur <strong>Paris<\/strong>, en entendant ces <strong>s\u00e9duisantes paroles<\/strong>, crut n\u2019avoir jusqu\u2019alors joui que de la moiti\u00e9 de son cerveau\u00a0; il lui sembla que l\u2019autre moiti\u00e9 se d\u00e9couvrait, tant ses id\u00e9es s\u2019agrandirent\u00a0: il se vit, dans Angoul\u00eame, comme une grenouille sous sa pierre au fond d\u2019un mar\u00e9cage. <strong>Paris et ses splendeurs, Paris, qui se produit dans toutes les imaginations de province comme un Eldorado, lui apparut avec sa robe d\u2019or, la t\u00eate ceinte de pierreries royales, les bras ouverts aux talents<\/strong>. Les gens illustres allaient lui donner l\u2019accolade fraternelle. L\u00e0 tout souriait au g\u00e9nie. L\u00e0 ni gentill\u00e2tres jaloux qui lan\u00e7assent des mots piquants pour humilier l\u2019\u00e9crivain, ni sotte indiff\u00e9rence pour la po\u00e9sie. De l\u00e0 jaillissaient les \u0153uvres des po\u00e8tes, l\u00e0 elles \u00e9taient pay\u00e9es et mises en\u00a0lumi\u00e8re. Apr\u00e8s avoir lu les premi\u00e8res pages de\u00a0<em>l\u2019Archer de Charles\u00a0IX <\/em>[son recueil de po\u00e8mes qu&#8217;il veut faire publier], les libraires ouvriraient leurs caisses et lui diraient\u00a0: Combien voulez-vous\u00a0?<\/p>\n<cite>Balzac, Illusions perdues<\/cite><\/blockquote>\n\n\n\n<hr class=\"wp-block-separator has-alpha-channel-opacity is-style-dots\" \/>\n\n\n\n<p>Pour la biographie, voir par exemple <a rel=\"noreferrer noopener\" href=\"https:\/\/essentiels.bnf.fr\/fr\/article\/64f35bd4-a784-460d-8ef1-0592d9eeb4d7-balzac-en-30-dates\" data-type=\"link\" data-id=\"https:\/\/essentiels.bnf.fr\/fr\/article\/64f35bd4-a784-460d-8ef1-0592d9eeb4d7-balzac-en-30-dates\" target=\"_blank\">Balzac en 30 dates<\/a> ou <a rel=\"noreferrer noopener\" href=\"https:\/\/gallica.bnf.fr\/essentiels\/balzac\" data-type=\"link\" data-id=\"https:\/\/gallica.bnf.fr\/essentiels\/balzac\" target=\"_blank\">Les Essentiels de la litt\u00e9rature<\/a><\/p>\n\n\n\n<blockquote class=\"wp-block-quote has-small-font-size is-layout-flow wp-block-quote-is-layout-flow\">\n<p style=\"font-size:16px\">Trait\u00e9 de son temps non sans ironie comme \u00ab&nbsp;le plus f\u00e9cond de nos romanciers&nbsp;\u00bb, craint des potaches de tous \u00e2ges pour ses longues descriptions, Balzac (1799-1850) est aujourd\u2019hui consid\u00e9r\u00e9 comme le plus grand romancier fran\u00e7ais de tous les temps. Mieux encore, c\u2019est lui qui a invent\u00e9 le roman sous sa forme moderne, en lui donnant pour t\u00e2che premi\u00e8re de peindre les m\u0153urs, sans pour autant rompre avec sa dimension proprement romanesque. Il est l\u2019auteur d\u2019une somme monumentale qui, en 1842, prend pour titre&nbsp;:&nbsp;<em>La Com\u00e9die humaine<\/em>, inachev\u00e9e \u00e0 sa mort en 1850. Balzac fut aussi une personnalit\u00e9 litt\u00e9raire haute en couleurs, tirant parti de l\u2019originalit\u00e9 de sa mani\u00e8re de vivre, quitte \u00e0 \u00eatre r\u00e9duit \u00e0 quelques clich\u00e9s&nbsp;: travail nocturne, consommation excessive de caf\u00e9, canne merveilleuse, robe de moine, habitations excentriques. Une aubaine pour les feuilletonistes, les biographes et les caricaturistes.<\/p>\n<cite><a href=\"https:\/\/gallica.bnf.fr\/essentiels\/balzac\">BnF Les Essentiels<\/a><\/cite><\/blockquote>\n\n\n\n<hr class=\"wp-block-separator has-alpha-channel-opacity is-style-dots\" \/>\n\n\n\n<p>Quelques articles int\u00e9ressants sur Balzac et la critique de la presse dans <em>Illusions perdues<\/em> :<\/p>\n\n\n\n<ul class=\"wp-block-list\">\n<li><a rel=\"noreferrer noopener\" href=\"https:\/\/www.radiofrance.fr\/franceculture\/les-illusions-perdues-et-deja-au-xixe-siecle-on-aimait-detester-les-journalistes-1344380\" data-type=\"link\" data-id=\"https:\/\/www.radiofrance.fr\/franceculture\/les-illusions-perdues-et-deja-au-xixe-siecle-on-aimait-detester-les-journalistes-1344380\" target=\"_blank\">Pauline Petit, France Culture &#8211; Les &#8220;Illusions perdues&#8221; : et d\u00e9j\u00e0 au XIXe si\u00e8cle, on aimait d\u00e9tester les journalistes<\/a><\/li>\n\n\n\n<li><a href=\"https:\/\/www.radiofrance.fr\/franceculture\/podcasts\/le-pourquoi-du-comment-histoire\/les-journalistes-etaient-ils-tous-pourris-a-l-epoque-de-balzac-7957500\" data-type=\"link\" data-id=\"https:\/\/www.radiofrance.fr\/franceculture\/podcasts\/le-pourquoi-du-comment-histoire\/les-journalistes-etaient-ils-tous-pourris-a-l-epoque-de-balzac-7957500\" target=\"_blank\" rel=\"noreferrer noopener\">Radio France &#8211; Les journalistes \u00e9taient-ils tous pourris \u00e0 l&#8217;\u00e9poque de Balzac ? <\/a><\/li>\n\n\n\n<li><a href=\"https:\/\/www-retronews-fr.libproxy.smith.edu\/arts\/echo-de-presse\/2023\/09\/21\/illusions-perdues-balzac\" data-type=\"link\" data-id=\"https:\/\/www-retronews-fr.libproxy.smith.edu\/arts\/echo-de-presse\/2023\/09\/21\/illusions-perdues-balzac\" target=\"_blank\" rel=\"noreferrer noopener\">Pierre Ancery, RetroNews &#8211; L\u2019accueil glacial des \u00ab Illusions perdues \u00bb de Balzac dans la presse<\/a><\/li>\n\n\n\n<li>Voir aussi <a href=\"https:\/\/essentiels.bnf.fr\/fr\/focus\/5af6f4c0-e585-4fc1-bc4e-34b6930f044b-journalistes-ecrivains-freres-ennemis\">Journalistes, \u00e9crivains, fr\u00e8res ennemis<\/a> dans BnF Essentiels<\/li>\n<\/ul>\n","protected":false},"excerpt":{"rendered":"<p>Introduction au roman Ce roman sur l\u2019ambition litt\u00e9raire et le monde impitoyable de la presse est aujourd\u2019hui consid\u00e9r\u00e9 comme un des chefs-d\u2019\u0153uvre de Balzac. Lui-m\u00eame le consid\u00e9rait comme \u00ab&nbsp;l&#8217;\u0153uvre capitale dans l&#8217;\u0153uvre&nbsp;\u00bb. De nombreux personnages de&nbsp;La Com\u00e9die humaine&nbsp;s\u2019y croisent, le roman \u00e9tant \u00e0 la charni\u00e8re des&nbsp;Sc\u00e8nes de la vie parisiennes&nbsp;et des&nbsp;Sc\u00e8nes de la vie de&hellip; <a class=\"more-link\" href=\"https:\/\/sites.smith.edu\/frn372-fa24\/balzac-la-presse-les-illusions-perdues\/\">Continue reading <span class=\"screen-reader-text\">Balzac, la presse, les Illusions perdues<\/span> <span class=\"meta-nav\" aria-hidden=\"true\">&rarr;<\/span><\/a><\/p>\n","protected":false},"author":4992,"featured_media":0,"comment_status":"open","ping_status":"closed","sticky":false,"template":"","format":"standard","meta":{"footnotes":""},"categories":[5,6,9],"tags":[],"class_list":["post-625","post","type-post","status-publish","format-standard","hentry","category-ressources","category-supplements","category-unite2"],"_links":{"self":[{"href":"https:\/\/sites.smith.edu\/frn372-fa24\/wp-json\/wp\/v2\/posts\/625","targetHints":{"allow":["GET"]}}],"collection":[{"href":"https:\/\/sites.smith.edu\/frn372-fa24\/wp-json\/wp\/v2\/posts"}],"about":[{"href":"https:\/\/sites.smith.edu\/frn372-fa24\/wp-json\/wp\/v2\/types\/post"}],"author":[{"embeddable":true,"href":"https:\/\/sites.smith.edu\/frn372-fa24\/wp-json\/wp\/v2\/users\/4992"}],"replies":[{"embeddable":true,"href":"https:\/\/sites.smith.edu\/frn372-fa24\/wp-json\/wp\/v2\/comments?post=625"}],"version-history":[{"count":7,"href":"https:\/\/sites.smith.edu\/frn372-fa24\/wp-json\/wp\/v2\/posts\/625\/revisions"}],"predecessor-version":[{"id":2955,"href":"https:\/\/sites.smith.edu\/frn372-fa24\/wp-json\/wp\/v2\/posts\/625\/revisions\/2955"}],"wp:attachment":[{"href":"https:\/\/sites.smith.edu\/frn372-fa24\/wp-json\/wp\/v2\/media?parent=625"}],"wp:term":[{"taxonomy":"category","embeddable":true,"href":"https:\/\/sites.smith.edu\/frn372-fa24\/wp-json\/wp\/v2\/categories?post=625"},{"taxonomy":"post_tag","embeddable":true,"href":"https:\/\/sites.smith.edu\/frn372-fa24\/wp-json\/wp\/v2\/tags?post=625"}],"curies":[{"name":"wp","href":"https:\/\/api.w.org\/{rel}","templated":true}]}}