{"id":656,"date":"2024-02-09T14:25:13","date_gmt":"2024-02-09T19:25:13","guid":{"rendered":"https:\/\/sites.smith.edu\/frn372-sp24\/?p=656"},"modified":"2024-10-16T12:03:38","modified_gmt":"2024-10-16T16:03:38","slug":"les-debats-sur-la-presse-dans-la-presse","status":"publish","type":"post","link":"https:\/\/sites.smith.edu\/frn372-fa24\/les-debats-sur-la-presse-dans-la-presse\/","title":{"rendered":"Les d\u00e9bats sur la presse dans la presse"},"content":{"rendered":"\n<p>Tous\u00a0ces\u00a0textes, publi\u00e9s dans la presse\u00a0entre\u00a01881 (Zola) et 1886 (Millaud et Giffard), renvoie\u00a0\u00e0\u00a0un d\u00e9bat autour\u00a0du\u00a0journalisme\u00a0au\u00a0XIXe\u00a0si\u00e8cle\u00a0en France : ses\u00a0qualit\u00e9s\u00a0litt\u00e9raires, son son\u00a0caract\u00e8re\u00a0quotidien\u00a0et\u00a0commercial, son rapport \u00e0 l&#8217;information. Par cela\u00a0ces articles\u00a0renvoient\u00a0\u00e9galement\u00a0\u00e0\u00a0<em>Bel-Ami<\/em>\u00a0et aux r\u00e9ponses de certains critiques envers ce roman\u00a0qu&#8217;ils\u00a0trouvaient trop cynique, trop pessimiste\u00a0\u00e0 l&#8217;\u00e9gard\u00a0du journalisme\u00a0fran\u00e7ais.<\/p>\n\n\n\n<h2 class=\"wp-block-heading\">\u00c9chos du d\u00e9bat<\/h2>\n\n\n\n<blockquote class=\"wp-block-quote has-small-font-size is-layout-flow wp-block-quote-is-layout-flow\">\n<p style=\"font-size:16px\">Qu&#8217;en restera-t-il de tout cela ! Rien ? [&#8230;]<\/p>\n\n\n\n<p style=\"font-size:16px\">Il aura \u00e9t\u00e9 aussi inutile de chroniquer pendant des semaines, des ann\u00e9es, qu&#8217;il est inutile d&#8217;\u00e9crire son nom sur le sable. [&#8230;]<\/p>\n\n\n\n<p style=\"font-size:16px\">L&#8217;actualit\u00e9, l&#8217;actualit\u00e9 ! Il faut courir apr\u00e8s elle, o\u00f9 elle se trouve. On est son gal\u00e9rien, moins que cela, son domestique.<\/p>\n<cite>Jules Vall\u00e8s, \u00abHier-Demain\u00bb, Le Nain Jaune, 14 f\u00e9vrier 1867<\/cite><\/blockquote>\n\n\n\n<blockquote class=\"wp-block-quote has-small-font-size is-layout-flow wp-block-quote-is-layout-flow\">\n<p style=\"font-size:16px\">Tous parurent \u00e9tonn\u00e9s de trouver \u00e0 Lucien des scrupules et achev\u00e8rent de mettre en lambeaux sa robe pr\u00e9texte pour lui passer la robe virile des journalistes.<\/p>\n<cite>Balzac, Illusions perdues, p. 422<\/cite><\/blockquote>\n\n\n\n<h2 class=\"wp-block-heading\">Autres articles int\u00e9ressants :<\/h2>\n\n\n\n<blockquote class=\"wp-block-quote has-small-font-size is-layout-flow wp-block-quote-is-layout-flow\">\n<p style=\"font-size:16px\">La chronique\u2014son nom l&#8217;indique\u2014n&#8217;est que la fleur d&#8217;un jour, et le lendemain elle est fan\u00e9e. Et c&#8217;est grand&#8217;piti\u00e9 de penser que tant d&#8217;hommes de talent qui auraient pu, peut-\u00eatre, doter la litt\u00e9rature fran\u00e7aise de beaux et nobles ouvrages, ne laisseront derri\u00e8re eux que des chroniques, c&#8217;est-\u00e0-dire une fum\u00e9e qui se dissipe, un parfum qui s&#8217;\u00e9vapore, un bruit qui rentre bient\u00f4t dans le grand silence des choses mortes \u2014 c&#8217;est-\u00e0-dire rien.<\/p>\n<cite>Octave Mirbeau, \u00abB\u00e2tons rompus\u00bb,\u00a0<em>Le Gaulois<\/em>, 24 mai 1886<\/cite><\/blockquote>\n\n\n\n<p><code><div class=\"h5p-content\" data-content-id=\"86\"><\/div><\/code><\/p>\n\n\n\n<blockquote class=\"wp-block-quote has-small-font-size is-layout-flow wp-block-quote-is-layout-flow\">\n<p style=\"font-size:16px\">Il y avait, parmi nous, des romanci\u00e8res de valeur incontest\u00e9e, des nouvellistes de talent reconnu ; des chroniqueuses m\u00eame accept\u00e9es hospitali\u00e8rement, je n&#8217;ose point vraiment dire par le vilain sexe&#8230; Mais, cela, c&#8217;est, en quelque sorte du <strong>journalisme assis<\/strong>. Aurait-on du <strong>journalisme debout<\/strong>, courant, alerte, s&#8217;assouplissant \u00e0 l&#8217;actualit\u00e9 : du <strong>reportage<\/strong>, de <strong>l&#8217;information<\/strong> ?<\/p>\n<cite>S\u00e9verine, \u00abUn An!\u00bb,\u00a0<em>La Fronde<\/em>, 9 d\u00e9cembre 1898<\/cite><\/blockquote>\n\n\n\n<p><code><div class=\"h5p-content\" data-content-id=\"87\"><\/div><\/code><\/p>\n","protected":false},"excerpt":{"rendered":"<p>Tous\u00a0ces\u00a0textes, publi\u00e9s dans la presse\u00a0entre\u00a01881 (Zola) et 1886 (Millaud et Giffard), renvoie\u00a0\u00e0\u00a0un d\u00e9bat autour\u00a0du\u00a0journalisme\u00a0au\u00a0XIXe\u00a0si\u00e8cle\u00a0en France : ses\u00a0qualit\u00e9s\u00a0litt\u00e9raires, son son\u00a0caract\u00e8re\u00a0quotidien\u00a0et\u00a0commercial, son rapport \u00e0 l&#8217;information. Par cela\u00a0ces articles\u00a0renvoient\u00a0\u00e9galement\u00a0\u00e0\u00a0Bel-Ami\u00a0et aux r\u00e9ponses de certains critiques envers ce roman\u00a0qu&#8217;ils\u00a0trouvaient trop cynique, trop pessimiste\u00a0\u00e0 l&#8217;\u00e9gard\u00a0du journalisme\u00a0fran\u00e7ais. \u00c9chos du d\u00e9bat Qu&#8217;en restera-t-il de tout cela ! Rien ? [&#8230;] Il aura \u00e9t\u00e9&hellip; <a class=\"more-link\" href=\"https:\/\/sites.smith.edu\/frn372-fa24\/les-debats-sur-la-presse-dans-la-presse\/\">Continue reading <span class=\"screen-reader-text\">Les d\u00e9bats sur la presse dans la presse<\/span> <span class=\"meta-nav\" aria-hidden=\"true\">&rarr;<\/span><\/a><\/p>\n","protected":false},"author":4992,"featured_media":0,"comment_status":"closed","ping_status":"closed","sticky":false,"template":"","format":"standard","meta":{"footnotes":""},"categories":[5,6,10],"tags":[],"class_list":["post-656","post","type-post","status-publish","format-standard","hentry","category-ressources","category-supplements","category-unite3"],"_links":{"self":[{"href":"https:\/\/sites.smith.edu\/frn372-fa24\/wp-json\/wp\/v2\/posts\/656","targetHints":{"allow":["GET"]}}],"collection":[{"href":"https:\/\/sites.smith.edu\/frn372-fa24\/wp-json\/wp\/v2\/posts"}],"about":[{"href":"https:\/\/sites.smith.edu\/frn372-fa24\/wp-json\/wp\/v2\/types\/post"}],"author":[{"embeddable":true,"href":"https:\/\/sites.smith.edu\/frn372-fa24\/wp-json\/wp\/v2\/users\/4992"}],"replies":[{"embeddable":true,"href":"https:\/\/sites.smith.edu\/frn372-fa24\/wp-json\/wp\/v2\/comments?post=656"}],"version-history":[{"count":7,"href":"https:\/\/sites.smith.edu\/frn372-fa24\/wp-json\/wp\/v2\/posts\/656\/revisions"}],"predecessor-version":[{"id":3151,"href":"https:\/\/sites.smith.edu\/frn372-fa24\/wp-json\/wp\/v2\/posts\/656\/revisions\/3151"}],"wp:attachment":[{"href":"https:\/\/sites.smith.edu\/frn372-fa24\/wp-json\/wp\/v2\/media?parent=656"}],"wp:term":[{"taxonomy":"category","embeddable":true,"href":"https:\/\/sites.smith.edu\/frn372-fa24\/wp-json\/wp\/v2\/categories?post=656"},{"taxonomy":"post_tag","embeddable":true,"href":"https:\/\/sites.smith.edu\/frn372-fa24\/wp-json\/wp\/v2\/tags?post=656"}],"curies":[{"name":"wp","href":"https:\/\/api.w.org\/{rel}","templated":true}]}}