{"id":671,"date":"2024-02-09T16:24:00","date_gmt":"2024-02-09T21:24:00","guid":{"rendered":"https:\/\/sites.smith.edu\/frn372-sp24\/?p=671"},"modified":"2024-10-23T12:07:59","modified_gmt":"2024-10-23T16:07:59","slug":"maupassant-et-bel-ami","status":"publish","type":"post","link":"https:\/\/sites.smith.edu\/frn372-fa24\/maupassant-et-bel-ami\/","title":{"rendered":"Maupassant et Bel-Ami"},"content":{"rendered":"<div class=\"wp-block-image\">\n<figure class=\"aligncenter size-large is-resized\"><img loading=\"lazy\" decoding=\"async\" width=\"600\" height=\"1024\" src=\"https:\/\/sites.smith.edu\/frn372-fa24\/wp-content\/uploads\/sites\/1111\/2024\/03\/1885.-Maupassant-Bel-Ami-Gallica-600x1024.jpeg\" alt=\"Premi\u00e8re de couverture, de couleur bleue, du roman Bel-Ami, \u00e9dition de 1885.\" class=\"wp-image-1372\" style=\"width:300px\" srcset=\"https:\/\/sites.smith.edu\/frn372-fa24\/wp-content\/uploads\/sites\/1111\/2024\/03\/1885.-Maupassant-Bel-Ami-Gallica-600x1024.jpeg 600w, https:\/\/sites.smith.edu\/frn372-fa24\/wp-content\/uploads\/sites\/1111\/2024\/03\/1885.-Maupassant-Bel-Ami-Gallica-176x300.jpeg 176w, https:\/\/sites.smith.edu\/frn372-fa24\/wp-content\/uploads\/sites\/1111\/2024\/03\/1885.-Maupassant-Bel-Ami-Gallica-768x1310.jpeg 768w, https:\/\/sites.smith.edu\/frn372-fa24\/wp-content\/uploads\/sites\/1111\/2024\/03\/1885.-Maupassant-Bel-Ami-Gallica-900x1536.jpeg 900w, https:\/\/sites.smith.edu\/frn372-fa24\/wp-content\/uploads\/sites\/1111\/2024\/03\/1885.-Maupassant-Bel-Ami-Gallica.jpeg 918w\" sizes=\"auto, (max-width: 600px) 100vw, 600px\" \/><figcaption class=\"wp-element-caption\">Bel-Ami, \u00e9dition de 1885, publi\u00e9 chez Victor-Havard. Gallica BnF.<\/figcaption><\/figure>\n<\/div>\n\n\n<p><em>Bel-Ami<\/em>&nbsp;a \u00e9t\u00e9 publi\u00e9&nbsp;en&nbsp;<strong>feuilleton<\/strong>&nbsp;dans&nbsp;le&nbsp;journal&nbsp;<em>Gil-Blas<\/em>&nbsp;\u00e0 partir du&nbsp;6 avril 1885:<\/p>\n\n\n\n<p><code><code><div class=\"h5p-content\" data-content-id=\"88\"><\/div><\/code><\/code><\/p>\n\n\n\n<p>Publicit\u00e9 apparue dans le&nbsp;journal<strong>&nbsp;<em>Gil Blas<\/em><\/strong>&nbsp;avant la publication de&nbsp;<strong><em>Bel-Ami<\/em><\/strong>&nbsp;(11 janvier&nbsp;1885):<\/p>\n\n\n\n<p><code><code><code><div class=\"h5p-content\" data-content-id=\"90\"><\/div><\/code><\/code><\/code><\/p>\n\n\n\n<h2 class=\"wp-block-heading\">Les boulevards<\/h2>\n\n\n\n<figure class=\"wp-block-gallery has-nested-images columns-2 is-cropped wp-block-gallery-1 is-layout-flex wp-block-gallery-is-layout-flex\">\n<figure data-wp-context=\"{&quot;imageId&quot;:&quot;69ee345fd9849&quot;}\" data-wp-interactive=\"core\/image\" data-wp-key=\"69ee345fd9849\" class=\"wp-block-image size-large wp-lightbox-container\"><img loading=\"lazy\" decoding=\"async\" width=\"775\" height=\"1024\" data-wp-class--hide=\"state.isContentHidden\" data-wp-class--show=\"state.isContentVisible\" data-wp-init=\"callbacks.setButtonStyles\" data-wp-on--click=\"actions.showLightbox\" data-wp-on--load=\"callbacks.setButtonStyles\" data-wp-on-window--resize=\"callbacks.setButtonStyles\" data-id=\"3268\" src=\"https:\/\/sites.smith.edu\/frn372-fa24\/wp-content\/uploads\/sites\/1111\/2024\/10\/1879.-Beraud-Kiosque-Walters-Art-Museum-775x1024.jpg\" alt=\"Une femme et un homme scrutent les affiches d'un kiosque sur un boulevard parisien\" class=\"wp-image-3268\" srcset=\"https:\/\/sites.smith.edu\/frn372-fa24\/wp-content\/uploads\/sites\/1111\/2024\/10\/1879.-Beraud-Kiosque-Walters-Art-Museum-775x1024.jpg 775w, https:\/\/sites.smith.edu\/frn372-fa24\/wp-content\/uploads\/sites\/1111\/2024\/10\/1879.-Beraud-Kiosque-Walters-Art-Museum-227x300.jpg 227w, https:\/\/sites.smith.edu\/frn372-fa24\/wp-content\/uploads\/sites\/1111\/2024\/10\/1879.-Beraud-Kiosque-Walters-Art-Museum-768x1015.jpg 768w, https:\/\/sites.smith.edu\/frn372-fa24\/wp-content\/uploads\/sites\/1111\/2024\/10\/1879.-Beraud-Kiosque-Walters-Art-Museum-1162x1536.jpg 1162w, https:\/\/sites.smith.edu\/frn372-fa24\/wp-content\/uploads\/sites\/1111\/2024\/10\/1879.-Beraud-Kiosque-Walters-Art-Museum.jpg 1361w\" sizes=\"auto, (max-width: 775px) 100vw, 775px\" \/><button\n\t\t\tclass=\"lightbox-trigger\"\n\t\t\ttype=\"button\"\n\t\t\taria-haspopup=\"dialog\"\n\t\t\taria-label=\"Enlarge\"\n\t\t\tdata-wp-init=\"callbacks.initTriggerButton\"\n\t\t\tdata-wp-on--click=\"actions.showLightbox\"\n\t\t\tdata-wp-style--right=\"state.imageButtonRight\"\n\t\t\tdata-wp-style--top=\"state.imageButtonTop\"\n\t\t>\n\t\t\t<svg xmlns=\"http:\/\/www.w3.org\/2000\/svg\" width=\"12\" height=\"12\" fill=\"none\" viewBox=\"0 0 12 12\">\n\t\t\t\t<path fill=\"#fff\" d=\"M2 0a2 2 0 0 0-2 2v2h1.5V2a.5.5 0 0 1 .5-.5h2V0H2Zm2 10.5H2a.5.5 0 0 1-.5-.5V8H0v2a2 2 0 0 0 2 2h2v-1.5ZM8 12v-1.5h2a.5.5 0 0 0 .5-.5V8H12v2a2 2 0 0 1-2 2H8Zm2-12a2 2 0 0 1 2 2v2h-1.5V2a.5.5 0 0 0-.5-.5H8V0h2Z\" \/>\n\t\t\t<\/svg>\n\t\t<\/button><figcaption class=\"wp-element-caption\">Jean B\u00e9raud, Kiosque (1879, Walters Art Museum)<\/figcaption><\/figure>\n\n\n\n<figure data-wp-context=\"{&quot;imageId&quot;:&quot;69ee345fd9e0d&quot;}\" data-wp-interactive=\"core\/image\" data-wp-key=\"69ee345fd9e0d\" class=\"wp-block-image size-large wp-lightbox-container\"><img loading=\"lazy\" decoding=\"async\" width=\"1024\" height=\"723\" data-wp-class--hide=\"state.isContentHidden\" data-wp-class--show=\"state.isContentVisible\" data-wp-init=\"callbacks.setButtonStyles\" data-wp-on--click=\"actions.showLightbox\" data-wp-on--load=\"callbacks.setButtonStyles\" data-wp-on-window--resize=\"callbacks.setButtonStyles\" data-id=\"1801\" src=\"https:\/\/sites.smith.edu\/frn372-fa24\/wp-content\/uploads\/sites\/1111\/2024\/04\/1.6-1889.-Beraud-Le-boulevard-des-Capucines-devant-le-Theatre-du-Vaudeville-Musee-Carnavalet-1024x723.png\" alt=\"Des passants se prom\u00e8nent sur un boulevard parisien\" class=\"wp-image-1801\" srcset=\"https:\/\/sites.smith.edu\/frn372-fa24\/wp-content\/uploads\/sites\/1111\/2024\/04\/1.6-1889.-Beraud-Le-boulevard-des-Capucines-devant-le-Theatre-du-Vaudeville-Musee-Carnavalet-1024x723.png 1024w, https:\/\/sites.smith.edu\/frn372-fa24\/wp-content\/uploads\/sites\/1111\/2024\/04\/1.6-1889.-Beraud-Le-boulevard-des-Capucines-devant-le-Theatre-du-Vaudeville-Musee-Carnavalet-300x212.png 300w, https:\/\/sites.smith.edu\/frn372-fa24\/wp-content\/uploads\/sites\/1111\/2024\/04\/1.6-1889.-Beraud-Le-boulevard-des-Capucines-devant-le-Theatre-du-Vaudeville-Musee-Carnavalet-768x542.png 768w, https:\/\/sites.smith.edu\/frn372-fa24\/wp-content\/uploads\/sites\/1111\/2024\/04\/1.6-1889.-Beraud-Le-boulevard-des-Capucines-devant-le-Theatre-du-Vaudeville-Musee-Carnavalet.png 1309w\" sizes=\"auto, (max-width: 1024px) 100vw, 1024px\" \/><button\n\t\t\tclass=\"lightbox-trigger\"\n\t\t\ttype=\"button\"\n\t\t\taria-haspopup=\"dialog\"\n\t\t\taria-label=\"Enlarge\"\n\t\t\tdata-wp-init=\"callbacks.initTriggerButton\"\n\t\t\tdata-wp-on--click=\"actions.showLightbox\"\n\t\t\tdata-wp-style--right=\"state.imageButtonRight\"\n\t\t\tdata-wp-style--top=\"state.imageButtonTop\"\n\t\t>\n\t\t\t<svg xmlns=\"http:\/\/www.w3.org\/2000\/svg\" width=\"12\" height=\"12\" fill=\"none\" viewBox=\"0 0 12 12\">\n\t\t\t\t<path fill=\"#fff\" d=\"M2 0a2 2 0 0 0-2 2v2h1.5V2a.5.5 0 0 1 .5-.5h2V0H2Zm2 10.5H2a.5.5 0 0 1-.5-.5V8H0v2a2 2 0 0 0 2 2h2v-1.5ZM8 12v-1.5h2a.5.5 0 0 0 .5-.5V8H12v2a2 2 0 0 1-2 2H8Zm2-12a2 2 0 0 1 2 2v2h-1.5V2a.5.5 0 0 0-.5-.5H8V0h2Z\" \/>\n\t\t\t<\/svg>\n\t\t<\/button><figcaption class=\"wp-element-caption\">Be\u0301raud &#8211; Le boulevard des Capucines (1889, Muse\u0301e Carnavalet)<\/figcaption><\/figure>\n\n\n\n<figure data-wp-context=\"{&quot;imageId&quot;:&quot;69ee345fda369&quot;}\" data-wp-interactive=\"core\/image\" data-wp-key=\"69ee345fda369\" class=\"wp-block-image size-large wp-lightbox-container\"><img loading=\"lazy\" decoding=\"async\" width=\"1024\" height=\"737\" data-wp-class--hide=\"state.isContentHidden\" data-wp-class--show=\"state.isContentVisible\" data-wp-init=\"callbacks.setButtonStyles\" data-wp-on--click=\"actions.showLightbox\" data-wp-on--load=\"callbacks.setButtonStyles\" data-wp-on-window--resize=\"callbacks.setButtonStyles\" data-id=\"3272\" src=\"https:\/\/sites.smith.edu\/frn372-fa24\/wp-content\/uploads\/sites\/1111\/2024\/10\/1889.-Steinlen-14-juillet-Petit-Palais-1024x737.png\" alt=\"Sc\u00e8ne de bal populaire lors de la f\u00eate nationale\" class=\"wp-image-3272\" srcset=\"https:\/\/sites.smith.edu\/frn372-fa24\/wp-content\/uploads\/sites\/1111\/2024\/10\/1889.-Steinlen-14-juillet-Petit-Palais-1024x737.png 1024w, https:\/\/sites.smith.edu\/frn372-fa24\/wp-content\/uploads\/sites\/1111\/2024\/10\/1889.-Steinlen-14-juillet-Petit-Palais-300x216.png 300w, https:\/\/sites.smith.edu\/frn372-fa24\/wp-content\/uploads\/sites\/1111\/2024\/10\/1889.-Steinlen-14-juillet-Petit-Palais-768x553.png 768w, https:\/\/sites.smith.edu\/frn372-fa24\/wp-content\/uploads\/sites\/1111\/2024\/10\/1889.-Steinlen-14-juillet-Petit-Palais.png 1499w\" sizes=\"auto, (max-width: 1024px) 100vw, 1024px\" \/><button\n\t\t\tclass=\"lightbox-trigger\"\n\t\t\ttype=\"button\"\n\t\t\taria-haspopup=\"dialog\"\n\t\t\taria-label=\"Enlarge\"\n\t\t\tdata-wp-init=\"callbacks.initTriggerButton\"\n\t\t\tdata-wp-on--click=\"actions.showLightbox\"\n\t\t\tdata-wp-style--right=\"state.imageButtonRight\"\n\t\t\tdata-wp-style--top=\"state.imageButtonTop\"\n\t\t>\n\t\t\t<svg xmlns=\"http:\/\/www.w3.org\/2000\/svg\" width=\"12\" height=\"12\" fill=\"none\" viewBox=\"0 0 12 12\">\n\t\t\t\t<path fill=\"#fff\" d=\"M2 0a2 2 0 0 0-2 2v2h1.5V2a.5.5 0 0 1 .5-.5h2V0H2Zm2 10.5H2a.5.5 0 0 1-.5-.5V8H0v2a2 2 0 0 0 2 2h2v-1.5ZM8 12v-1.5h2a.5.5 0 0 0 .5-.5V8H12v2a2 2 0 0 1-2 2H8Zm2-12a2 2 0 0 1 2 2v2h-1.5V2a.5.5 0 0 0-.5-.5H8V0h2Z\" \/>\n\t\t\t<\/svg>\n\t\t<\/button><figcaption class=\"wp-element-caption\">Steinlen &#8211; le 14 juillet (1889, Petit Palais)<\/figcaption><\/figure>\n\n\n\n<figure data-wp-context=\"{&quot;imageId&quot;:&quot;69ee345fda99b&quot;}\" data-wp-interactive=\"core\/image\" data-wp-key=\"69ee345fda99b\" class=\"wp-block-image size-large wp-lightbox-container\"><img loading=\"lazy\" decoding=\"async\" width=\"1024\" height=\"765\" data-wp-class--hide=\"state.isContentHidden\" data-wp-class--show=\"state.isContentVisible\" data-wp-init=\"callbacks.setButtonStyles\" data-wp-on--click=\"actions.showLightbox\" data-wp-on--load=\"callbacks.setButtonStyles\" data-wp-on-window--resize=\"callbacks.setButtonStyles\" data-id=\"3271\" src=\"https:\/\/sites.smith.edu\/frn372-fa24\/wp-content\/uploads\/sites\/1111\/2024\/10\/1882.-Manet-Un-Bar-aux-Folies-Bergeres-Courtauld-1024x765.jpg\" alt=\"Une femme, derri\u00e8re le comptoir d'un bar, regarde un client. Il y a une grande glace derri\u00e8re elle.\" class=\"wp-image-3271\" srcset=\"https:\/\/sites.smith.edu\/frn372-fa24\/wp-content\/uploads\/sites\/1111\/2024\/10\/1882.-Manet-Un-Bar-aux-Folies-Bergeres-Courtauld-1024x765.jpg 1024w, https:\/\/sites.smith.edu\/frn372-fa24\/wp-content\/uploads\/sites\/1111\/2024\/10\/1882.-Manet-Un-Bar-aux-Folies-Bergeres-Courtauld-300x224.jpg 300w, https:\/\/sites.smith.edu\/frn372-fa24\/wp-content\/uploads\/sites\/1111\/2024\/10\/1882.-Manet-Un-Bar-aux-Folies-Bergeres-Courtauld-768x574.jpg 768w, https:\/\/sites.smith.edu\/frn372-fa24\/wp-content\/uploads\/sites\/1111\/2024\/10\/1882.-Manet-Un-Bar-aux-Folies-Bergeres-Courtauld-1536x1147.jpg 1536w, https:\/\/sites.smith.edu\/frn372-fa24\/wp-content\/uploads\/sites\/1111\/2024\/10\/1882.-Manet-Un-Bar-aux-Folies-Bergeres-Courtauld.jpg 1600w\" sizes=\"auto, (max-width: 1024px) 100vw, 1024px\" \/><button\n\t\t\tclass=\"lightbox-trigger\"\n\t\t\ttype=\"button\"\n\t\t\taria-haspopup=\"dialog\"\n\t\t\taria-label=\"Enlarge\"\n\t\t\tdata-wp-init=\"callbacks.initTriggerButton\"\n\t\t\tdata-wp-on--click=\"actions.showLightbox\"\n\t\t\tdata-wp-style--right=\"state.imageButtonRight\"\n\t\t\tdata-wp-style--top=\"state.imageButtonTop\"\n\t\t>\n\t\t\t<svg xmlns=\"http:\/\/www.w3.org\/2000\/svg\" width=\"12\" height=\"12\" fill=\"none\" viewBox=\"0 0 12 12\">\n\t\t\t\t<path fill=\"#fff\" d=\"M2 0a2 2 0 0 0-2 2v2h1.5V2a.5.5 0 0 1 .5-.5h2V0H2Zm2 10.5H2a.5.5 0 0 1-.5-.5V8H0v2a2 2 0 0 0 2 2h2v-1.5ZM8 12v-1.5h2a.5.5 0 0 0 .5-.5V8H12v2a2 2 0 0 1-2 2H8Zm2-12a2 2 0 0 1 2 2v2h-1.5V2a.5.5 0 0 0-.5-.5H8V0h2Z\" \/>\n\t\t\t<\/svg>\n\t\t<\/button><figcaption class=\"wp-element-caption\">Manet &#8211; Un Bar aux Folies-Berge\u0300res (1882, Courtauld)<\/figcaption><\/figure>\n<\/figure>\n\n\n\n<h2 class=\"wp-block-heading\">Le quartier des Batignolles et la gare Saint-Lazare<\/h2>\n\n\n\n<figure class=\"wp-block-gallery has-nested-images columns-default is-cropped wp-block-gallery-2 is-layout-flex wp-block-gallery-is-layout-flex\">\n<figure data-wp-context=\"{&quot;imageId&quot;:&quot;69ee345fdb04f&quot;}\" data-wp-interactive=\"core\/image\" data-wp-key=\"69ee345fdb04f\" class=\"wp-block-image size-large wp-lightbox-container\"><img loading=\"lazy\" decoding=\"async\" width=\"995\" height=\"802\" data-wp-class--hide=\"state.isContentHidden\" data-wp-class--show=\"state.isContentVisible\" data-wp-init=\"callbacks.setButtonStyles\" data-wp-on--click=\"actions.showLightbox\" data-wp-on--load=\"callbacks.setButtonStyles\" data-wp-on-window--resize=\"callbacks.setButtonStyles\" data-id=\"3368\" src=\"https:\/\/sites.smith.edu\/frn372-fa24\/wp-content\/uploads\/sites\/1111\/2024\/10\/1877.-Monet-La-Tranchee-des-Batignolles-coll.-particuliere.jpg\" alt=\"Vue sur les rails de la tranch\u00e9e des Batignolles, avec immeuble sur la droite\" class=\"wp-image-3368\" srcset=\"https:\/\/sites.smith.edu\/frn372-fa24\/wp-content\/uploads\/sites\/1111\/2024\/10\/1877.-Monet-La-Tranchee-des-Batignolles-coll.-particuliere.jpg 995w, https:\/\/sites.smith.edu\/frn372-fa24\/wp-content\/uploads\/sites\/1111\/2024\/10\/1877.-Monet-La-Tranchee-des-Batignolles-coll.-particuliere-300x242.jpg 300w, https:\/\/sites.smith.edu\/frn372-fa24\/wp-content\/uploads\/sites\/1111\/2024\/10\/1877.-Monet-La-Tranchee-des-Batignolles-coll.-particuliere-768x619.jpg 768w\" sizes=\"auto, (max-width: 995px) 100vw, 995px\" \/><button\n\t\t\tclass=\"lightbox-trigger\"\n\t\t\ttype=\"button\"\n\t\t\taria-haspopup=\"dialog\"\n\t\t\taria-label=\"Enlarge\"\n\t\t\tdata-wp-init=\"callbacks.initTriggerButton\"\n\t\t\tdata-wp-on--click=\"actions.showLightbox\"\n\t\t\tdata-wp-style--right=\"state.imageButtonRight\"\n\t\t\tdata-wp-style--top=\"state.imageButtonTop\"\n\t\t>\n\t\t\t<svg xmlns=\"http:\/\/www.w3.org\/2000\/svg\" width=\"12\" height=\"12\" fill=\"none\" viewBox=\"0 0 12 12\">\n\t\t\t\t<path fill=\"#fff\" d=\"M2 0a2 2 0 0 0-2 2v2h1.5V2a.5.5 0 0 1 .5-.5h2V0H2Zm2 10.5H2a.5.5 0 0 1-.5-.5V8H0v2a2 2 0 0 0 2 2h2v-1.5ZM8 12v-1.5h2a.5.5 0 0 0 .5-.5V8H12v2a2 2 0 0 1-2 2H8Zm2-12a2 2 0 0 1 2 2v2h-1.5V2a.5.5 0 0 0-.5-.5H8V0h2Z\" \/>\n\t\t\t<\/svg>\n\t\t<\/button><figcaption class=\"wp-element-caption\">1877. Monet &#8211; La Tranche\u0301e des Batignolles (coll. particulie\u0300re)<\/figcaption><\/figure>\n\n\n\n<figure data-wp-context=\"{&quot;imageId&quot;:&quot;69ee345fdb557&quot;}\" data-wp-interactive=\"core\/image\" data-wp-key=\"69ee345fdb557\" class=\"wp-block-image size-large wp-lightbox-container\"><img loading=\"lazy\" decoding=\"async\" width=\"1024\" height=\"827\" data-wp-class--hide=\"state.isContentHidden\" data-wp-class--show=\"state.isContentVisible\" data-wp-init=\"callbacks.setButtonStyles\" data-wp-on--click=\"actions.showLightbox\" data-wp-on--load=\"callbacks.setButtonStyles\" data-wp-on-window--resize=\"callbacks.setButtonStyles\" data-id=\"3367\" src=\"https:\/\/sites.smith.edu\/frn372-fa24\/wp-content\/uploads\/sites\/1111\/2024\/10\/1877.-Monet-Gare-St-Lazare-Musee-Marmottan-Monet-1024x827.jpg\" alt=\"Vue sur les rails de la tranch\u00e9e des Batignolles, avec un pont sur la droite et des immeubles au fond\" class=\"wp-image-3367\" srcset=\"https:\/\/sites.smith.edu\/frn372-fa24\/wp-content\/uploads\/sites\/1111\/2024\/10\/1877.-Monet-Gare-St-Lazare-Musee-Marmottan-Monet-1024x827.jpg 1024w, https:\/\/sites.smith.edu\/frn372-fa24\/wp-content\/uploads\/sites\/1111\/2024\/10\/1877.-Monet-Gare-St-Lazare-Musee-Marmottan-Monet-300x242.jpg 300w, https:\/\/sites.smith.edu\/frn372-fa24\/wp-content\/uploads\/sites\/1111\/2024\/10\/1877.-Monet-Gare-St-Lazare-Musee-Marmottan-Monet-768x621.jpg 768w, https:\/\/sites.smith.edu\/frn372-fa24\/wp-content\/uploads\/sites\/1111\/2024\/10\/1877.-Monet-Gare-St-Lazare-Musee-Marmottan-Monet-1536x1241.jpg 1536w, https:\/\/sites.smith.edu\/frn372-fa24\/wp-content\/uploads\/sites\/1111\/2024\/10\/1877.-Monet-Gare-St-Lazare-Musee-Marmottan-Monet-2048x1655.jpg 2048w\" sizes=\"auto, (max-width: 1024px) 100vw, 1024px\" \/><button\n\t\t\tclass=\"lightbox-trigger\"\n\t\t\ttype=\"button\"\n\t\t\taria-haspopup=\"dialog\"\n\t\t\taria-label=\"Enlarge\"\n\t\t\tdata-wp-init=\"callbacks.initTriggerButton\"\n\t\t\tdata-wp-on--click=\"actions.showLightbox\"\n\t\t\tdata-wp-style--right=\"state.imageButtonRight\"\n\t\t\tdata-wp-style--top=\"state.imageButtonTop\"\n\t\t>\n\t\t\t<svg xmlns=\"http:\/\/www.w3.org\/2000\/svg\" width=\"12\" height=\"12\" fill=\"none\" viewBox=\"0 0 12 12\">\n\t\t\t\t<path fill=\"#fff\" d=\"M2 0a2 2 0 0 0-2 2v2h1.5V2a.5.5 0 0 1 .5-.5h2V0H2Zm2 10.5H2a.5.5 0 0 1-.5-.5V8H0v2a2 2 0 0 0 2 2h2v-1.5ZM8 12v-1.5h2a.5.5 0 0 0 .5-.5V8H12v2a2 2 0 0 1-2 2H8Zm2-12a2 2 0 0 1 2 2v2h-1.5V2a.5.5 0 0 0-.5-.5H8V0h2Z\" \/>\n\t\t\t<\/svg>\n\t\t<\/button><figcaption class=\"wp-element-caption\">1877. Monet &#8211; Gare St Lazare (Muse\u0301e Marmottan Monet)<\/figcaption><\/figure>\n<\/figure>\n\n\n\n<h2 class=\"wp-block-heading\">Maupassant en Alg\u00e9rie<\/h2>\n\n\n\n<p>Maupassant a \u00e9t\u00e9&nbsp;envoy\u00e9&nbsp;en&nbsp;<strong>Alg\u00e9rie<\/strong>&nbsp;en tant que&nbsp;correspondant&nbsp;pour le journal&nbsp;<em>Le Gaulois<\/em>&nbsp;pendant l&#8217;\u00e9t\u00e9&nbsp;de&nbsp;1881 (voir l&#8217;article&nbsp;de&nbsp;RetroNews, ci-dessous). Il&nbsp;y a \u00e9crit&nbsp;toute&nbsp;une s\u00e9rie d&#8217;articles, dont&nbsp;celui-ci, en juillet&nbsp;1881 :<\/p>\n\n\n\n<p><code><code><code><div class=\"h5p-content\" data-content-id=\"91\"><\/div><\/code><\/code><\/code><\/p>\n\n\n\n<h2 class=\"wp-block-heading\">Maupassant et la causerie<\/h2>\n\n\n\n<p>Maupassant a publi\u00e9 une chronique \u00e0 ce sujet en 1882, qui peut rappeler certaines sc\u00e8nes de <em>Bel-Ami<\/em> :<\/p>\n\n\n\n<p><code><code><code><div class=\"h5p-content\" data-content-id=\"92\"><\/div><\/code><\/code><\/code><\/p>\n\n\n\n<h2 class=\"wp-block-heading\">La rubrique des \u00e9chos<\/h2>\n\n\n\n<p>Dans le chapitre&nbsp;VI,&nbsp;Georges Duroy&nbsp;devient&nbsp;chef des&nbsp;\u00ab&nbsp;<strong>\u00c9chos<\/strong>&nbsp;\u00bb. Or, qu&#8217;est-ce que c&#8217;est que&nbsp;cette&nbsp;rubrique ?<\/p>\n\n\n\n<p>Voici&nbsp;ce&nbsp;que&nbsp;dit&nbsp;le&nbsp;&#8220;Petit lexique des microformes&nbsp;journalistiques&#8221; :<\/p>\n\n\n\n<blockquote class=\"wp-block-quote has-small-font-size is-layout-flow wp-block-quote-is-layout-flow\">\n<p style=\"font-size:16px\">Titre&nbsp;sous&nbsp;lequel&nbsp;on&nbsp;d\u00e9signe&nbsp;dans&nbsp;les&nbsp;journaux,&nbsp;les&nbsp;nouvelles&nbsp;qui&nbsp;circulent&nbsp;dans&nbsp;la ville,&nbsp;dans&nbsp;les&nbsp;salons et&nbsp;dans&nbsp;les&nbsp;lieux&nbsp;publics (<em>Larousse&nbsp;du&nbsp;XIXe&nbsp;si\u00e8cle<\/em>). Par&nbsp;exemple,&nbsp;les&nbsp;\u00ab&nbsp;\u00e9chos&nbsp;de&nbsp;Paris \u00bb.<\/p>\n\n\n\n<p style=\"font-size:15px\">Encore&nbsp;un&nbsp;clubman&nbsp;qui&nbsp;va&nbsp;dispara\u00eetre&nbsp;! On&nbsp;raconte&nbsp;que&nbsp;le&nbsp;jeune&nbsp;de&nbsp;X\u2026,&nbsp;dont&nbsp;les&nbsp;couleurs&nbsp;sont&nbsp;connues&nbsp;sur&nbsp;le&nbsp;turf, est&nbsp;compl\u00e8tement&nbsp;ruin\u00e9&nbsp;!&nbsp;Ses&nbsp;chevaux&nbsp;de&nbsp;course&nbsp;doivent&nbsp;\u00eatre&nbsp;vendus&nbsp;prochainement.&nbsp;Quant&nbsp;au&nbsp;propri\u00e9taire,&nbsp;il&nbsp;part,&nbsp;dit-on, pour&nbsp;le&nbsp;Canada. \u2013 <em>Gil&nbsp;Blas<\/em>,&nbsp;10&nbsp;f\u00e9vrier&nbsp;1888<\/p>\n<cite><a rel=\"noreferrer noopener\" href=\"https:\/\/doi.org\/10.7202\/019529ar\" target=\"_blank\">\u00ab&nbsp;Petit&nbsp;lexique&nbsp;des&nbsp;microformes&nbsp;journalistiques. \u00bb&nbsp;\u00c9tudes&nbsp;fran\u00e7aises, volume 44,&nbsp;num\u00e9ro&nbsp;3, 2008, p. 13\u201322.&nbsp;<\/a><\/cite><\/blockquote>\n\n\n\n<p>Dans&nbsp;le m\u00eame num\u00e9ro&nbsp;de&nbsp;<em>Gil Blas&nbsp;<\/em>o\u00f9&nbsp;Maupassant a publi\u00e9&nbsp;sa r\u00e9ponse aux critiques de&nbsp;<em>Bel-Ami<\/em>, on peut&nbsp;voir un excellent exemple du genre d&#8217;\u00e9cho, dans&nbsp;la rubrique intitul\u00e9e&nbsp;\u00ab Nouvelles&nbsp;et Echos&nbsp;\u00bb,&nbsp;que&nbsp;Georges Duroy lui-m\u00eame&nbsp;aurait&nbsp;pu&nbsp;publier, ou vivre&nbsp;(notez, l&#8217;\u00e9cho continue en haut de la prochaine colonne) :<\/p>\n\n\n\n<p><code><code><code><div class=\"h5p-content\" data-content-id=\"94\"><\/div><\/code><\/code><\/code><\/p>\n\n\n\n<p>\u00ab Oh, bigre, la jolie femme ! \u00bb<\/p>\n\n\n\n<h2 class=\"wp-block-heading\">Maupassant et les critiques<\/h2>\n\n\n\n<p>Voici l&#8217;article&nbsp;de&nbsp;Maupassant o\u00f9 il&nbsp;r\u00e9pond aux&nbsp;<strong>critiques<\/strong>&nbsp;de&nbsp;son&nbsp;roman (dans l&#8217;\u00e9dition&nbsp;critique d&#8217;Adeline&nbsp;Wrona, ce texte&nbsp;se trouve dans&nbsp;l&#8217;annexe&nbsp;4) :<\/p>\n\n\n\n<p><code><code><code><div class=\"h5p-content\" data-content-id=\"95\"><\/div><\/code><\/code><\/code><\/p>\n\n\n\n<h2 class=\"wp-block-heading\"><strong>D&#8217;autres sources int\u00e9ressantes<\/strong><\/h2>\n\n\n\n<ul class=\"wp-block-list\">\n<li><a href=\"https:\/\/essentiels.bnf.fr\/fr\/article\/6081aa66-9690-4da0-9e9d-e72d11b9ea59-maupassant-une-vie-fil-la-plume\" target=\"_blank\" rel=\"noreferrer noopener\">BnF Essentiels, Maupassant<\/a> et <a rel=\"noreferrer noopener\" href=\"https:\/\/gallica.bnf.fr\/essentiels\/maupassant\/bel-ami\" target=\"_blank\"><em>Bel-Ami<\/em><\/a><\/li>\n\n\n\n<li><a href=\"https:\/\/www-retronews-fr.libproxy.smith.edu\/arts\/echo-de-presse\/2016\/09\/23\/maupassant-quelle-mouche-pique-mes-confreres\" data-type=\"link\" data-id=\"https:\/\/www-retronews-fr.libproxy.smith.edu\/arts\/echo-de-presse\/2016\/09\/23\/maupassant-quelle-mouche-pique-mes-confreres\" target=\"_blank\" rel=\"noreferrer noopener\">RetroNews, Marina Bellot, \u00abMaupassant : &#8220;Quelle mouche a piqu\u00e9 mes confr\u00e8res !&#8221;\u00bb (sur les critiques de <em>Bel-Ami<\/em>)<\/a><\/li>\n\n\n\n<li><a rel=\"noreferrer noopener\" href=\"https:\/\/www-retronews-fr.libproxy.smith.edu\/colonies\/echo-de-presse\/2018\/05\/16\/maupassant-reporter-incisif-et-anonyme-en-algerie-francaise\" target=\"_blank\">RetroNews, Pierre Ancery, \u00abMaupassant, reporter incisif (et anonyme) en Alg\u00e9rie fran\u00e7aise\u00bb<\/a><\/li>\n\n\n\n<li><a href=\"https:\/\/www-retronews-fr.libproxy.smith.edu\/societe\/echo-de-presse\/2018\/09\/21\/maupassant-et-mirbeau-deux-ecrivains-contre-le-duel\" target=\"_blank\" rel=\"noreferrer noopener\">RetroNews, Pierre Ancery, \u00abMaupassant et Mirbeau, deux \u00e9crivains contre la tradition du duel\u00bb<\/a><\/li>\n<\/ul>\n\n\n<div class=\"wp-block-image\">\n<figure class=\"aligncenter size-large is-resized\"><img loading=\"lazy\" decoding=\"async\" width=\"451\" height=\"1024\" src=\"https:\/\/sites.smith.edu\/frn372-fa24\/wp-content\/uploads\/sites\/1111\/2024\/03\/22Bel-ami22-film-de-Willi-Forst-dapres-Maupassant-1941-Gallica-451x1024.jpg\" alt=\"Sous le titre &quot;Bel-Ami&quot;, un jeune homme bien habill\u00e9 monte un escalier. Sous chaque marche de l'escalier il y a une femme.\" class=\"wp-image-1369\" style=\"width:300px\" srcset=\"https:\/\/sites.smith.edu\/frn372-fa24\/wp-content\/uploads\/sites\/1111\/2024\/03\/22Bel-ami22-film-de-Willi-Forst-dapres-Maupassant-1941-Gallica-451x1024.jpg 451w, https:\/\/sites.smith.edu\/frn372-fa24\/wp-content\/uploads\/sites\/1111\/2024\/03\/22Bel-ami22-film-de-Willi-Forst-dapres-Maupassant-1941-Gallica-132x300.jpg 132w, https:\/\/sites.smith.edu\/frn372-fa24\/wp-content\/uploads\/sites\/1111\/2024\/03\/22Bel-ami22-film-de-Willi-Forst-dapres-Maupassant-1941-Gallica-768x1745.jpg 768w, https:\/\/sites.smith.edu\/frn372-fa24\/wp-content\/uploads\/sites\/1111\/2024\/03\/22Bel-ami22-film-de-Willi-Forst-dapres-Maupassant-1941-Gallica-676x1536.jpg 676w, https:\/\/sites.smith.edu\/frn372-fa24\/wp-content\/uploads\/sites\/1111\/2024\/03\/22Bel-ami22-film-de-Willi-Forst-dapres-Maupassant-1941-Gallica-901x2048.jpg 901w, https:\/\/sites.smith.edu\/frn372-fa24\/wp-content\/uploads\/sites\/1111\/2024\/03\/22Bel-ami22-film-de-Willi-Forst-dapres-Maupassant-1941-Gallica.jpg 980w\" sizes=\"auto, (max-width: 451px) 100vw, 451px\" \/><figcaption class=\"wp-element-caption\"><sub>Affiche pour une adaptation cin\u00e9matographique de Willy Forst, sortie en 1941. Georges Duroy monte l&#8217;escalier de la soci\u00e9t\u00e9, en arrivant \u00abpar les femmes\u00bb.<\/sub><\/figcaption><\/figure>\n<\/div>","protected":false},"excerpt":{"rendered":"<p>Bel-Ami&nbsp;a \u00e9t\u00e9 publi\u00e9&nbsp;en&nbsp;feuilleton&nbsp;dans&nbsp;le&nbsp;journal&nbsp;Gil-Blas&nbsp;\u00e0 partir du&nbsp;6 avril 1885: Publicit\u00e9 apparue dans le&nbsp;journal&nbsp;Gil Blas&nbsp;avant la publication de&nbsp;Bel-Ami&nbsp;(11 janvier&nbsp;1885): Les boulevards Le quartier des Batignolles et la gare Saint-Lazare Maupassant en Alg\u00e9rie Maupassant a \u00e9t\u00e9&nbsp;envoy\u00e9&nbsp;en&nbsp;Alg\u00e9rie&nbsp;en tant que&nbsp;correspondant&nbsp;pour le journal&nbsp;Le Gaulois&nbsp;pendant l&#8217;\u00e9t\u00e9&nbsp;de&nbsp;1881 (voir l&#8217;article&nbsp;de&nbsp;RetroNews, ci-dessous). Il&nbsp;y a \u00e9crit&nbsp;toute&nbsp;une s\u00e9rie d&#8217;articles, dont&nbsp;celui-ci, en juillet&nbsp;1881 : Maupassant et la causerie Maupassant&hellip; <a class=\"more-link\" href=\"https:\/\/sites.smith.edu\/frn372-fa24\/maupassant-et-bel-ami\/\">Continue reading <span class=\"screen-reader-text\">Maupassant et Bel-Ami<\/span> <span class=\"meta-nav\" aria-hidden=\"true\">&rarr;<\/span><\/a><\/p>\n","protected":false},"author":4992,"featured_media":0,"comment_status":"open","ping_status":"closed","sticky":false,"template":"","format":"standard","meta":{"footnotes":""},"categories":[5,6,10],"tags":[],"class_list":["post-671","post","type-post","status-publish","format-standard","hentry","category-ressources","category-supplements","category-unite3"],"_links":{"self":[{"href":"https:\/\/sites.smith.edu\/frn372-fa24\/wp-json\/wp\/v2\/posts\/671","targetHints":{"allow":["GET"]}}],"collection":[{"href":"https:\/\/sites.smith.edu\/frn372-fa24\/wp-json\/wp\/v2\/posts"}],"about":[{"href":"https:\/\/sites.smith.edu\/frn372-fa24\/wp-json\/wp\/v2\/types\/post"}],"author":[{"embeddable":true,"href":"https:\/\/sites.smith.edu\/frn372-fa24\/wp-json\/wp\/v2\/users\/4992"}],"replies":[{"embeddable":true,"href":"https:\/\/sites.smith.edu\/frn372-fa24\/wp-json\/wp\/v2\/comments?post=671"}],"version-history":[{"count":10,"href":"https:\/\/sites.smith.edu\/frn372-fa24\/wp-json\/wp\/v2\/posts\/671\/revisions"}],"predecessor-version":[{"id":3370,"href":"https:\/\/sites.smith.edu\/frn372-fa24\/wp-json\/wp\/v2\/posts\/671\/revisions\/3370"}],"wp:attachment":[{"href":"https:\/\/sites.smith.edu\/frn372-fa24\/wp-json\/wp\/v2\/media?parent=671"}],"wp:term":[{"taxonomy":"category","embeddable":true,"href":"https:\/\/sites.smith.edu\/frn372-fa24\/wp-json\/wp\/v2\/categories?post=671"},{"taxonomy":"post_tag","embeddable":true,"href":"https:\/\/sites.smith.edu\/frn372-fa24\/wp-json\/wp\/v2\/tags?post=671"}],"curies":[{"name":"wp","href":"https:\/\/api.w.org\/{rel}","templated":true}]}}