{"id":688,"date":"2024-02-09T12:53:00","date_gmt":"2024-02-09T17:53:00","guid":{"rendered":"https:\/\/sites.smith.edu\/frn372-sp24\/?p=688"},"modified":"2024-02-09T12:53:00","modified_gmt":"2024-02-09T17:53:00","slug":"emile-zola-et-la-presse","status":"publish","type":"post","link":"https:\/\/sites.smith.edu\/frn372-fa24\/emile-zola-et-la-presse\/","title":{"rendered":"\u00c9mile Zola et la presse"},"content":{"rendered":"\n<blockquote class=\"wp-block-quote has-small-font-size is-layout-flow wp-block-quote-is-layout-flow\">\n<p style=\"font-size:16px\">En 1881, \u00c9mile Zola annonce qu&#8217;il quitte le journalisme dans un article intitul\u00e9 \u00ab&nbsp;Adieux&nbsp;\u00bb. Un texte qui s&#8217;affirme comme une v\u00e9ritable d\u00e9claration d&#8217;ind\u00e9pendance de l&#8217;artiste engag\u00e9, en m\u00eame temps qu&#8217;un plaidoyer en faveur de la presse.<\/p>\n<cite><a href=\"https:\/\/www-retronews-fr.libproxy.smith.edu\/histoire-de-la-presse\/echo-de-presse\/2019\/02\/04\/le-manifeste-de-zola-pour-un-journalisme-engage\" data-type=\"link\" data-id=\"https:\/\/www-retronews-fr.libproxy.smith.edu\/histoire-de-la-presse\/echo-de-presse\/2019\/02\/04\/le-manifeste-de-zola-pour-un-journalisme-engage\">Pierre Ancery, RetroNews, \u00abLe manifeste pionnier de Zola en faveur d&#8217;un journalisme engag\u00e9\u00bb<\/a><\/cite><\/blockquote>\n\n\n\n<blockquote class=\"wp-block-quote has-small-font-size is-layout-flow wp-block-quote-is-layout-flow\">\n<p style=\"font-size:16px\">\u00c0 c\u00f4t\u00e9 de l&#8217;\u0153uvre consid\u00e9rable du romancier, dix volumes pleins de s\u00e8ve et de combativit\u00e9 nous rappellent qu&#8217;\u00c9mile Zola fut tour \u00e0 tour, pendant seize ann\u00e9es, chroniqueur, critique d&#8217;art, critique litt\u00e9raire et critique dramatique. Et sans grossi\u00e8ret\u00e9, sans injurier personne, il n&#8217;y allait pas de main morte, je vous prie de le croire. (\u2026) S&#8217;il \u00e9tait entr\u00e9 dans le journalisme pour gagner sa vie, il avait fini par l&#8217;aimer comme une vieille ma\u00eetresse \u00e0 laquelle il demeurait fid\u00e8le et qui l&#8217;assistait, le cas \u00e9ch\u00e9ant. Dans ses campagnes au Figaro, il fit sentir bec et ongles \u00e0 ses adversaires. Mais il les choisissait. Il frappait \u00e0 la t\u00eate et n\u00e9gligeait, dans la pol\u00e9mique, les pieds.<\/p>\n<cite>Le Journal, 16 juin 1924, cit\u00e9 dans <a rel=\"noreferrer noopener\" href=\"https:\/\/www-retronews-fr.libproxy.smith.edu\/histoire-de-la-presse-medias\/echo-de-presse\/2016\/06\/30\/zola-journaliste\" target=\"_blank\">Marina Bellot, RetroNews &#8211; \u00abZola journaliste\u00bb<\/a><\/cite><\/blockquote>\n\n\n\n<p>Voir aussi ces autres sources int\u00e9ressantes :<\/p>\n\n\n\n<ul class=\"wp-block-list\">\n<li><a rel=\"noreferrer noopener\" href=\"https:\/\/gallica.bnf.fr\/blog\/26022018\/zola-et-la-presse?mode=desktop\" data-type=\"link\" data-id=\"https:\/\/gallica.bnf.fr\/blog\/26022018\/zola-et-la-presse?mode=desktop\" target=\"_blank\">Fran\u00e7ois Michel, Blog Gallica &#8211; \u00abZola et la presse\u00bb<\/a><\/li>\n\n\n\n<li><a href=\"https:\/\/www-retronews-fr.libproxy.smith.edu\/histoire-de-la-presse-medias\/echo-de-presse\/2016\/06\/30\/zola-journaliste\" target=\"_blank\" rel=\"noreferrer noopener\">Marina Bellot, RetroNews &#8211; \u00abZola journaliste\u00bb<\/a><\/li>\n<\/ul>\n\n\n<div class=\"wp-block-image\">\n<figure class=\"aligncenter size-large is-resized\"><img decoding=\"async\" src=\"https:\/\/sites.smith.edu\/frn372-sp24\/wp-content\/uploads\/sites\/1018\/2024\/02\/Emile-Zola-Les-Hommes-daujourdhui-Gill-1878-650x1024.jpeg\" alt=\"Dessin montrant \u00c9mile Zola rendant hommage \u00e0 Balzac\" class=\"wp-image-701\" style=\"width:400px\" \/><figcaption class=\"wp-element-caption\">Pour Zola, Balzac incarne la modernit\u00e9 litt\u00e9raire. L\u2019une des plus spirituelles caricatures d\u2019Andr\u00e9 Gill montre \u00c9mile Zola, les Rougon-Macquart sous le bras, rendant hommage \u00e0 son mod\u00e8le tandis que celui-ci r\u00e9pond au salut de son digne h\u00e9ritier. <a href=\"https:\/\/essentiels.bnf.fr\/fr\/image\/87b84040-b4ee-4fed-8ca1-14362d11538d-emile-zola-8\" target=\"_blank\" rel=\"noreferrer noopener\">Source BnF<\/a><\/figcaption><\/figure>\n<\/div>","protected":false},"excerpt":{"rendered":"<p>En 1881, \u00c9mile Zola annonce qu&#8217;il quitte le journalisme dans un article intitul\u00e9 \u00ab&nbsp;Adieux&nbsp;\u00bb. Un texte qui s&#8217;affirme comme une v\u00e9ritable d\u00e9claration d&#8217;ind\u00e9pendance de l&#8217;artiste engag\u00e9, en m\u00eame temps qu&#8217;un plaidoyer en faveur de la presse. Pierre Ancery, RetroNews, \u00abLe manifeste pionnier de Zola en faveur d&#8217;un journalisme engag\u00e9\u00bb \u00c0 c\u00f4t\u00e9 de l&#8217;\u0153uvre consid\u00e9rable du&hellip; <a class=\"more-link\" href=\"https:\/\/sites.smith.edu\/frn372-fa24\/emile-zola-et-la-presse\/\">Continue reading <span class=\"screen-reader-text\">\u00c9mile Zola et la presse<\/span> <span class=\"meta-nav\" aria-hidden=\"true\">&rarr;<\/span><\/a><\/p>\n","protected":false},"author":4992,"featured_media":0,"comment_status":"open","ping_status":"closed","sticky":false,"template":"","format":"standard","meta":{"footnotes":""},"categories":[5,6,10],"tags":[],"class_list":["post-688","post","type-post","status-publish","format-standard","hentry","category-ressources","category-supplements","category-unite3"],"_links":{"self":[{"href":"https:\/\/sites.smith.edu\/frn372-fa24\/wp-json\/wp\/v2\/posts\/688","targetHints":{"allow":["GET"]}}],"collection":[{"href":"https:\/\/sites.smith.edu\/frn372-fa24\/wp-json\/wp\/v2\/posts"}],"about":[{"href":"https:\/\/sites.smith.edu\/frn372-fa24\/wp-json\/wp\/v2\/types\/post"}],"author":[{"embeddable":true,"href":"https:\/\/sites.smith.edu\/frn372-fa24\/wp-json\/wp\/v2\/users\/4992"}],"replies":[{"embeddable":true,"href":"https:\/\/sites.smith.edu\/frn372-fa24\/wp-json\/wp\/v2\/comments?post=688"}],"version-history":[{"count":0,"href":"https:\/\/sites.smith.edu\/frn372-fa24\/wp-json\/wp\/v2\/posts\/688\/revisions"}],"wp:attachment":[{"href":"https:\/\/sites.smith.edu\/frn372-fa24\/wp-json\/wp\/v2\/media?parent=688"}],"wp:term":[{"taxonomy":"category","embeddable":true,"href":"https:\/\/sites.smith.edu\/frn372-fa24\/wp-json\/wp\/v2\/categories?post=688"},{"taxonomy":"post_tag","embeddable":true,"href":"https:\/\/sites.smith.edu\/frn372-fa24\/wp-json\/wp\/v2\/tags?post=688"}],"curies":[{"name":"wp","href":"https:\/\/api.w.org\/{rel}","templated":true}]}}