{"id":789,"date":"2024-01-01T10:05:00","date_gmt":"2024-01-01T15:05:00","guid":{"rendered":"https:\/\/sites.smith.edu\/frn372-sp24\/?p=789"},"modified":"2024-11-30T11:49:51","modified_gmt":"2024-11-30T16:49:51","slug":"les-presentations-orales-sujets-et-dates","status":"publish","type":"post","link":"https:\/\/sites.smith.edu\/frn372-fa24\/les-presentations-orales-sujets-et-dates\/","title":{"rendered":"Les pr\u00e9sentations orales \u2013 sujets et dates"},"content":{"rendered":"\n<p>Vous <strong>pr\u00e9senterez \u00e0 l\u2019oral<\/strong> une des lectures, un groupe de lectures, ou un des th\u00e8mes au programme et en animerez la discussion en classe. <\/p>\n\n\n\n<p>Votre temps de parole sera environ 10-15 minutes, mais votre pr\u00e9sentation durera plus longtemps puisqu&#8217;il y aura des questions, des discussions, des interventions de ma part, etc.<\/p>\n\n\n\n<p>Pour ce faire, il y a beaucoup de <a href=\"https:\/\/sites.smith.edu\/frn372-fa24\/?page_id=239\" data-type=\"page\" data-id=\"239\">ressources<\/a> disponibles (lien \u00e0 des articles, des sources, pour chacun des textes\/auteur\u00b7es). <\/p>\n\n\n\n<p>La semaine pr\u00e9c\u00e9dant votre pr\u00e9sentation, vous devrez <a href=\"https:\/\/calendar.app.google\/PhPz3SNtyejcz9Yp8\" data-type=\"link\" data-id=\"https:\/\/calendar.app.google\/PhPz3SNtyejcz9Yp8\">prendre rendez-vous avec moi<\/a> : vous viendrez \u00e0 la r\u00e9union ayant lu le(s) texte(s) en question et avec une \u00e9bauche des questions que vous poserez \u00e0 la classe.<\/p>\n\n\n\n<p>Au lieu de faire le diaporama habituel, vous <strong>publierez un \u00abpost\u00bb <\/strong>sur WordPress dans la cat\u00e9gorie \u00ab<strong>Pr\u00e9sentations<\/strong>\u00bb. Dans ce post, vous pouvez ajouter des images, des citations, vos questions, quelques phrases pour structurer votre pr\u00e9sentation, etc. Nous projetterons cette publication pendant votre pr\u00e9sentation en classe, alors mettez-y tout ce que vous voulez montrer \u00e0 la classe !<\/p>\n\n\n\n<p>Inscrivez-vous ici pour un sujet et une date (<strong>apr\u00e8s le cours du mercredi 18 septembre<\/strong>) :<\/p>\n\n\n\n<p>Les pr\u00e9sentations orales \u2013 sujets et dates (Google Doc \u2013 lien\u00a0\u00e0 venir)<\/p>\n","protected":false},"excerpt":{"rendered":"<p>Vous pr\u00e9senterez \u00e0 l\u2019oral une des lectures, un groupe de lectures, ou un des th\u00e8mes au programme et en animerez la discussion en classe. Votre temps de parole sera environ 10-15 minutes, mais votre pr\u00e9sentation durera plus longtemps puisqu&#8217;il y aura des questions, des discussions, des interventions de ma part, etc. Pour ce faire, il&hellip; <a class=\"more-link\" href=\"https:\/\/sites.smith.edu\/frn372-fa24\/les-presentations-orales-sujets-et-dates\/\">Continue reading <span class=\"screen-reader-text\">Les pr\u00e9sentations orales \u2013 sujets et dates<\/span> <span class=\"meta-nav\" aria-hidden=\"true\">&rarr;<\/span><\/a><\/p>\n","protected":false},"author":4992,"featured_media":0,"comment_status":"open","ping_status":"closed","sticky":false,"template":"","format":"standard","meta":{"footnotes":""},"categories":[51,3,7],"tags":[],"class_list":["post-789","post","type-post","status-publish","format-standard","hentry","category-presentation","category-programme","category-syllabus"],"_links":{"self":[{"href":"https:\/\/sites.smith.edu\/frn372-fa24\/wp-json\/wp\/v2\/posts\/789","targetHints":{"allow":["GET"]}}],"collection":[{"href":"https:\/\/sites.smith.edu\/frn372-fa24\/wp-json\/wp\/v2\/posts"}],"about":[{"href":"https:\/\/sites.smith.edu\/frn372-fa24\/wp-json\/wp\/v2\/types\/post"}],"author":[{"embeddable":true,"href":"https:\/\/sites.smith.edu\/frn372-fa24\/wp-json\/wp\/v2\/users\/4992"}],"replies":[{"embeddable":true,"href":"https:\/\/sites.smith.edu\/frn372-fa24\/wp-json\/wp\/v2\/comments?post=789"}],"version-history":[{"count":3,"href":"https:\/\/sites.smith.edu\/frn372-fa24\/wp-json\/wp\/v2\/posts\/789\/revisions"}],"predecessor-version":[{"id":2613,"href":"https:\/\/sites.smith.edu\/frn372-fa24\/wp-json\/wp\/v2\/posts\/789\/revisions\/2613"}],"wp:attachment":[{"href":"https:\/\/sites.smith.edu\/frn372-fa24\/wp-json\/wp\/v2\/media?parent=789"}],"wp:term":[{"taxonomy":"category","embeddable":true,"href":"https:\/\/sites.smith.edu\/frn372-fa24\/wp-json\/wp\/v2\/categories?post=789"},{"taxonomy":"post_tag","embeddable":true,"href":"https:\/\/sites.smith.edu\/frn372-fa24\/wp-json\/wp\/v2\/tags?post=789"}],"curies":[{"name":"wp","href":"https:\/\/api.w.org\/{rel}","templated":true}]}}